{"id":3312,"date":"2019-06-09T16:09:46","date_gmt":"2019-06-09T19:09:46","guid":{"rendered":"https:\/\/blogs.correiobraziliense.com.br\/elasnoataque\/?p=3312"},"modified":"2019-07-11T19:00:42","modified_gmt":"2019-07-11T22:00:42","slug":"em-grenoble-brasileiros-apoiam-selecao-na-estreia-da-copa","status":"publish","type":"post","link":"https:\/\/blogs.correiobraziliense.com.br\/elasnoataque\/em-grenoble-brasileiros-apoiam-selecao-na-estreia-da-copa\/","title":{"rendered":"Em Grenoble, brasileiros apoiam Sele\u00e7\u00e3o na estreia da Copa"},"content":{"rendered":"<p><strong>Grenoble (Fran\u00e7a)<\/strong>\u00a0<strong>\u2014\u00a0<\/strong><span class=\"s1\">Do lado de fora do Stade des Alpes, casa do primeiro jogo do Brasil na Copa da Fran\u00e7a, era dif\u00edcil diferenciar torcedores brasileiros e jamaicanos. As cores verde e amarelo presente na bandeira de ambos os pa\u00edses dominaram os arredores do palco do jogo. Apesar dos jamaicanos serem a grande maioria, foi poss\u00edvel encontrar muitos brasileiros. A maior parte deles mora\u00a0na Europa e aproveitou o final de semana e o feriado nacional nesta segunda (11\/6) na Fran\u00e7a para vir a Grenoble assistir a estreia da Sele\u00e7\u00e3o Brasileira na Copa da Fran\u00e7a.<\/span><\/p>\n<p class=\"p1\"><span class=\"s1\">Um grupo de tr\u00eas amigos brasileiros que veio de Lyon (foto acima) para assistir o jogo em Grenoble disse que trouxe sorte para a Sele\u00e7\u00e3o. \u201cSomos p\u00e9 quente. Foi um gol para cada um de n\u00f3s\u201d, brincou Paula Aguiar, que faz mestrado na cidade que vai receber as semifinais e a final da Copa do Mundo. <\/span><\/p>\n<p class=\"p1\"><span class=\"s1\">De Macei\u00f3, capital de Alagoas, a estudante percebeu crescimento da divulga\u00e7\u00e3o do torneio feminino deste ano. \u201cVia um jogo ou outro porque Marta \u00e9 da minha terra. Acho que a divulga\u00e7\u00e3o est\u00e1 ganhando for\u00e7a nos \u00faltimos anos. Vi grupos de meninas l\u00e1 de Macei\u00f3 tentando se juntar para ver a partida, por exemplo\u201d, avalia.<\/span><\/p>\n<p class=\"p1\"><span class=\"s1\">Paula, Renan Siqueira e Lorena Vieira vieram de Lyon de \u00f4nibus, mas n\u00e3o conseguiram ingressos para o jogo. O jeito foi acompanhar a partida da fan zone, montada no Parque Paul Mistral, ao lado do est\u00e1dio que foi palco da partida. Lorena acreditou que o espa\u00e7o estaria mais cheio. &#8220;Achei que a fan zone estaria mais cheia, mas estou gostando&#8221;, disse.<\/span><\/p>\n<h2><strong>Ingressos esgotados<\/strong><\/h2>\n<p class=\"p1\"><span class=\"s1\">Outro grupo de estudantes brasileiros se programou e conseguiu os ingressos, que se esgotaram. O estudante de engenharia el\u00e9trica e morador de Toulouse Marcos Brito se programou desde que sa\u00edram as datas das partidas. \u201cCompramos ingresso assim que come\u00e7ou a vender. Estava muito barato e valia muito a pena. Alugamos um carro e s\u00f3 de Toulouse vieram cinco pessoas\u201d, contou. Marcou pagou\u00a0\u20ac 9 no ingresso.<\/span><\/p>\n<p class=\"p1\" style=\"text-align: left\"><span class=\"s1\">O casal David Gentilucci e Paloma Lane vieram de Genebra de carro para ver o jogo. A brasileira \u00e9 casada com o su\u00ed\u00e7o e disse que os dois costumam ver jogos de futebol feminino. Paloma celebrou a oportunidade de ver a Sele\u00e7\u00e3o perto de casa. \u201c\u00c9 uma hora e meia de carro. Ent\u00e3o viemos s\u00f3 para o jogo\u201d, afirmou.\u00a0<\/span><\/p>\n<div id='gallery-1' class='gallery galleryid-3312 gallery-columns-3 gallery-size-thumbnail'><figure class='gallery-item'>\n\t\t\t<div class='gallery-icon landscape'>\n\t\t\t\t<a href='https:\/\/blogs.correiobraziliense.com.br\/elasnoataque\/em-grenoble-brasileiros-apoiam-selecao-na-estreia-da-copa\/whatsapp-image-2019-06-09-at-15-17-33\/'><img loading=\"lazy\" decoding=\"async\" width=\"150\" height=\"150\" src=\"https:\/\/blogs.correiobraziliense.com.br\/elasnoataque\/wp-content\/uploads\/sites\/36\/2019\/06\/WhatsApp-Image-2019-06-09-at-15.17.33-150x150.jpeg\" class=\"attachment-thumbnail size-thumbnail\" alt=\"\" aria-describedby=\"gallery-1-3320\" \/><\/a>\n\t\t\t<\/div>\n\t\t\t\t<figcaption class='wp-caption-text gallery-caption' id='gallery-1-3320'>\n\t\t\t\tO casal David Gentilucci e Paloma Lane vieram de Genebra\n\t\t\t\t<\/figcaption><\/figure><figure class='gallery-item'>\n\t\t\t<div class='gallery-icon landscape'>\n\t\t\t\t<a href='https:\/\/blogs.correiobraziliense.com.br\/elasnoataque\/em-grenoble-brasileiros-apoiam-selecao-na-estreia-da-copa\/whatsapp-image-2019-06-09-at-15-17-29\/'><img loading=\"lazy\" decoding=\"async\" width=\"150\" height=\"150\" src=\"https:\/\/blogs.correiobraziliense.com.br\/elasnoataque\/wp-content\/uploads\/sites\/36\/2019\/06\/WhatsApp-Image-2019-06-09-at-15.17.29-150x150.jpeg\" class=\"attachment-thumbnail size-thumbnail\" alt=\"\" aria-describedby=\"gallery-1-3318\" \/><\/a>\n\t\t\t<\/div>\n\t\t\t\t<figcaption class='wp-caption-text gallery-caption' id='gallery-1-3318'>\n\t\t\t\tRenan, Lorena e Paula vieram de Lyon de \u00f4nibus\n\t\t\t\t<\/figcaption><\/figure><figure class='gallery-item'>\n\t\t\t<div class='gallery-icon landscape'>\n\t\t\t\t<a href='https:\/\/blogs.correiobraziliense.com.br\/elasnoataque\/em-grenoble-brasileiros-apoiam-selecao-na-estreia-da-copa\/whatsapp-image-2019-06-09-at-15-17-30\/'><img loading=\"lazy\" decoding=\"async\" width=\"150\" height=\"150\" src=\"https:\/\/blogs.correiobraziliense.com.br\/elasnoataque\/wp-content\/uploads\/sites\/36\/2019\/06\/WhatsApp-Image-2019-06-09-at-15.17.30-150x150.jpeg\" class=\"attachment-thumbnail size-thumbnail\" alt=\"\" aria-describedby=\"gallery-1-3319\" \/><\/a>\n\t\t\t<\/div>\n\t\t\t\t<figcaption class='wp-caption-text gallery-caption' id='gallery-1-3319'>\n\t\t\t\tO morador de Toulouse Marcos Brito veio com um grupo de quatro amigos\n\t\t\t\t<\/figcaption><\/figure>\n\t\t<\/div>\n\n<p><strong>Por Maria Eduarda Cardim<\/strong> <strong>\u2014 Enviada especial<\/strong><\/p>\n<p><strong>Patroc\u00ednio: <\/strong>Col\u00e9gio Moraes R\u00eago<strong><br \/>\nApoio: <\/strong>Casa de Viagens e Bancorbr\u00e1s \u2013 Ag\u00eancia de Viagens<\/p>\n","protected":false},"excerpt":{"rendered":"<p>Grenoble (Fran\u00e7a)\u00a0\u2014\u00a0Do lado de fora do Stade des Alpes, casa do primeiro jogo do Brasil na Copa da Fran\u00e7a, era dif\u00edcil diferenciar torcedores brasileiros e jamaicanos. As cores verde e amarelo presente na bandeira de ambos os pa\u00edses dominaram os arredores do palco do jogo. Apesar dos jamaicanos serem a grande maioria, foi poss\u00edvel encontrar muitos brasileiros. A maior parte [&hellip;]<\/p>\n","protected":false},"author":80,"featured_media":4104,"comment_status":"open","ping_status":"open","sticky":false,"template":"","format":"standard","meta":{"footnotes":""},"categories":[25],"tags":[61,524,20,655,652,507],"class_list":["post-3312","post","type-post","status-publish","format-standard","has-post-thumbnail","hentry","category-futebol","tag-brasil","tag-copa-da-franca","tag-copa-do-mundo","tag-grenoble","tag-jamaica","tag-torcida"],"_links":{"self":[{"href":"https:\/\/blogs.correiobraziliense.com.br\/elasnoataque\/wp-json\/wp\/v2\/posts\/3312","targetHints":{"allow":["GET"]}}],"collection":[{"href":"https:\/\/blogs.correiobraziliense.com.br\/elasnoataque\/wp-json\/wp\/v2\/posts"}],"about":[{"href":"https:\/\/blogs.correiobraziliense.com.br\/elasnoataque\/wp-json\/wp\/v2\/types\/post"}],"author":[{"embeddable":true,"href":"https:\/\/blogs.correiobraziliense.com.br\/elasnoataque\/wp-json\/wp\/v2\/users\/80"}],"replies":[{"embeddable":true,"href":"https:\/\/blogs.correiobraziliense.com.br\/elasnoataque\/wp-json\/wp\/v2\/comments?post=3312"}],"version-history":[{"count":13,"href":"https:\/\/blogs.correiobraziliense.com.br\/elasnoataque\/wp-json\/wp\/v2\/posts\/3312\/revisions"}],"predecessor-version":[{"id":4106,"href":"https:\/\/blogs.correiobraziliense.com.br\/elasnoataque\/wp-json\/wp\/v2\/posts\/3312\/revisions\/4106"}],"wp:featuredmedia":[{"embeddable":true,"href":"https:\/\/blogs.correiobraziliense.com.br\/elasnoataque\/wp-json\/wp\/v2\/media\/4104"}],"wp:attachment":[{"href":"https:\/\/blogs.correiobraziliense.com.br\/elasnoataque\/wp-json\/wp\/v2\/media?parent=3312"}],"wp:term":[{"taxonomy":"category","embeddable":true,"href":"https:\/\/blogs.correiobraziliense.com.br\/elasnoataque\/wp-json\/wp\/v2\/categories?post=3312"},{"taxonomy":"post_tag","embeddable":true,"href":"https:\/\/blogs.correiobraziliense.com.br\/elasnoataque\/wp-json\/wp\/v2\/tags?post=3312"}],"curies":[{"name":"wp","href":"https:\/\/api.w.org\/{rel}","templated":true}]}}