{"id":3260,"date":"2019-06-07T18:31:27","date_gmt":"2019-06-07T21:31:27","guid":{"rendered":"https:\/\/blogs.correiobraziliense.com.br\/elasnoataque\/?p=3260"},"modified":"2019-07-11T20:03:11","modified_gmt":"2019-07-11T23:03:11","slug":"guia-copa-da-franca-conheca-o-grupo-c-da-selecao-brasileira","status":"publish","type":"post","link":"https:\/\/blogs.correiobraziliense.com.br\/elasnoataque\/guia-copa-da-franca-conheca-o-grupo-c-da-selecao-brasileira\/","title":{"rendered":"Guia Copa da Fran\u00e7a: conhe\u00e7a o Grupo C, do Brasil e da estreante Jamaica"},"content":{"rendered":"<p>Vai come\u00e7ar a oitava edi\u00e7\u00e3o da Copa do Mundo. De 7 de junho a 7 de julho, 24 sele\u00e7\u00f5es v\u00e3o em busca de conquistar o t\u00edtulo na Fran\u00e7a. Por isso, o <strong>Elas no Ataque<\/strong> produziu um guia sobre os pa\u00edses que v\u00e3o disputar o mundial. A cada dia, ser\u00e1 publicado uma das seis chaves da competi\u00e7\u00e3o. Conhe\u00e7a o Grupo C.<\/p>\n<h2>Brasil<\/h2>\n<p><img loading=\"lazy\" decoding=\"async\" class=\"aligncenter wp-image-3265\" src=\"https:\/\/blogs.correiobraziliense.com.br\/elasnoataque\/wp-content\/uploads\/sites\/36\/2019\/06\/brasil.jpg\" alt=\"\" width=\"1225\" height=\"536\" srcset=\"https:\/\/blogs.correiobraziliense.com.br\/elasnoataque\/wp-content\/uploads\/sites\/36\/2019\/06\/brasil.jpg 1440w, https:\/\/blogs.correiobraziliense.com.br\/elasnoataque\/wp-content\/uploads\/sites\/36\/2019\/06\/brasil-300x131.jpg 300w, https:\/\/blogs.correiobraziliense.com.br\/elasnoataque\/wp-content\/uploads\/sites\/36\/2019\/06\/brasil-768x336.jpg 768w, https:\/\/blogs.correiobraziliense.com.br\/elasnoataque\/wp-content\/uploads\/sites\/36\/2019\/06\/brasil-1024x448.jpg 1024w, https:\/\/blogs.correiobraziliense.com.br\/elasnoataque\/wp-content\/uploads\/sites\/36\/2019\/06\/brasil-550x241.jpg 550w, https:\/\/blogs.correiobraziliense.com.br\/elasnoataque\/wp-content\/uploads\/sites\/36\/2019\/06\/brasil-230x101.jpg 230w\" sizes=\"auto, (max-width: 1225px) 100vw, 1225px\" \/><\/p>\n<p>Poucos pa\u00edses tiveram o privil\u00e9gio de participar de todas as copas do mundo de futebol feminino e o Brasil \u00e9 um deles. Nas duas primeiras edi\u00e7\u00f5es as brasileiras ficaram na primeira fase, mas em 1999, na Copa do EUA, a equipe canarinho conseguiu um terceiro lugar, mostrando o grande avan\u00e7o do pa\u00eds. A Sele\u00e7\u00e3o Feminina \u00e9 sin\u00f4nimo de resist\u00eancia, perante ao descaso que a modalidade teve por anos. O futebol feminino chegou a ser proibido no pa\u00eds at\u00e9 1979 e s\u00f3 foi regulamentada em 1983, quando a Sele\u00e7\u00e3o Masculina j\u00e1 era tricampe\u00e3 mundial.<\/p>\n<p>Em 2007 a sele\u00e7\u00e3o feminina conseguiu seus maiores feitos: foi campe\u00e3 Pan-americana em casa, e conseguiu sua melhor coloca\u00e7\u00e3o em Copa do Mundo, com o vice-campeonato conquistado na China. Na final a sele\u00e7\u00e3o perdeu para a Alemanha.<\/p>\n<p>&nbsp;<\/p>\n<p><img loading=\"lazy\" decoding=\"async\" class=\"aligncenter wp-image-3264\" src=\"https:\/\/blogs.correiobraziliense.com.br\/elasnoataque\/wp-content\/uploads\/sites\/36\/2019\/06\/mmmm-10.jpg\" alt=\"\" width=\"1221\" height=\"686\" srcset=\"https:\/\/blogs.correiobraziliense.com.br\/elasnoataque\/wp-content\/uploads\/sites\/36\/2019\/06\/mmmm-10.jpg 1440w, https:\/\/blogs.correiobraziliense.com.br\/elasnoataque\/wp-content\/uploads\/sites\/36\/2019\/06\/mmmm-10-300x169.jpg 300w, https:\/\/blogs.correiobraziliense.com.br\/elasnoataque\/wp-content\/uploads\/sites\/36\/2019\/06\/mmmm-10-768x432.jpg 768w, https:\/\/blogs.correiobraziliense.com.br\/elasnoataque\/wp-content\/uploads\/sites\/36\/2019\/06\/mmmm-10-1024x576.jpg 1024w, https:\/\/blogs.correiobraziliense.com.br\/elasnoataque\/wp-content\/uploads\/sites\/36\/2019\/06\/mmmm-10-550x309.jpg 550w, https:\/\/blogs.correiobraziliense.com.br\/elasnoataque\/wp-content\/uploads\/sites\/36\/2019\/06\/mmmm-10-230x129.jpg 230w\" sizes=\"auto, (max-width: 1221px) 100vw, 1221px\" \/><\/p>\n<p>&nbsp;<\/p>\n<p><strong>Melhor campanha:<\/strong> final (2007)<br \/>\n<strong>Participa\u00e7\u00f5es em Copa:<\/strong> 7 (1991,1999, 1995, 2003, 2007, 2011, 2015)<br \/>\n<strong>Ranking da Fifa:<\/strong> 10\u00aa posi\u00e7\u00e3o<\/p>\n<p><strong>Passaporte para a Fran\u00e7a<\/strong><\/p>\n<p>Para carimbar o passaporte para sua oitava Copa do Mundo, a sele\u00e7\u00e3o disputou a Copa Am\u00e9rica Feminina em 2018. A equipe treinada por Vad\u00e3o, venceu todas as sete partidas e marcou 31 gols, sofrendo apenas um, terminando a competi\u00e7\u00e3o com o t\u00edtulo e com uma m\u00e9dia de 4,42 gols por jogo. A artilheira da competi\u00e7\u00e3o foi Beatriz, que balan\u00e7ou as redes seis vezes.<\/p>\n<p>Apesar da bela campanha para conseguir a vaga na Copa da Fran\u00e7a, a Sele\u00e7\u00e3o Brasileira chega na competi\u00e7\u00e3o acumulando nove derrotas seguidas em amistosos de prepara\u00e7\u00e3o.<\/p>\n<p><img loading=\"lazy\" decoding=\"async\" class=\"aligncenter wp-image-3279\" src=\"https:\/\/blogs.correiobraziliense.com.br\/elasnoataque\/wp-content\/uploads\/sites\/36\/2019\/06\/marta-1.jpg\" alt=\"\" width=\"466\" height=\"586\" srcset=\"https:\/\/blogs.correiobraziliense.com.br\/elasnoataque\/wp-content\/uploads\/sites\/36\/2019\/06\/marta-1.jpg 840w, https:\/\/blogs.correiobraziliense.com.br\/elasnoataque\/wp-content\/uploads\/sites\/36\/2019\/06\/marta-1-238x300.jpg 238w, https:\/\/blogs.correiobraziliense.com.br\/elasnoataque\/wp-content\/uploads\/sites\/36\/2019\/06\/marta-1-768x967.jpg 768w, https:\/\/blogs.correiobraziliense.com.br\/elasnoataque\/wp-content\/uploads\/sites\/36\/2019\/06\/marta-1-813x1024.jpg 813w, https:\/\/blogs.correiobraziliense.com.br\/elasnoataque\/wp-content\/uploads\/sites\/36\/2019\/06\/marta-1-550x693.jpg 550w, https:\/\/blogs.correiobraziliense.com.br\/elasnoataque\/wp-content\/uploads\/sites\/36\/2019\/06\/marta-1-230x290.jpg 230w\" sizes=\"auto, (max-width: 466px) 100vw, 466px\" \/><\/p>\n<p><b>Essa mina sou eu<\/b><\/p>\n<p>A grande estrela da sele\u00e7\u00e3o brasileira \u00e9 tamb\u00e9m a maior estrela do futebol feminino mundial. A atacante Marta, 33 anos, foi eleita seis vezes a melhor jogadora de futebol da modalidade, sendo que cinco vezes de maneira consecutiva. A alagoana est\u00e1 indo para sua quinta Copa do Mundo, ela estreou em 2003 com apenas 17 anos, e tamb\u00e9m estava na sele\u00e7\u00e3o que foi vice-campe\u00e3 em 2007.<\/p>\n<p>Camisa 10 e capit\u00e3 da sele\u00e7\u00e3o canarinho, Marta \u00e9 a maior artilheira da hist\u00f3ria da Copa feminina de futebol, com 15 gols. Em 2015 ela tamb\u00e9m se tornou a maior artilheira da sele\u00e7\u00e3o brasileira, quando ultrapassou Pel\u00e9.<\/p>\n<p>Jogadora criativa, veloz,\u00a0 que dribla, faz \u2018\u2019passes chaves\u2019\u2019 e tem a capacidade de acelerar as jogadas com apenas um toque na bola.<\/p>\n<p><img loading=\"lazy\" decoding=\"async\" class=\"aligncenter size-full wp-image-3266\" src=\"https:\/\/blogs.correiobraziliense.com.br\/elasnoataque\/wp-content\/uploads\/sites\/36\/2019\/06\/vad\u00e3o.jpeg\" alt=\"\" width=\"910\" height=\"455\" srcset=\"https:\/\/blogs.correiobraziliense.com.br\/elasnoataque\/wp-content\/uploads\/sites\/36\/2019\/06\/vad\u00e3o.jpeg 910w, https:\/\/blogs.correiobraziliense.com.br\/elasnoataque\/wp-content\/uploads\/sites\/36\/2019\/06\/vad\u00e3o-300x150.jpeg 300w, https:\/\/blogs.correiobraziliense.com.br\/elasnoataque\/wp-content\/uploads\/sites\/36\/2019\/06\/vad\u00e3o-768x384.jpeg 768w, https:\/\/blogs.correiobraziliense.com.br\/elasnoataque\/wp-content\/uploads\/sites\/36\/2019\/06\/vad\u00e3o-550x275.jpeg 550w, https:\/\/blogs.correiobraziliense.com.br\/elasnoataque\/wp-content\/uploads\/sites\/36\/2019\/06\/vad\u00e3o-230x115.jpeg 230w\" sizes=\"auto, (max-width: 910px) 100vw, 910px\" \/><\/p>\n<p><strong>Dono da Prancheta<\/strong><\/p>\n<p>Oswaldo Alvarez, o Vad\u00e3o, 62 anos, tem 30 anos de carreira como treinador. Ele est\u00e1 na sua segunda passagem pela Sele\u00e7\u00e3o Feminina. A primeira foi de 2014 a 2016, quando estreou no comando de uma equipe feminina. Nesses primeiros anos, ele conquistou com a sele\u00e7\u00e3o sua primeira Copa Am\u00e9rica e venceu os jogos Pan-Americano. Na Copa de 2015, caiu na oitavas de final. Vad\u00e3o saiu logo ap\u00f3s a disputa das Olimp\u00edadas do Rio, em 2016, e regressou ao comando em setembro de 2017, conquistando outra Copa Am\u00e9rica. A Fran\u00e7a 2019, ser\u00e1 sua segunda copa. No entanto,\u00a0 a falta de padr\u00e3o t\u00e1tico e o retrospecto do comandante no cargo preocupa. Nos \u00faltimos 10 jogos,\u00a0 foram 9 derrotas da sele\u00e7\u00e3o brasileira.<\/p>\n<p><strong>Elenco completo<\/strong><\/p>\n<p><strong>Goleiras<\/strong>: 1-BARBARA, A.E. Kindermann (BRA), 12-ALINE REIS, UDG Tenerife (ESP), 22-LETICIA, SC Corinthians (BRA)<br \/>\n<strong>Defensoras:<\/strong> 2-POLIANA, S\u00e3o Jos\u00e9 EC (BRA), 3-DAIANE,Paris Saint-Germain FC (FRA), 4-TAYLA, SL Benfica (POR) , 6-TAMIRES, Fortuna Hjorring (DEN), 13-L SANTOS, SC Sand (GER), 14-KATHELLEN, Girondins Bordeaux (FRA), 21-M\u00d4NICA, SC Corinthians (BRA)<br \/>\n<strong>Meio Campistas:<\/strong> 5-THAISA, AC Milan (ITA), 7-ANDRESSA, FC Barcelona (ESP), 8-FORMIGA, Paris Saint-Germain FC (FRA), 15-CAMILA, Orlando Pride (USA), 17-ANDRESSINHA, EC Iranduba (BRA), 18-LUANA, Jeonbuk KSPO WFC (KOR)<br \/>\n<strong>Atacantes:<\/strong> 9-DEBINHA, NC Courage (USA), 10-MARTA, Orlando Pride (USA), 11-CRISTIANE, Sao Paulo FC (BRA), 16-BEATRIZ, Hyundai Steel Red Angels (KOR), 19-LUDMILA, Atl\u00e9tico Madrid (ESP), 20- RAQUEL, Sporting Huelva (ESP), 23-GEYSE, SL Benfica (POR)<\/p>\n<p><strong>Jogos da fase de grupos<\/strong><br \/>\n9 de Junho: Brasil x Jamaica (10h30; Stade des Alpes, Grenoble)<br \/>\n13 de Junho: Austr\u00e1lia x Brasil (13h;Stade de la Mosson, Montpellier)<br \/>\n18 de Junho: It\u00e1lia x Brasil (16h; Stade du Hainaut, Grenoble)<\/p>\n<h2>Austr\u00e1lia<\/h2>\n<p><img loading=\"lazy\" decoding=\"async\" class=\"aligncenter size-full wp-image-3267\" src=\"https:\/\/blogs.correiobraziliense.com.br\/elasnoataque\/wp-content\/uploads\/sites\/36\/2019\/06\/astu.jpg\" alt=\"\" width=\"1440\" height=\"630\" srcset=\"https:\/\/blogs.correiobraziliense.com.br\/elasnoataque\/wp-content\/uploads\/sites\/36\/2019\/06\/astu.jpg 1440w, https:\/\/blogs.correiobraziliense.com.br\/elasnoataque\/wp-content\/uploads\/sites\/36\/2019\/06\/astu-300x131.jpg 300w, https:\/\/blogs.correiobraziliense.com.br\/elasnoataque\/wp-content\/uploads\/sites\/36\/2019\/06\/astu-768x336.jpg 768w, https:\/\/blogs.correiobraziliense.com.br\/elasnoataque\/wp-content\/uploads\/sites\/36\/2019\/06\/astu-1024x448.jpg 1024w, https:\/\/blogs.correiobraziliense.com.br\/elasnoataque\/wp-content\/uploads\/sites\/36\/2019\/06\/astu-550x241.jpg 550w, https:\/\/blogs.correiobraziliense.com.br\/elasnoataque\/wp-content\/uploads\/sites\/36\/2019\/06\/astu-230x101.jpg 230w\" sizes=\"auto, (max-width: 1440px) 100vw, 1440px\" \/><\/p>\n<p>A sele\u00e7\u00e3o australiana participou de todas as edi\u00e7\u00f5es da Copa do Mundo de Futebol feminino e vem fazendo progressos interessantes. Em 2015, foi a respons\u00e1vel por eliminar o Brasil nas oitavas de final da competi\u00e7\u00e3o e conseguiu assim sua primeira vit\u00f3ria em fase eliminat\u00f3ria. Enquanto fazia parte da Confedera\u00e7\u00e3o de Futebol da Oceania, ela foi tricampe\u00e3 da Copa Feminina das Na\u00e7\u00f5es da OFC. Desde 2006, a Austr\u00e1lia \u00e9 filiada a Confedera\u00e7\u00e3o Asi\u00e1tica de Futebol, em 2010 venceu a Copa da \u00c1sia de Futebol Feminino. O pa\u00eds \u00e9 candidato a sede para o mundial de 2023 e come\u00e7ou um programa de forma\u00e7\u00e3o para novas Matildas, maneira como as jogadoras s\u00e3o chamadas.<\/p>\n<p>&nbsp;<\/p>\n<p><img loading=\"lazy\" decoding=\"async\" class=\"aligncenter wp-image-3269\" src=\"https:\/\/blogs.correiobraziliense.com.br\/elasnoataque\/wp-content\/uploads\/sites\/36\/2019\/06\/uatshvj.jpg\" alt=\"\" width=\"1140\" height=\"641\" srcset=\"https:\/\/blogs.correiobraziliense.com.br\/elasnoataque\/wp-content\/uploads\/sites\/36\/2019\/06\/uatshvj.jpg 1440w, https:\/\/blogs.correiobraziliense.com.br\/elasnoataque\/wp-content\/uploads\/sites\/36\/2019\/06\/uatshvj-300x169.jpg 300w, https:\/\/blogs.correiobraziliense.com.br\/elasnoataque\/wp-content\/uploads\/sites\/36\/2019\/06\/uatshvj-768x432.jpg 768w, https:\/\/blogs.correiobraziliense.com.br\/elasnoataque\/wp-content\/uploads\/sites\/36\/2019\/06\/uatshvj-1024x576.jpg 1024w, https:\/\/blogs.correiobraziliense.com.br\/elasnoataque\/wp-content\/uploads\/sites\/36\/2019\/06\/uatshvj-550x309.jpg 550w, https:\/\/blogs.correiobraziliense.com.br\/elasnoataque\/wp-content\/uploads\/sites\/36\/2019\/06\/uatshvj-230x129.jpg 230w\" sizes=\"auto, (max-width: 1140px) 100vw, 1140px\" \/><\/p>\n<p>&nbsp;<\/p>\n<p><strong>Melhor campanha:<\/strong> quartas de final (2007, 2011, 2015)<br \/>\n<strong>Participa\u00e7\u00f5es em Copa:<\/strong> 6 (1995,1999, 2003, 2007, 2011, 2015)<br \/>\n<strong>Ranking da Fifa:<\/strong> 6\u00aa posi\u00e7\u00e3o<\/p>\n<p><strong>Passaporte para a Fran\u00e7a<\/strong><\/p>\n<p>O futebol feminino australiano chega em solo franc\u00eas com grandes pretens\u00f5es. A equipe perdeu apenas uma vez em 19 jogos durante um per\u00edodo de 12 meses, come\u00e7ando em mar\u00e7o de 2017. Esta ser\u00e1 sua oitava participa\u00e7\u00e3o em Copa do Mundo e as Matildas buscam chegar al\u00e9m das quartas de final, conseguida no Canad\u00e1, em 2015. Na disputa da Copa da \u00c1sia de Futebol Feminino para conseguir a vaga para a Copa, a equipe passou por performances de destaque, como na vit\u00f3ria de 8 x 0 contra o Vietn\u00e3, e de momentos de sufoco, como na semifinal contra a Tail\u00e2ndia, que elas venceram nos p\u00eanaltis. Na final elas acabaram perdendo para o Jap\u00e3o e ficando com o vice-campeonato pela terceira vez em cinco torneios.<\/p>\n<p><img loading=\"lazy\" decoding=\"async\" class=\"aligncenter wp-image-3280\" src=\"https:\/\/blogs.correiobraziliense.com.br\/elasnoataque\/wp-content\/uploads\/sites\/36\/2019\/06\/sam.jpg\" alt=\"\" width=\"524\" height=\"623\" srcset=\"https:\/\/blogs.correiobraziliense.com.br\/elasnoataque\/wp-content\/uploads\/sites\/36\/2019\/06\/sam.jpg 888w, https:\/\/blogs.correiobraziliense.com.br\/elasnoataque\/wp-content\/uploads\/sites\/36\/2019\/06\/sam-252x300.jpg 252w, https:\/\/blogs.correiobraziliense.com.br\/elasnoataque\/wp-content\/uploads\/sites\/36\/2019\/06\/sam-768x915.jpg 768w, https:\/\/blogs.correiobraziliense.com.br\/elasnoataque\/wp-content\/uploads\/sites\/36\/2019\/06\/sam-550x655.jpg 550w, https:\/\/blogs.correiobraziliense.com.br\/elasnoataque\/wp-content\/uploads\/sites\/36\/2019\/06\/sam-230x274.jpg 230w\" sizes=\"auto, (max-width: 524px) 100vw, 524px\" \/><\/p>\n<p><strong>Essa mina sou eu<\/strong><\/p>\n<p>Sam Kerr, 25 anos, \u00e9 a grande jogadora da Austr\u00e1lia. Apesar de muito jovem a emblem\u00e1tica jogadora j\u00e1 \u00e9 inspira\u00e7\u00e3o para muitas australianas que se interessam pelo futebol. Em 2018 ela ficou em quinto lugar na Bola de Ouro feminina. Atualmente a atacante defende a equipe de Chicago Red Stars e \u00e9 a maior artilheira da NWSL, liga americana de futebol feminino, e da W-League, a liga australiana.<\/p>\n<p>&nbsp;<\/p>\n<p><img loading=\"lazy\" decoding=\"async\" class=\"aligncenter wp-image-3270\" src=\"https:\/\/blogs.correiobraziliense.com.br\/elasnoataque\/wp-content\/uploads\/sites\/36\/2019\/06\/t\u00e9cnico-aust.jpg\" alt=\"\" width=\"1124\" height=\"631\" srcset=\"https:\/\/blogs.correiobraziliense.com.br\/elasnoataque\/wp-content\/uploads\/sites\/36\/2019\/06\/t\u00e9cnico-aust.jpg 1440w, https:\/\/blogs.correiobraziliense.com.br\/elasnoataque\/wp-content\/uploads\/sites\/36\/2019\/06\/t\u00e9cnico-aust-300x169.jpg 300w, https:\/\/blogs.correiobraziliense.com.br\/elasnoataque\/wp-content\/uploads\/sites\/36\/2019\/06\/t\u00e9cnico-aust-768x432.jpg 768w, https:\/\/blogs.correiobraziliense.com.br\/elasnoataque\/wp-content\/uploads\/sites\/36\/2019\/06\/t\u00e9cnico-aust-1024x576.jpg 1024w, https:\/\/blogs.correiobraziliense.com.br\/elasnoataque\/wp-content\/uploads\/sites\/36\/2019\/06\/t\u00e9cnico-aust-550x309.jpg 550w, https:\/\/blogs.correiobraziliense.com.br\/elasnoataque\/wp-content\/uploads\/sites\/36\/2019\/06\/t\u00e9cnico-aust-230x129.jpg 230w\" sizes=\"auto, (max-width: 1124px) 100vw, 1124px\" \/><\/p>\n<p><strong>Dono da Prancheta<\/strong><\/p>\n<p>O comandante das Matildas \u00e9 o experiente Alen Stajcic, 45 anos, que est\u00e1 a frente da equipe desde 2014. Atualmente ele \u00e9 o \u00fanico t\u00e9cnico nascido na Austr\u00e1lia que conseguiu vencer uma partida em uma Copa do Mundo da FIFA. Em 2016, conseguiu classificar a sele\u00e7\u00e3o feminina australiana para os Jogos Ol\u00edmpicos pela primeira vez em 12 anos. Sob a tutela de Stajcic, a Austr\u00e1lia teve uma evolu\u00e7\u00e3o consider\u00e1vel, ocupando atualmente o 6\u00ba lugar no ranking da FIFA.<\/p>\n<p><strong>Elenco completo<\/strong><\/p>\n<p><strong>Goleiras:<\/strong> 1-WILLIAMS, Reign FC (USA), 12-MICAH, UCLA (USA), 18-ARNOLD, Brisbane Roar (AUS)<br \/>\n<strong>Defensoras:<\/strong> 2-SIMON, Newcastle United Jets FC (AUS), 4-POLKINGHORNE, Houston Dash (USA), 5-ROESTABAKKEN, Canberra United (AUS), 7-CATLEY, Reign FC (USA), 14-KENNEDY, Orlando Pride (USA), 21-CARPENTER, Portland Thorns FC (USA), 23-ALLEN, Melbourne Victory (AUS)<br \/>\n<strong>Meio Campistas:<\/strong> 3-LUIK, Levante UD (ESP), 6-LOGARZO, Washington Spirit (USA), 8-KELLOND-KNIGHT, Reign FC (USA), 10-VAN EGMOND, Orlando Pride (USA), 13-YALLOP, Klepp IL (NOR), 19-GORRY, Brisbane Roar (AUS), 22-HARRISON, Sydney FC (AUS)<br \/>\n<strong>Atacantes:<\/strong> 11-DE VANNA, Sydney FC (AUS), 9-FOORD, Portland Thorns FC (USA), 15-GIELNIK, Melbourne Victory (AUS), 16-RASO, Portland Thorns FC (USA), 17-FOWLER, Bankstown City Lions (AUS),20- KERR, Chicago Red Stars (USA)<\/p>\n<p><strong>Jogos da fase de grupos<\/strong><br \/>\n9 de Junho: Austr\u00e1lia x It\u00e1lia (8h; Stade du Hainaut, Grenoble)<br \/>\n13 de Junho: Austr\u00e1lia x Brasil (13h;Stade de la Mosson, Montpellier)<br \/>\n18 de Junho: Jamaica x Austr\u00e1lia (13h; Stade des Alpes, Grenoble)<\/p>\n<h2>It\u00e1lia<\/h2>\n<p><img loading=\"lazy\" decoding=\"async\" class=\"aligncenter size-full wp-image-3271\" src=\"https:\/\/blogs.correiobraziliense.com.br\/elasnoataque\/wp-content\/uploads\/sites\/36\/2019\/06\/wazotapyz36fq66gsvsq.jpg\" alt=\"\" width=\"1440\" height=\"810\" srcset=\"https:\/\/blogs.correiobraziliense.com.br\/elasnoataque\/wp-content\/uploads\/sites\/36\/2019\/06\/wazotapyz36fq66gsvsq.jpg 1440w, https:\/\/blogs.correiobraziliense.com.br\/elasnoataque\/wp-content\/uploads\/sites\/36\/2019\/06\/wazotapyz36fq66gsvsq-300x169.jpg 300w, https:\/\/blogs.correiobraziliense.com.br\/elasnoataque\/wp-content\/uploads\/sites\/36\/2019\/06\/wazotapyz36fq66gsvsq-768x432.jpg 768w, https:\/\/blogs.correiobraziliense.com.br\/elasnoataque\/wp-content\/uploads\/sites\/36\/2019\/06\/wazotapyz36fq66gsvsq-1024x576.jpg 1024w, https:\/\/blogs.correiobraziliense.com.br\/elasnoataque\/wp-content\/uploads\/sites\/36\/2019\/06\/wazotapyz36fq66gsvsq-550x309.jpg 550w, https:\/\/blogs.correiobraziliense.com.br\/elasnoataque\/wp-content\/uploads\/sites\/36\/2019\/06\/wazotapyz36fq66gsvsq-230x129.jpg 230w\" sizes=\"auto, (max-width: 1440px) 100vw, 1440px\" \/><\/p>\n<p>&nbsp;<\/p>\n<p>A sele\u00e7\u00e3o Italiana est\u00e1 de volta a Copa do Mundo Feminina depois de 20 anos. Em solo franc\u00eas a Azzurra ir\u00e1 apenas para sua terceira participa\u00e7\u00e3o. Sua melhor exibi\u00e7\u00e3o aconteceu na edi\u00e7\u00e3o inaugural do torneio, em 1991, quando conseguiu chegar nas quartas de final. Em 1999, caiu na primeira fase, ficando em terceiro em um grupo que tinha a Sele\u00e7\u00e3o Brasileira. Na ocasi\u00e3o elas perderam para o Brasil, arrancaram um empate com a Alemanha e venceram o M\u00e9xico.<\/p>\n<p><strong>Melhor campanha<\/strong>: quartas de final (1991)<br \/>\n<strong>Participa\u00e7\u00f5es em Copa:<\/strong> 2 (1991,1999)<br \/>\n<strong>Ranking da Fifa:<\/strong> 15\u00aa posi\u00e7\u00e3o<\/p>\n<p><strong>Passaporte para a Fran\u00e7a<\/strong><\/p>\n<p>As italianas carimbaram seu passaporte para Fran\u00e7a com um jogo de anteced\u00eancia, depois de uma bela campanha nas Eliminat\u00f3rias europ\u00e9ias. Elas conseguiram uma sequ\u00eancia de sete vit\u00f3rias, com 18 gols marcados e apenas dois sofridos. A It\u00e1lia estava no Grupo 6, com: B\u00e9lgica, Portugal, Rom\u00eania e Mold\u00e1via. A segunda colocada do grupo foi a B\u00e9lgica.<\/p>\n<p><img loading=\"lazy\" decoding=\"async\" class=\"aligncenter wp-image-3282\" src=\"https:\/\/blogs.correiobraziliense.com.br\/elasnoataque\/wp-content\/uploads\/sites\/36\/2019\/06\/barbara.jpg\" alt=\"\" width=\"532\" height=\"646\" srcset=\"https:\/\/blogs.correiobraziliense.com.br\/elasnoataque\/wp-content\/uploads\/sites\/36\/2019\/06\/barbara.jpg 873w, https:\/\/blogs.correiobraziliense.com.br\/elasnoataque\/wp-content\/uploads\/sites\/36\/2019\/06\/barbara-248x300.jpg 248w, https:\/\/blogs.correiobraziliense.com.br\/elasnoataque\/wp-content\/uploads\/sites\/36\/2019\/06\/barbara-768x931.jpg 768w, https:\/\/blogs.correiobraziliense.com.br\/elasnoataque\/wp-content\/uploads\/sites\/36\/2019\/06\/barbara-845x1024.jpg 845w, https:\/\/blogs.correiobraziliense.com.br\/elasnoataque\/wp-content\/uploads\/sites\/36\/2019\/06\/barbara-550x667.jpg 550w, https:\/\/blogs.correiobraziliense.com.br\/elasnoataque\/wp-content\/uploads\/sites\/36\/2019\/06\/barbara-230x279.jpg 230w\" sizes=\"auto, (max-width: 532px) 100vw, 532px\" \/><\/p>\n<p><strong>Essa mina sou eu<\/strong><\/p>\n<p>Barbara Bonansea, 27, anos, pode jogar como atacante e meio-campista. Ela j\u00e1 defendeu o Torino, Brescia e, desde 2017, veste as cores da Juventus. A atleta foi uma dos grandes destaques da It\u00e1lia na corrida para chegar na Fran\u00e7a 2019. Ela tem 48 jogos pela Azzurra e j\u00e1 balan\u00e7ou as redes 17 vezes.<\/p>\n<p><img loading=\"lazy\" decoding=\"async\" class=\"aligncenter wp-image-3272\" src=\"https:\/\/blogs.correiobraziliense.com.br\/elasnoataque\/wp-content\/uploads\/sites\/36\/2019\/06\/wcqbgn6raor3oqgduh1q.jpg\" alt=\"\" width=\"1310\" height=\"737\" srcset=\"https:\/\/blogs.correiobraziliense.com.br\/elasnoataque\/wp-content\/uploads\/sites\/36\/2019\/06\/wcqbgn6raor3oqgduh1q.jpg 1440w, https:\/\/blogs.correiobraziliense.com.br\/elasnoataque\/wp-content\/uploads\/sites\/36\/2019\/06\/wcqbgn6raor3oqgduh1q-300x169.jpg 300w, https:\/\/blogs.correiobraziliense.com.br\/elasnoataque\/wp-content\/uploads\/sites\/36\/2019\/06\/wcqbgn6raor3oqgduh1q-768x432.jpg 768w, https:\/\/blogs.correiobraziliense.com.br\/elasnoataque\/wp-content\/uploads\/sites\/36\/2019\/06\/wcqbgn6raor3oqgduh1q-1024x576.jpg 1024w, https:\/\/blogs.correiobraziliense.com.br\/elasnoataque\/wp-content\/uploads\/sites\/36\/2019\/06\/wcqbgn6raor3oqgduh1q-550x309.jpg 550w, https:\/\/blogs.correiobraziliense.com.br\/elasnoataque\/wp-content\/uploads\/sites\/36\/2019\/06\/wcqbgn6raor3oqgduh1q-230x129.jpg 230w\" sizes=\"auto, (max-width: 1310px) 100vw, 1310px\" \/><\/p>\n<p><strong>Dona da Prancheta<\/strong><\/p>\n<p>A It\u00e1lia est\u00e1 sob o comando da ex-zagueira Milena Bertolini, 52 anos. Como jogadora, ela passou 15 temporadas disputando a primeira divis\u00e3o italiana. Bertolini \u00e9 uma das duas mulheres a ter licen\u00e7a para treinar equipes masculinas da Serie A da It\u00e1lia, a certifica\u00e7\u00e3o foi adquirida em 2010. Ela assumiu a Azzurra em 2017 e conseguiu classificar a equipe para a Copa do Mundo, depois de 20 anos.<\/p>\n<p><strong>Elenco completo<\/strong><\/p>\n<p><strong>Goleiras:<\/strong> 1-GIULIANI, Juventus FC (ITA) , 12-MARCHITELLI, CF Florentia (ITA), 22-PIPITONE, AS Roma (ITA)<br \/>\n<strong>Defensoras:<\/strong> 3-GAMA, Juventus FC (ITA), 5-LINARI, Atl\u00e9tico Madrid (ESP), 7-GUAGNI, ACF Fiorentina (ITA), 13-BARTOLI, AS Roma (ITA), 16-FUSETTI, AC Milan (ITA), 17-BOATTIN, Juventus FC (ITA), 20- TUCCERI, AC Milan (ITA)<br \/>\n<strong>Meio Campistas:<\/strong> 2-BERGAMASCHI, AC Milan (ITA), 4-GALLI, Juventus FC (ITA), 6-ROSUCCI, Juventus FC (ITA), 8-PARISI, Fiorentina (ITA), 11-BONANSEA, Juventus FC (ITA), 15-SERTURINI, AS Roma (ITA), 21-CERNOIA, Juventus FC (ITA) , 23-GIUGLIANO, AC Milan (ITA)<br \/>\n<strong>Atacantes:<\/strong> 9-SABATINO, AC Milan (ITA) , 10- GIRELLI, Juventus FC (ITA), 14-TARENZI, Chievo (ITA), 18-MAURO, ACF Fiorentina (ITA),19-GIACINTI, AC Milan (ITA)<\/p>\n<p><strong>Jogos da fase de grupos<\/strong><br \/>\n9 de Junho: Austr\u00e1lia x It\u00e1lia (8h; Stade du Hainaut, Grenoble)<br \/>\n14 de Junho: Jamaica x It\u00e1lia (13h;Stade Auguste-Delune,Reims )<br \/>\n18 de Junho: It\u00e1liax Brasil (16h; Stade du Hainaut, Grenoble)<\/p>\n<h2>Jamaica<\/h2>\n<p><img loading=\"lazy\" decoding=\"async\" class=\"aligncenter size-full wp-image-3273\" src=\"https:\/\/blogs.correiobraziliense.com.br\/elasnoataque\/wp-content\/uploads\/sites\/36\/2019\/06\/JAMAICA.jpg\" alt=\"\" width=\"1440\" height=\"630\" srcset=\"https:\/\/blogs.correiobraziliense.com.br\/elasnoataque\/wp-content\/uploads\/sites\/36\/2019\/06\/JAMAICA.jpg 1440w, https:\/\/blogs.correiobraziliense.com.br\/elasnoataque\/wp-content\/uploads\/sites\/36\/2019\/06\/JAMAICA-300x131.jpg 300w, https:\/\/blogs.correiobraziliense.com.br\/elasnoataque\/wp-content\/uploads\/sites\/36\/2019\/06\/JAMAICA-768x336.jpg 768w, https:\/\/blogs.correiobraziliense.com.br\/elasnoataque\/wp-content\/uploads\/sites\/36\/2019\/06\/JAMAICA-1024x448.jpg 1024w, https:\/\/blogs.correiobraziliense.com.br\/elasnoataque\/wp-content\/uploads\/sites\/36\/2019\/06\/JAMAICA-550x241.jpg 550w, https:\/\/blogs.correiobraziliense.com.br\/elasnoataque\/wp-content\/uploads\/sites\/36\/2019\/06\/JAMAICA-230x101.jpg 230w\" sizes=\"auto, (max-width: 1440px) 100vw, 1440px\" \/><\/p>\n<p>&nbsp;<\/p>\n<p>H\u00e1 21 anos a equipe masculina da Jamaica estreava em uma Copa do Mundo, na Fran\u00e7a em 1998. Por coincid\u00eancia a equipe feminina tamb\u00e9m ir\u00e1 estrear em um mundial no mesmo pa\u00eds europeu. Esta \u00e9 a primeira vez que um pa\u00eds caribenho se classifica para Copa feminina. Chamadas de Reggae Girlz, as jamaicanas recebem apoio financeiro de Cedella Marley, primog\u00eanita do famoso cantor Bob Marley.<\/p>\n<p><strong>Melhor campanha:<\/strong> n\u00e3o possui<br \/>\n<strong>Participa\u00e7\u00f5es em Copa:<\/strong> n\u00e3o possui<br \/>\n<strong>Ranking da Fifa:<\/strong> 53\u00aa posi\u00e7\u00e3o<\/p>\n<p><strong>Passaporte para a Fran\u00e7a<\/strong><\/p>\n<p>A Jamaica terminou o Campeonato da CONCACAF em terceiro lugar. Elas perderam as semifinais para o EUA, e derrotou o Panam\u00e1 nos p\u00eanaltis na disputa pelo bronze, o que assegurou sua vaga na Fran\u00e7a 2019.<\/p>\n<p><img loading=\"lazy\" decoding=\"async\" class=\"aligncenter wp-image-3283\" src=\"https:\/\/blogs.correiobraziliense.com.br\/elasnoataque\/wp-content\/uploads\/sites\/36\/2019\/06\/jody.jpg\" alt=\"\" width=\"508\" height=\"625\" srcset=\"https:\/\/blogs.correiobraziliense.com.br\/elasnoataque\/wp-content\/uploads\/sites\/36\/2019\/06\/jody.jpg 859w, https:\/\/blogs.correiobraziliense.com.br\/elasnoataque\/wp-content\/uploads\/sites\/36\/2019\/06\/jody-244x300.jpg 244w, https:\/\/blogs.correiobraziliense.com.br\/elasnoataque\/wp-content\/uploads\/sites\/36\/2019\/06\/jody-768x946.jpg 768w, https:\/\/blogs.correiobraziliense.com.br\/elasnoataque\/wp-content\/uploads\/sites\/36\/2019\/06\/jody-831x1024.jpg 831w, https:\/\/blogs.correiobraziliense.com.br\/elasnoataque\/wp-content\/uploads\/sites\/36\/2019\/06\/jody-550x677.jpg 550w, https:\/\/blogs.correiobraziliense.com.br\/elasnoataque\/wp-content\/uploads\/sites\/36\/2019\/06\/jody-230x283.jpg 230w\" sizes=\"auto, (max-width: 508px) 100vw, 508px\" \/><\/p>\n<p><strong>Essa mina sou eu<\/strong><\/p>\n<p>Jody Brown \u00e9 a grande destaque da sele\u00e7\u00e3o jamaicana e tem apenas 17 anos. A jovem foi eleita a melhor jogadora jovem do Campeonato da CONCACAF. A atacante teve performances impressionantes durante a competi\u00e7\u00e3o e marcou um dos gols da Jamaica no empate com o Panam\u00e1 na disputa pelo terceiro lugar. Na ocasi\u00e3o a partida terminou 2 x 2 e elas ganharam nos p\u00eanaltis, por 4 x 2.<\/p>\n<p>&nbsp;<\/p>\n<p><img loading=\"lazy\" decoding=\"async\" class=\"aligncenter wp-image-3275\" src=\"https:\/\/blogs.correiobraziliense.com.br\/elasnoataque\/wp-content\/uploads\/sites\/36\/2019\/06\/EC-JAMAIC.jpg\" alt=\"\" width=\"819\" height=\"547\" srcset=\"https:\/\/blogs.correiobraziliense.com.br\/elasnoataque\/wp-content\/uploads\/sites\/36\/2019\/06\/EC-JAMAIC.jpg 594w, https:\/\/blogs.correiobraziliense.com.br\/elasnoataque\/wp-content\/uploads\/sites\/36\/2019\/06\/EC-JAMAIC-300x200.jpg 300w, https:\/\/blogs.correiobraziliense.com.br\/elasnoataque\/wp-content\/uploads\/sites\/36\/2019\/06\/EC-JAMAIC-550x367.jpg 550w, https:\/\/blogs.correiobraziliense.com.br\/elasnoataque\/wp-content\/uploads\/sites\/36\/2019\/06\/EC-JAMAIC-230x153.jpg 230w\" sizes=\"auto, (max-width: 819px) 100vw, 819px\" \/><\/p>\n<p><strong>Dono da Prancheta<\/strong><\/p>\n<p>Na Copa da Fran\u00e7a,\u00a0 Hue Menzies, 55 anos, \u00e9 o comandante da Jamaica. O ex-jogador possui mais de 30 anos de experi\u00eancia como treinador, principalmente quando se trata de futebol universit\u00e1rio dos Estados Unidos. Menzies assumiu a sele\u00e7\u00e3o feminina jamaicana em 2015, quando foi chamado por Cedella Marley, para conduzir o projeto que culminaria na vaga para Copa da Fran\u00e7a 2019.<\/p>\n<p><strong>Elenco completo<\/strong><\/p>\n<p><strong>Goleiras:<\/strong> 1- SCHNEIDER GK Univ. North Carolina (USA), 13-MCCLURE GK Sion Swift LFC (NIR), 23-JAMIESON GK Papakura City FC (NZL)<br \/>\n<strong>Defensoras:<\/strong> 3-HUDSON-MARKS, Univ. Memphis (USA), 5-PLUMMER, UCF Knights (USA), 9-SWEATMAN; Szent Mihaly (HUN), 14-BLACKWOOD, Univ. West Florida (USA), 16-BOND-FLASZA, PSV Eindhoven (NED), 17-A. SWABY, AS Roma (ITA), 19-PATTERSON, Pink Sport Time (ITA)<br \/>\n<strong>Meio Campistas:<\/strong> 3-HUDSON-MARKS, Univ. Memphis (USA), 5-PLUMMER, UCF Knights (USA), 9-SWEATMAN; Szent Mihaly (HUN), 14-BLACKWOOD, Univ. West Florida (USA), 16-BOND-FLASZA, PSV Eindhoven (NED), 17-A. SWABY, AS Roma (ITA), 19-PATTERSON, Pink Sport Time (ITA)<br \/>\n<strong>Atacantes:<\/strong> 10-BROWN, Montverde Academy (USA), 11-SHAW, Univ. Tennessee (USA), 15-CAMERON, Stabaek IF (NOR), 18-CARTER, AS Roma (ITA), 20- C. MATTHEWS, Washington Spirit (USA), 21-ADAMOLEKUN, United Soccer Alliance (USA), 22-GREY, Washington Huskies (USA)<\/p>\n<p><strong>Jogos da fase de grupos<\/strong><br \/>\n9 de Junho: Brasil x Jamaica (10h30; Stade des Alpes, Grenoble)<br \/>\n18 de Junho: Jamaica x Austr\u00e1lia (13h; Stade Auguste-Delune II,Reims)<br \/>\n14 de Junho: Jamaica x It\u00e1lia (16h;Stade du Hainaut, Grenoble)<\/p>\n<p><strong>Por Emanuelly Fernandes e\u00a0<\/strong><strong>Mariana Fraga<\/strong><\/p>\n<p><strong>Patroc\u00ednio:\u00a0<\/strong>Col\u00e9gio Moraes R\u00eago<strong><br \/>\nApoio:\u00a0<\/strong>Casa de Viagens e Bancorbr\u00e1s \u2013 Ag\u00eancia de Viagens<\/p>\n","protected":false},"excerpt":{"rendered":"<p>Vai come\u00e7ar a oitava edi\u00e7\u00e3o da Copa do Mundo. De 7 de junho a 7 de julho, 24 sele\u00e7\u00f5es v\u00e3o em busca de conquistar o t\u00edtulo na Fran\u00e7a. Por isso, o Elas no Ataque produziu um guia sobre os pa\u00edses que v\u00e3o disputar o mundial. A cada dia, ser\u00e1 publicado uma das seis chaves da competi\u00e7\u00e3o. Conhe\u00e7a o Grupo C. [&hellip;]<\/p>\n","protected":false},"author":80,"featured_media":4126,"comment_status":"open","ping_status":"open","sticky":false,"template":"","format":"standard","meta":{"footnotes":""},"categories":[25],"tags":[653,61,524,651,654,652,60,161],"class_list":["post-3260","post","type-post","status-publish","format-standard","has-post-thumbnail","hentry","category-futebol","tag-australia","tag-brasil","tag-copa-da-franca","tag-copado-mundo","tag-italia","tag-jamaica","tag-marta","tag-selecao-brasileira"],"_links":{"self":[{"href":"https:\/\/blogs.correiobraziliense.com.br\/elasnoataque\/wp-json\/wp\/v2\/posts\/3260","targetHints":{"allow":["GET"]}}],"collection":[{"href":"https:\/\/blogs.correiobraziliense.com.br\/elasnoataque\/wp-json\/wp\/v2\/posts"}],"about":[{"href":"https:\/\/blogs.correiobraziliense.com.br\/elasnoataque\/wp-json\/wp\/v2\/types\/post"}],"author":[{"embeddable":true,"href":"https:\/\/blogs.correiobraziliense.com.br\/elasnoataque\/wp-json\/wp\/v2\/users\/80"}],"replies":[{"embeddable":true,"href":"https:\/\/blogs.correiobraziliense.com.br\/elasnoataque\/wp-json\/wp\/v2\/comments?post=3260"}],"version-history":[{"count":5,"href":"https:\/\/blogs.correiobraziliense.com.br\/elasnoataque\/wp-json\/wp\/v2\/posts\/3260\/revisions"}],"predecessor-version":[{"id":4127,"href":"https:\/\/blogs.correiobraziliense.com.br\/elasnoataque\/wp-json\/wp\/v2\/posts\/3260\/revisions\/4127"}],"wp:featuredmedia":[{"embeddable":true,"href":"https:\/\/blogs.correiobraziliense.com.br\/elasnoataque\/wp-json\/wp\/v2\/media\/4126"}],"wp:attachment":[{"href":"https:\/\/blogs.correiobraziliense.com.br\/elasnoataque\/wp-json\/wp\/v2\/media?parent=3260"}],"wp:term":[{"taxonomy":"category","embeddable":true,"href":"https:\/\/blogs.correiobraziliense.com.br\/elasnoataque\/wp-json\/wp\/v2\/categories?post=3260"},{"taxonomy":"post_tag","embeddable":true,"href":"https:\/\/blogs.correiobraziliense.com.br\/elasnoataque\/wp-json\/wp\/v2\/tags?post=3260"}],"curies":[{"name":"wp","href":"https:\/\/api.w.org\/{rel}","templated":true}]}}