{"id":3236,"date":"2019-06-07T06:39:01","date_gmt":"2019-06-07T09:39:01","guid":{"rendered":"https:\/\/blogs.correiobraziliense.com.br\/elasnoataque\/?p=3236"},"modified":"2019-07-11T19:12:37","modified_gmt":"2019-07-11T22:12:37","slug":"abertura-copa-do-mundo-franca-coreia-do-sul","status":"publish","type":"post","link":"https:\/\/blogs.correiobraziliense.com.br\/elasnoataque\/abertura-copa-do-mundo-franca-coreia-do-sul\/","title":{"rendered":"Copa come\u00e7a com Fran\u00e7a e Coreia do Sul; times conseguem manter elenco atuando no pa\u00eds"},"content":{"rendered":"<p><strong>Paris (Fran\u00e7a) \u2014<\/strong> O oitavo mundial de futebol feminino come\u00e7a hoje na Fran\u00e7a com a perspectiva de ser a maior edi\u00e7\u00e3o da modalidade. Desde 1991, quando foi criado pela Fifa, o n\u00famero de sele\u00e7\u00f5es no torneio dobrou: saltou de 12 para 24. <a href=\"https:\/\/blogs.correiobraziliense.com.br\/elasnoataque\/guia-copa-da-franca-conheca-o-grupo-a-das-anfitrioes-do-maior-mundial-feminino\/\">Fran\u00e7a e Coreia do Sul<\/a>, que protagonizam o jogo de abertura nesta sexta-feira (7\/6), \u00e0s 16h (de Bras\u00edlia), no Est\u00e1dio Parque dos Pr\u00edncipes, estrearam em 2003 no Mundial. Nenhuma delas subiu ao p\u00f3dio. Embora estejam 10 posi\u00e7\u00f5es distantes no ranking da Fifa \u2014 francesas na 4\u00aa e coreanas na 14\u00aa \u2014, ambas t\u00eam em comum o fato de manter a maioria do elenco atuando no pr\u00f3prio pa\u00eds.<\/p>\n<p>A Fran\u00e7a conta com 21 das 23 jogadoras convocadas atuando na liga do pa\u00eds. Por sinal, a na\u00e7\u00e3o anfitri\u00e3 \u00e9 a terceira com mais atletas inscritas na competi\u00e7\u00e3o. A Coreia do Sul tem 20 atletas atuando em em casa. N\u00famero elevado se comparado \u00e0 realidade da maioria das demais sele\u00e7\u00f5es. Ao todo, 40,8% das jogadoras <a href=\"https:\/\/blogs.correiobraziliense.com.br\/elasnoataque\/copa-do-mundo-feminina-franca-maior-historia\/\">deste Mundial<\/a> atuam longe do pa\u00eds de origem. Apenas os Estados Unidos t\u00eam todo o time jogando em casa por times americanos.<\/p>\n<p>Das 21 francesas que jogam em times da \u201ccasa\u201d e foram convocadas para o Mundial, sete s\u00e3o atletas do Lyon, time campe\u00e3o das \u00faltimas quatro edi\u00e7\u00f5es da Liga dos Campe\u00f5es. Ao todo, 14 atletas do clube franc\u00eas foram escaladas para a Copa, sete delas s\u00e3o da Fran\u00e7a. A capit\u00e3 da sele\u00e7\u00e3o anfitri\u00e3 faz parte da lista. Amandine Henry, 29 anos, chega com status de campe\u00e3 da Europa pelo Lyon, time pelo qual tem cinco t\u00edtulos europeus. Apesar de se despedir nas quartas de final na Copa de 2015, Amandine foi eleita a segunda melhor jogadora do torneio.<\/p>\n<p>As \u00faltimas lembran\u00e7as das sul-coreanas na Copa do Mundo foram justamente frente \u00e0s francesas, em 2015, no mundial do Canad\u00e1. As mem\u00f3rias n\u00e3o s\u00e3o as melhores. A sele\u00e7\u00e3o coreana perdeu nas oitavas de final para a Fran\u00e7a por 3 x 0 e deu adeus \u00e0 Copa, mas comemorou o feito de ter conseguido passar da fase de grupos pela primeira vez. A Fran\u00e7a, por sua vez, avan\u00e7ou, mas n\u00e3o foi longe. Caiu nas quartas de final na \u00faltima edi\u00e7\u00e3o do torneio. Para chegar mais longe, conta com a torcida, que esgotou ingressos para v\u00e1rios jogos.<\/p>\n<p>As duas sele\u00e7\u00f5es se enfrentaram apenas duas vezes, com vit\u00f3ria francesa em ambas as ocasi\u00f5es. As coreanas contam com Ji So-yun, 28, para reverter esse hist\u00f3rico. A camisa 10 do Chelsea \u00e9 um dos pilares do ataque da equipe, com 54 gols em 115 partidas internacionais. Na segunda participa\u00e7\u00e3o na Copa do Mundo, a meia coreana chega com moral de ter se destacado como uma das principais atletas da Superliga Feminina Inglesa.<\/p>\n<h2><strong>Programe-se<\/strong><\/h2>\n<p><b>Copa do Mundo da Fran\u00e7a<br \/>\n<\/b><b>Cerim\u00f4nia de abertura: <\/b>sexta-feira (7\/6), \u00e1s15h\u00a0(hor\u00e1rio de Bras\u00edlia)<br \/>\n<strong>Fran\u00e7a x Coreia do Sul:<\/strong> sexta-feira (7\/6), \u00e1s 16h\u00a0(hor\u00e1rio de Bras\u00edlia)<br \/>\n<b>Onde: <\/b><span style=\"font-weight: 400\">Est\u00e1dio Parc des Princes, Paris<br \/>\n<\/span><strong>Na TV:<\/strong> SporTV<\/p>\n<p><strong>Por Ma\u00edra Nunes e Maria Eduarda Cardim\u00a0\u2014 Enviadas especiais<\/strong><\/p>\n<p><strong>Patroc\u00ednio: <\/strong>Col\u00e9gio Moraes R\u00eago<strong><br \/>\nApoio: <\/strong>Casa de Viagens e Bancorbr\u00e1s \u2013 Ag\u00eancia de Viagens<\/p>\n","protected":false},"excerpt":{"rendered":"<p>Paris (Fran\u00e7a) \u2014 O oitavo mundial de futebol feminino come\u00e7a hoje na Fran\u00e7a com a perspectiva de ser a maior edi\u00e7\u00e3o da modalidade. Desde 1991, quando foi criado pela Fifa, o n\u00famero de sele\u00e7\u00f5es no torneio dobrou: saltou de 12 para 24. Fran\u00e7a e Coreia do Sul, que protagonizam o jogo de abertura nesta sexta-feira (7\/6), \u00e0s 16h (de Bras\u00edlia), [&hellip;]<\/p>\n","protected":false},"author":79,"featured_media":4112,"comment_status":"open","ping_status":"open","sticky":false,"template":"","format":"standard","meta":{"footnotes":""},"categories":[25],"tags":[524,20,464,643,644,149,645],"class_list":["post-3236","post","type-post","status-publish","format-standard","has-post-thumbnail","hentry","category-futebol","tag-copa-da-franca","tag-copa-do-mundo","tag-copa-do-mundo-2019","tag-copa-do-mundo-de-futebol-feminino","tag-coreia-do-sul","tag-franca","tag-parc-des-princes"],"_links":{"self":[{"href":"https:\/\/blogs.correiobraziliense.com.br\/elasnoataque\/wp-json\/wp\/v2\/posts\/3236","targetHints":{"allow":["GET"]}}],"collection":[{"href":"https:\/\/blogs.correiobraziliense.com.br\/elasnoataque\/wp-json\/wp\/v2\/posts"}],"about":[{"href":"https:\/\/blogs.correiobraziliense.com.br\/elasnoataque\/wp-json\/wp\/v2\/types\/post"}],"author":[{"embeddable":true,"href":"https:\/\/blogs.correiobraziliense.com.br\/elasnoataque\/wp-json\/wp\/v2\/users\/79"}],"replies":[{"embeddable":true,"href":"https:\/\/blogs.correiobraziliense.com.br\/elasnoataque\/wp-json\/wp\/v2\/comments?post=3236"}],"version-history":[{"count":6,"href":"https:\/\/blogs.correiobraziliense.com.br\/elasnoataque\/wp-json\/wp\/v2\/posts\/3236\/revisions"}],"predecessor-version":[{"id":4113,"href":"https:\/\/blogs.correiobraziliense.com.br\/elasnoataque\/wp-json\/wp\/v2\/posts\/3236\/revisions\/4113"}],"wp:featuredmedia":[{"embeddable":true,"href":"https:\/\/blogs.correiobraziliense.com.br\/elasnoataque\/wp-json\/wp\/v2\/media\/4112"}],"wp:attachment":[{"href":"https:\/\/blogs.correiobraziliense.com.br\/elasnoataque\/wp-json\/wp\/v2\/media?parent=3236"}],"wp:term":[{"taxonomy":"category","embeddable":true,"href":"https:\/\/blogs.correiobraziliense.com.br\/elasnoataque\/wp-json\/wp\/v2\/categories?post=3236"},{"taxonomy":"post_tag","embeddable":true,"href":"https:\/\/blogs.correiobraziliense.com.br\/elasnoataque\/wp-json\/wp\/v2\/tags?post=3236"}],"curies":[{"name":"wp","href":"https:\/\/api.w.org\/{rel}","templated":true}]}}