{"id":3119,"date":"2019-06-03T19:07:45","date_gmt":"2019-06-03T22:07:45","guid":{"rendered":"https:\/\/blogs.correiobraziliense.com.br\/elasnoataque\/?p=3119"},"modified":"2019-06-03T19:16:59","modified_gmt":"2019-06-03T22:16:59","slug":"copa-do-mundo-feminina-franca-maior-historia","status":"publish","type":"post","link":"https:\/\/blogs.correiobraziliense.com.br\/elasnoataque\/copa-do-mundo-feminina-franca-maior-historia\/","title":{"rendered":"Por que a Copa da Fran\u00e7a ser\u00e1 a maior edi\u00e7\u00e3o feminina da hist\u00f3ria?"},"content":{"rendered":"<p>A Fran\u00e7a recebe a oitava edi\u00e7\u00e3o da Copa do Mundo feminina de futebol da Fifa a partir desta sexta-feira (7 de junho) e promete fazer uma grande festa por todo o m\u00eas \u2014 a final ser\u00e1 em 7 de julho. Pelo hist\u00f3rico de o pa\u00eds ter conquistado o primeiro t\u00edtulo mundial em casa, na Copa masculina de 1998; a Fran\u00e7a aposta que a ta\u00e7a in\u00e9dita da sele\u00e7\u00e3o feminina tamb\u00e9m possa sair na primeira vez que o pa\u00eds recebe o evento.<\/p>\n<p>Al\u00e9m da empolga\u00e7\u00e3o do anfitri\u00e3o, o Brasil tamb\u00e9m mostra que o maior torneio do futebol feminino tamb\u00e9m deixar\u00e1 o pa\u00eds em clima de Copa do Mundo. Afinal, \u00e9 daqui a melhor jogadora do mundo e maior vencedora desse t\u00edtulo na hist\u00f3ria. Aos 33 anos, Marta \u00e9 a capit\u00e3 da Sele\u00e7\u00e3o Brasileira em busca do t\u00edtulo in\u00e9dito. Veja por qu\u00ea esta edi\u00e7\u00e3o tem tudo para ser a Copa das Copa do futebol feminino.<\/p>\n<h2><span style=\"font-weight: 400\"><strong>Visibilidade da TV aberta<\/strong><\/span><\/h2>\n<p><span style=\"font-weight: 400\">Os jogos do Brasil ser\u00e3o transmitidos em TV aberta. Ser\u00e1 a primeira vez que a Copa do Mundo feminina ser\u00e1 mostrada na Globo, a Banda tamb\u00e9m passar\u00e1 as partidas; toda a competi\u00e7\u00e3o ser\u00e1 exibida no SporTV.<br \/>\n<\/span><\/p>\n<h2><strong><br \/>\nSucesso de p\u00fablico<\/strong><\/h2>\n<p>Mais da metade dos ingressos de toda a competi\u00e7\u00e3o foi vendida restando quase dois meses para a Copa. A Fifa divulgou que 720 mil ingressos haviam sido comprados. Bilhetes para jogos de estreia, semifinais e final se esgotaram em poucos dias.<\/p>\n<figure id=\"attachment_3130\" aria-describedby=\"caption-attachment-3130\" style=\"width: 750px\" class=\"wp-caption aligncenter\"><img loading=\"lazy\" decoding=\"async\" class=\"size-full wp-image-3130\" src=\"https:\/\/blogs.correiobraziliense.com.br\/elasnoataque\/wp-content\/uploads\/sites\/36\/2019\/06\/PublicoCopa.jpg\" alt=\"\" width=\"750\" height=\"500\" srcset=\"https:\/\/blogs.correiobraziliense.com.br\/elasnoataque\/wp-content\/uploads\/sites\/36\/2019\/06\/PublicoCopa.jpg 750w, https:\/\/blogs.correiobraziliense.com.br\/elasnoataque\/wp-content\/uploads\/sites\/36\/2019\/06\/PublicoCopa-300x200.jpg 300w, https:\/\/blogs.correiobraziliense.com.br\/elasnoataque\/wp-content\/uploads\/sites\/36\/2019\/06\/PublicoCopa-550x367.jpg 550w, https:\/\/blogs.correiobraziliense.com.br\/elasnoataque\/wp-content\/uploads\/sites\/36\/2019\/06\/PublicoCopa-230x153.jpg 230w\" sizes=\"auto, (max-width: 750px) 100vw, 750px\" \/><figcaption id=\"caption-attachment-3130\" class=\"wp-caption-text\">FIFA\/Divulga\u00e7\u00e3o<\/figcaption><\/figure>\n<h2><span style=\"font-weight: 400\"><strong><br \/>\nTemos a melhor do mundo!<\/strong><\/span><\/h2>\n<p><span style=\"font-weight: 400\">A atacante Marta \u00e9 a atual melhor do mundo. Camisa 10 e capit\u00e3 do Brasil, a alagoana foi eleita pela Fifa a melhor jogadora pela sexta vez aos 33 anos, em setembro de 2018, e se recupera de uma les\u00e3o na coxa esquerda para buscar o t\u00edtulo in\u00e9dito da Sele\u00e7\u00e3o Brasileira feminina e, de quebra, defender o posto de artilheira da Copa do Mundo, com 15 gols.<\/span><\/p>\n<figure id=\"attachment_3137\" aria-describedby=\"caption-attachment-3137\" style=\"width: 750px\" class=\"wp-caption aligncenter\"><img loading=\"lazy\" decoding=\"async\" class=\"size-full wp-image-3137\" src=\"https:\/\/blogs.correiobraziliense.com.br\/elasnoataque\/wp-content\/uploads\/sites\/36\/2019\/06\/MartaTa\u00e7a.jpg\" alt=\"\" width=\"750\" height=\"500\" srcset=\"https:\/\/blogs.correiobraziliense.com.br\/elasnoataque\/wp-content\/uploads\/sites\/36\/2019\/06\/MartaTa\u00e7a.jpg 750w, https:\/\/blogs.correiobraziliense.com.br\/elasnoataque\/wp-content\/uploads\/sites\/36\/2019\/06\/MartaTa\u00e7a-300x200.jpg 300w, https:\/\/blogs.correiobraziliense.com.br\/elasnoataque\/wp-content\/uploads\/sites\/36\/2019\/06\/MartaTa\u00e7a-550x367.jpg 550w, https:\/\/blogs.correiobraziliense.com.br\/elasnoataque\/wp-content\/uploads\/sites\/36\/2019\/06\/MartaTa\u00e7a-230x153.jpg 230w\" sizes=\"auto, (max-width: 750px) 100vw, 750px\" \/><figcaption id=\"caption-attachment-3137\" class=\"wp-caption-text\">Lucas Figueiredo\/CBF<\/figcaption><\/figure>\n<h2><span style=\"font-weight: 400\"><strong><br \/>\nDia de jogo do Brasil: folga no trabalho!<\/strong><\/span><\/h2>\n<p><span style=\"font-weight: 400\">O grupo Botic\u00e1rio anunciou em 8 de mar\u00e7o que adaptar\u00e1 os hor\u00e1rios para os funcion\u00e1rios poderem assistir aos jogos do Brasil na Copa feminina. Ao total, 8 mil trabalhadores da empresa em S\u00e3o Paulo, Curitiba, Bahia e Esp\u00edrito Santo v\u00e3o ter a oportunidade de ver as partidas. O grupo ainda promoveu campanha para incentivar que outras empresas fizessem o mesmo. A Heineken foi uma das que aderiu.\u00a0Em Bras\u00edlia, servidores do Conselho Nacional do Minist\u00e9rio P\u00fablico (CNMP) entregaram um documento \u00e0 Secretaria Geral pedindo a flexibiliza\u00e7\u00e3o do expediente no hor\u00e1rio dos jogos do Brasil.<br \/>\n<\/span><\/p>\n<figure id=\"attachment_3133\" aria-describedby=\"caption-attachment-3133\" style=\"width: 750px\" class=\"wp-caption aligncenter\"><img loading=\"lazy\" decoding=\"async\" class=\"size-full wp-image-3133\" src=\"https:\/\/blogs.correiobraziliense.com.br\/elasnoataque\/wp-content\/uploads\/sites\/36\/2019\/06\/Aplausos-Copa.jpg\" alt=\"\" width=\"750\" height=\"500\" srcset=\"https:\/\/blogs.correiobraziliense.com.br\/elasnoataque\/wp-content\/uploads\/sites\/36\/2019\/06\/Aplausos-Copa.jpg 750w, https:\/\/blogs.correiobraziliense.com.br\/elasnoataque\/wp-content\/uploads\/sites\/36\/2019\/06\/Aplausos-Copa-300x200.jpg 300w, https:\/\/blogs.correiobraziliense.com.br\/elasnoataque\/wp-content\/uploads\/sites\/36\/2019\/06\/Aplausos-Copa-550x367.jpg 550w, https:\/\/blogs.correiobraziliense.com.br\/elasnoataque\/wp-content\/uploads\/sites\/36\/2019\/06\/Aplausos-Copa-230x153.jpg 230w\" sizes=\"auto, (max-width: 750px) 100vw, 750px\" \/><figcaption id=\"caption-attachment-3133\" class=\"wp-caption-text\">Fifa\/Divulga\u00e7\u00e3o<\/figcaption><\/figure>\n<h2><span style=\"font-weight: 400\"><strong><br \/>\nUniforme exclusivos<\/strong><\/span><\/h2>\n<p><span style=\"font-weight: 400\">As duas principais patrocinadoras das sele\u00e7\u00f5es na Copa feminina (Nike e Adidas) lan\u00e7aram uniformes exclusivos para as equipes femininas. \u00c9 a primeira vez que a Sele\u00e7\u00e3o Brasileira tem um uniforme feito especialmente para elas.<\/span><\/p>\n<p>&nbsp;<\/p>\n<figure id=\"attachment_3136\" aria-describedby=\"caption-attachment-3136\" style=\"width: 750px\" class=\"wp-caption aligncenter\"><img loading=\"lazy\" decoding=\"async\" class=\"size-full wp-image-3136\" src=\"https:\/\/blogs.correiobraziliense.com.br\/elasnoataque\/wp-content\/uploads\/sites\/36\/2019\/06\/Uniformes_Copa2.jpg\" alt=\"\" width=\"750\" height=\"500\" srcset=\"https:\/\/blogs.correiobraziliense.com.br\/elasnoataque\/wp-content\/uploads\/sites\/36\/2019\/06\/Uniformes_Copa2.jpg 750w, https:\/\/blogs.correiobraziliense.com.br\/elasnoataque\/wp-content\/uploads\/sites\/36\/2019\/06\/Uniformes_Copa2-300x200.jpg 300w, https:\/\/blogs.correiobraziliense.com.br\/elasnoataque\/wp-content\/uploads\/sites\/36\/2019\/06\/Uniformes_Copa2-550x367.jpg 550w, https:\/\/blogs.correiobraziliense.com.br\/elasnoataque\/wp-content\/uploads\/sites\/36\/2019\/06\/Uniformes_Copa2-230x153.jpg 230w\" sizes=\"auto, (max-width: 750px) 100vw, 750px\" \/><figcaption id=\"caption-attachment-3136\" class=\"wp-caption-text\">Fifa\/Divulga\u00e7\u00e3o<\/figcaption><\/figure>\n<p><span style=\"font-weight: 400\">\u00a0<\/span><\/p>\n<h2><span style=\"font-weight: 400\"><strong>Est\u00e3o de olho nelas<\/strong><\/span><\/h2>\n<p><span style=\"font-weight: 400\">Marcas embalaram comerciais sobre a Copa do Mundo feminina e emocionaram ao contar a hist\u00f3ria de parte das guerreiras disputar\u00e3o a maior competi\u00e7\u00e3o do futebol no mundo. O\u00a0<\/span><span style=\"font-weight: 400\">Guaran\u00e1 Ant\u00e1rtica foi al\u00e9m e convidou outras empresas a tamb\u00e9m patrocinar \u00e0 Sele\u00e7\u00e3o Brasileira feminina de futebol.<\/span><\/p>\n<p><img loading=\"lazy\" decoding=\"async\" class=\"size-full wp-image-3132\" src=\"https:\/\/blogs.correiobraziliense.com.br\/elasnoataque\/wp-content\/uploads\/sites\/36\/2019\/06\/Uniforme_Copa.jpg\" alt=\"\" width=\"750\" height=\"500\" srcset=\"https:\/\/blogs.correiobraziliense.com.br\/elasnoataque\/wp-content\/uploads\/sites\/36\/2019\/06\/Uniforme_Copa.jpg 750w, https:\/\/blogs.correiobraziliense.com.br\/elasnoataque\/wp-content\/uploads\/sites\/36\/2019\/06\/Uniforme_Copa-300x200.jpg 300w, https:\/\/blogs.correiobraziliense.com.br\/elasnoataque\/wp-content\/uploads\/sites\/36\/2019\/06\/Uniforme_Copa-550x367.jpg 550w, https:\/\/blogs.correiobraziliense.com.br\/elasnoataque\/wp-content\/uploads\/sites\/36\/2019\/06\/Uniforme_Copa-230x153.jpg 230w\" sizes=\"auto, (max-width: 750px) 100vw, 750px\" \/><\/p>\n<p>FIFA\/Divulga\u00e7\u00e3o<\/p>\n<h2><span style=\"font-weight: 400\"><strong><br \/>\nCome\u00e7o da igualdade financeira<\/strong><\/span><\/h2>\n<p><span style=\"font-weight: 400\">A Adidas anunciou que dar\u00e1 a premia\u00e7\u00e3o b\u00f4nus \u00e0 sele\u00e7\u00e3o campe\u00e3 na Fran\u00e7a com valor igual \u00e0 oferecida ao campe\u00e3o da Copa masculina, caso uma das equipes patrocinadas pela marca ganhe o mundial de 2019.<\/span><\/p>\n<p>&nbsp;<\/p>\n<figure id=\"attachment_3135\" aria-describedby=\"caption-attachment-3135\" style=\"width: 750px\" class=\"wp-caption aligncenter\"><img loading=\"lazy\" decoding=\"async\" class=\"size-full wp-image-3135\" src=\"https:\/\/blogs.correiobraziliense.com.br\/elasnoataque\/wp-content\/uploads\/sites\/36\/2019\/06\/Ta\u00e7aCopa.jpg\" alt=\"\" width=\"750\" height=\"500\" srcset=\"https:\/\/blogs.correiobraziliense.com.br\/elasnoataque\/wp-content\/uploads\/sites\/36\/2019\/06\/Ta\u00e7aCopa.jpg 750w, https:\/\/blogs.correiobraziliense.com.br\/elasnoataque\/wp-content\/uploads\/sites\/36\/2019\/06\/Ta\u00e7aCopa-300x200.jpg 300w, https:\/\/blogs.correiobraziliense.com.br\/elasnoataque\/wp-content\/uploads\/sites\/36\/2019\/06\/Ta\u00e7aCopa-550x367.jpg 550w, https:\/\/blogs.correiobraziliense.com.br\/elasnoataque\/wp-content\/uploads\/sites\/36\/2019\/06\/Ta\u00e7aCopa-230x153.jpg 230w\" sizes=\"auto, (max-width: 750px) 100vw, 750px\" \/><figcaption id=\"caption-attachment-3135\" class=\"wp-caption-text\">Fifa\/Divulga\u00e7\u00e3o<\/figcaption><\/figure>\n<p><strong>Vale reiterar: &#8220;N\u00e3o \u00e0 viol\u00eancia&#8221;<\/strong><\/p>\n<p><span style=\"font-weight: 400\">A tem\u00e1tica de ass\u00e9dio contra as mulheres foi bastante comentada durante a Copa do Mundo masculina 2018, na R\u00fassia.\u00a0O movimento \u201cDeixa ela trabalhar\u201d, contra o ass\u00e9dio a mulheres que trabalham com a imprensa esportiva, que teve in\u00edcio no mesmo per\u00edodo do mundial de 2018 e teve grande repercuss\u00e3o nas redes sociais.<br \/>\n<\/span><\/p>\n<figure id=\"attachment_3134\" aria-describedby=\"caption-attachment-3134\" style=\"width: 750px\" class=\"wp-caption aligncenter\"><img loading=\"lazy\" decoding=\"async\" class=\"size-full wp-image-3134\" src=\"https:\/\/blogs.correiobraziliense.com.br\/elasnoataque\/wp-content\/uploads\/sites\/36\/2019\/06\/USA-Copa.jpg\" alt=\"\" width=\"750\" height=\"500\" srcset=\"https:\/\/blogs.correiobraziliense.com.br\/elasnoataque\/wp-content\/uploads\/sites\/36\/2019\/06\/USA-Copa.jpg 750w, https:\/\/blogs.correiobraziliense.com.br\/elasnoataque\/wp-content\/uploads\/sites\/36\/2019\/06\/USA-Copa-300x200.jpg 300w, https:\/\/blogs.correiobraziliense.com.br\/elasnoataque\/wp-content\/uploads\/sites\/36\/2019\/06\/USA-Copa-550x367.jpg 550w, https:\/\/blogs.correiobraziliense.com.br\/elasnoataque\/wp-content\/uploads\/sites\/36\/2019\/06\/USA-Copa-230x153.jpg 230w\" sizes=\"auto, (max-width: 750px) 100vw, 750px\" \/><figcaption id=\"caption-attachment-3134\" class=\"wp-caption-text\">Fifa\/Divulga\u00e7\u00e3o<\/figcaption><\/figure>\n<h2><span style=\"font-weight: 400\"><strong><br \/>\nPrograme-se<\/strong><\/span><\/h2>\n<p><span style=\"font-weight: 400\"><strong>COPA DO MUNDO DA FRAN\u00c7A<\/strong><\/span><\/p>\n<p><strong>Abertura:\u00a0Fran\u00e7a x Coreia do Sul\u00a0<\/strong><br \/>\nSexta-feira (7\/7), 16h (hor\u00e1rio de Bras\u00edlia)<br \/>\nEst\u00e1dio Parc des Princes, em Paris<br \/>\nTransmiss\u00e3o no SporTV<\/p>\n<p><strong><br \/>\nJOGOS DO BRASIL<\/strong><\/p>\n<p><strong>Brasil x Jamaica<\/strong><br \/>\nDomingo (9\/6), \u00e0s 10h30 (hor\u00e1rio de Bras\u00edlia)<br \/>\nEst\u00e1dio des Alpes, em Grenoble<\/p>\n<p><strong>Austr\u00e1lia x Brasil<\/strong><br \/>\nQuinta-feira (13\/6), \u00e0s 13h<br \/>\nEst\u00e1dio de la Mosson, em Montpellier<\/p>\n<p><strong>It\u00e1lia x Brasil<\/strong><br \/>\nTer\u00e7a-feira(18\/6), \u00e0s 16h<br \/>\nEst\u00e1dio du Hainaut<\/p>\n<p><strong>&gt;Todos os jogos do Brasil ser\u00e3o transmitido por Globo, Band e SporTV.\u00a0<\/strong><\/p>\n","protected":false},"excerpt":{"rendered":"<p>A Fran\u00e7a recebe a oitava edi\u00e7\u00e3o da Copa do Mundo feminina de futebol da Fifa a partir desta sexta-feira (7 de junho) e promete fazer uma grande festa por todo o m\u00eas \u2014 a final ser\u00e1 em 7 de julho. Pelo hist\u00f3rico de o pa\u00eds ter conquistado o primeiro t\u00edtulo mundial em casa, na Copa masculina de 1998; a Fran\u00e7a [&hellip;]<\/p>\n","protected":false},"author":79,"featured_media":3128,"comment_status":"open","ping_status":"open","sticky":false,"template":"","format":"standard","meta":{"footnotes":""},"categories":[25],"tags":[524,20,7],"class_list":["post-3119","post","type-post","status-publish","format-standard","has-post-thumbnail","hentry","category-futebol","tag-copa-da-franca","tag-copa-do-mundo","tag-futebol"],"_links":{"self":[{"href":"https:\/\/blogs.correiobraziliense.com.br\/elasnoataque\/wp-json\/wp\/v2\/posts\/3119","targetHints":{"allow":["GET"]}}],"collection":[{"href":"https:\/\/blogs.correiobraziliense.com.br\/elasnoataque\/wp-json\/wp\/v2\/posts"}],"about":[{"href":"https:\/\/blogs.correiobraziliense.com.br\/elasnoataque\/wp-json\/wp\/v2\/types\/post"}],"author":[{"embeddable":true,"href":"https:\/\/blogs.correiobraziliense.com.br\/elasnoataque\/wp-json\/wp\/v2\/users\/79"}],"replies":[{"embeddable":true,"href":"https:\/\/blogs.correiobraziliense.com.br\/elasnoataque\/wp-json\/wp\/v2\/comments?post=3119"}],"version-history":[{"count":5,"href":"https:\/\/blogs.correiobraziliense.com.br\/elasnoataque\/wp-json\/wp\/v2\/posts\/3119\/revisions"}],"predecessor-version":[{"id":3141,"href":"https:\/\/blogs.correiobraziliense.com.br\/elasnoataque\/wp-json\/wp\/v2\/posts\/3119\/revisions\/3141"}],"wp:featuredmedia":[{"embeddable":true,"href":"https:\/\/blogs.correiobraziliense.com.br\/elasnoataque\/wp-json\/wp\/v2\/media\/3128"}],"wp:attachment":[{"href":"https:\/\/blogs.correiobraziliense.com.br\/elasnoataque\/wp-json\/wp\/v2\/media?parent=3119"}],"wp:term":[{"taxonomy":"category","embeddable":true,"href":"https:\/\/blogs.correiobraziliense.com.br\/elasnoataque\/wp-json\/wp\/v2\/categories?post=3119"},{"taxonomy":"post_tag","embeddable":true,"href":"https:\/\/blogs.correiobraziliense.com.br\/elasnoataque\/wp-json\/wp\/v2\/tags?post=3119"}],"curies":[{"name":"wp","href":"https:\/\/api.w.org\/{rel}","templated":true}]}}