{"id":3033,"date":"2019-05-16T11:22:39","date_gmt":"2019-05-16T14:22:39","guid":{"rendered":"https:\/\/blogs.correiobraziliense.com.br\/elasnoataque\/?p=3033"},"modified":"2019-05-16T22:03:51","modified_gmt":"2019-05-17T01:03:51","slug":"questionado-vadao-convoca-selecao-que-disputara-a-copa-feminina-na-franca","status":"publish","type":"post","link":"https:\/\/blogs.correiobraziliense.com.br\/elasnoataque\/questionado-vadao-convoca-selecao-que-disputara-a-copa-feminina-na-franca\/","title":{"rendered":"Questionado, Vad\u00e3o convoca Sele\u00e7\u00e3o que disputar\u00e1 a Copa feminina na Fran\u00e7a"},"content":{"rendered":"<p>Est\u00e3o definidas as 23 jogadoras que defender\u00e3o o Brasil na Copa do Mundo feminina na Fran\u00e7a, de 7 de junho a 7 de julho. Mesmo ap\u00f3s somar nove derrotas consecutivas, o t\u00e9cnico Oswaldo Fumeiro Alvarez, o Vad\u00e3o, pouco mexeu no elenco que acumulou n\u00famero recorde de resultados ruins na equipe feminina \u2014 o Brasil n\u00e3o vence sob o comando de Vad\u00e3o desde agosto de 2018.<\/p>\n<p>As apostas do Brasil para a Copa da Fran\u00e7a, ent\u00e3o, seguem as mesmas que levaram o pa\u00eds \u00e0 melhor campanha conquistada em mundiais: o vice-campeonato em 2007. Trata-se do trio Marta, Formiga e Cristiane. A quest\u00e3o \u00e9 que essas guerreiras j\u00e1 est\u00e3o bem veteranas, com 33, 41 e 34 anos, respectivamente.<\/p>\n<p>\u201cFiz um esfor\u00e7o muito grande para a Formiga voltar, j\u00e1 que ela j\u00e1 havia se despedido da Sele\u00e7\u00e3o. E ela atendeu o nosso pedido. A gente brinca que ela n\u00e3o \u00e9 desse planeta. Ela \u00e9 uma grande refer\u00eancia e n\u00e3o poderia ficar fora desse projeto\u201d, disse o t\u00e9cnico Vad\u00e3o sobre uma das veteranas.\u00a0N\u00e3o significa que as tr\u00eas n\u00e3o possam ajudar, pois ainda jogam em alto n\u00edvel, mas<span style=\"font-weight: 400\">\u00a0a falta de alternativas na convoca\u00e7\u00e3o para propor uma estrat\u00e9gia t\u00e1tica diferente daquela que n\u00e3o vem dando resultado positivo em campo preocupa.<\/span><\/p>\n<p>Desde que reassumiu o comando da Sele\u00e7\u00e3o Brasileira feminina de futebol, em setembro de 2017, Vad\u00e3o trabalhou com 51 jogadoras em per\u00edodos de treinamentos distintos, mas poucas se firmaram, postergando uma renova\u00e7\u00e3o mais efetiva do elenco brasileiro. De volta \u00e0 Sele\u00e7\u00e3o, Vad\u00e3o teve 12 vit\u00f3rias, 1 empate e 10 derrotas at\u00e9 o momento.<\/p>\n<h2><strong>Sequ\u00eancia ruim &#8220;\u00e9 passado&#8221;<\/strong><\/h2>\n<p>O treinador falou dos \u00faltimos resultados ruins, mas preferiu colocar o assunto no passado.\u00a0&#8220;Nossa expectativa \u00e9 alta, temos atletas de qualidade \u00edmpar. Temos jogadoras que s\u00e3o capazes de resolver problemas com talento individual que poucas tem. Estaremos muito mais preparados depois desses quinze dias. Os resultados negativos s\u00e3o passados&#8221;, afirmou.<\/p>\n<p>Antes de convocar, Vad\u00e3o agradeceu as outras atletas que passaram pelos testes antes da convoca\u00e7\u00e3o. &#8220;\u00c9 muito importante agradecer todas as atletas que estiveram nesse per\u00edodo conosco. Foram 51 atletas que estiveram no per\u00edodo de testes&#8221;, disse.<\/p>\n<p>Marco Aur\u00e9lio Cunha, coordenador da Sele\u00e7\u00e3o Feminina, ressaltou o grande n\u00famero de profissionais da imprensa presentes na coletiva da convoca\u00e7\u00e3o. &#8220;Agrade\u00e7o todo apoio e esfor\u00e7o para que o futebol feminino se desenvolva no Brasil, da equipe principal at\u00e9 a base. \u00c9 um momento marcante&#8221;, ressaltou.<\/p>\n<h3><strong>Parada em Portugal antes da Fran\u00e7a<\/strong><span style=\"font-weight: 400\"><br \/>\n<\/span><\/h3>\n<figure id=\"attachment_3052\" aria-describedby=\"caption-attachment-3052\" style=\"width: 750px\" class=\"wp-caption aligncenter\"><img loading=\"lazy\" decoding=\"async\" class=\"size-full wp-image-3052\" src=\"https:\/\/blogs.correiobraziliense.com.br\/elasnoataque\/wp-content\/uploads\/sites\/36\/2019\/05\/convoca.jpg\" alt=\"Vad\u00e3o-convoca\u00e7\u00e3o-sele\u00e7\u00e3o feminina\" width=\"750\" height=\"500\" srcset=\"https:\/\/blogs.correiobraziliense.com.br\/elasnoataque\/wp-content\/uploads\/sites\/36\/2019\/05\/convoca.jpg 750w, https:\/\/blogs.correiobraziliense.com.br\/elasnoataque\/wp-content\/uploads\/sites\/36\/2019\/05\/convoca-300x200.jpg 300w, https:\/\/blogs.correiobraziliense.com.br\/elasnoataque\/wp-content\/uploads\/sites\/36\/2019\/05\/convoca-550x367.jpg 550w, https:\/\/blogs.correiobraziliense.com.br\/elasnoataque\/wp-content\/uploads\/sites\/36\/2019\/05\/convoca-230x153.jpg 230w\" sizes=\"auto, (max-width: 750px) 100vw, 750px\" \/><figcaption id=\"caption-attachment-3052\" class=\"wp-caption-text\">Vad\u00e3o detalhou o caminho da Sele\u00e7\u00e3o at\u00e9 a Copa do Mundo da Fran\u00e7a | Foto: La\u00eds Torres\/CBF<\/figcaption><\/figure>\n<p>As jogadoras e a comiss\u00e3o t\u00e9cnica da Sele\u00e7\u00e3o Brasileira embarcam para Portugal em 22 de maio, onde ficar\u00e3o at\u00e9 5 de junho. A equipe far\u00e1 a prepara\u00e7\u00e3o para a Copa da Fran\u00e7a em Portim\u00e3o, na regi\u00e3o de Algarve, visando \u00e0 aclimata\u00e7\u00e3o da equipe. A escolha do local levou em conta a temperatura no pa\u00eds europeu e o fuso hor\u00e1rio. De l\u00e1, eles viajam para Grenoble, cidade francesa que ser\u00e1 palco da estreia do Brasil diante da Jamaica, no dia 9.<\/p>\n<p>A Sele\u00e7\u00e3o Brasileira, que ocupou a terceira posi\u00e7\u00e3o no ranking da Fifa entre 2008 e 2010, chega \u00e0 Copa da Fran\u00e7a neste ano como mera coadjuvante. Na 10\u00aa coloca\u00e7\u00e3o do ranking, o Brasil \u00e9 visto como desacreditado, mesmo diante do grupo com a estreante Jamaica, a It\u00e1lia e a cabe\u00e7a de chave Austr\u00e1lia. No \u00faltimo mundial, em 2015, as brasileiras chegaram no Canad\u00e1 como a s\u00e9tima melhor equipe do mundo e acabaram eliminadas nas oitavas de final pela Austr\u00e1lia.<\/p>\n<h2><strong>Veja a lista completa:<\/strong><\/h2>\n<p><strong>Goleiras<\/strong><\/p>\n<p>Aline (Tenerife)<br \/>\nB\u00e1rbara (Kindermann)<br \/>\nLet\u00edcia Izidoro (Corinthians)<\/p>\n<p><strong>Laterais<\/strong><\/p>\n<p>Fabiana Baiana (Internacional)<br \/>\nLet\u00edcia Santos (Sportclub Sand)<br \/>\nTamires (Fortuna Hjorring)<br \/>\nCamilinha (Orlando Pride)<\/p>\n<p><strong>Zagueiras<\/strong><\/p>\n<p>\u00c9rika (Corinthians)<br \/>\nKathellen (Bordeaux)<br \/>\nM\u00f4nica (Corinthians)<br \/>\nTayla (Benfica)<\/p>\n<p><strong>Meias<\/strong><\/p>\n<p>Andressinha (Portland Thorns)<br \/>\nFormiga (PSG),<\/p>\n<p>Adriana(Corinthians)<br \/>\nThaisa (Milan)<\/p>\n<p><strong>Atacantes<\/strong><\/p>\n<p>Bia Zaneratto (Red Angels)<br \/>\nCristiane (S\u00e3o Paulo)<br \/>\nRaquel (Huelva)<br \/>\nDebinha (NC Courage)<br \/>\nGeyse (Benfica)<br \/>\nLudmila (Atl\u00e9tico de Madrid)<br \/>\nMarta (Orlando Pride)<br \/>\nAndressa Alves (Barcelona)<\/p>\n<p><iframe loading=\"lazy\" title=\"As GUERREIRAS do BRASIL est\u00e3o CONVOCADAS para a COPA DO MUNDO 2019\" width=\"1440\" height=\"810\" src=\"https:\/\/www.youtube.com\/embed\/AROrkvEwSVI?feature=oembed\" frameborder=\"0\" allow=\"accelerometer; autoplay; clipboard-write; encrypted-media; gyroscope; picture-in-picture; web-share\" referrerpolicy=\"strict-origin-when-cross-origin\" allowfullscreen><\/iframe><\/p>\n<p><strong>Por Ma\u00edra Nunes e Maria Eduarda Cardim<\/strong><\/p>\n","protected":false},"excerpt":{"rendered":"<p>Est\u00e3o definidas as 23 jogadoras que defender\u00e3o o Brasil na Copa do Mundo feminina na Fran\u00e7a, de 7 de junho a 7 de julho. Mesmo ap\u00f3s somar nove derrotas consecutivas, o t\u00e9cnico Oswaldo Fumeiro Alvarez, o Vad\u00e3o, pouco mexeu no elenco que acumulou n\u00famero recorde de resultados ruins na equipe feminina \u2014 o Brasil n\u00e3o vence sob o comando de [&hellip;]<\/p>\n","protected":false},"author":79,"featured_media":3034,"comment_status":"open","ping_status":"open","sticky":false,"template":"","format":"standard","meta":{"footnotes":""},"categories":[25],"tags":[415,524,20,629,580,261],"class_list":["post-3033","post","type-post","status-publish","format-standard","has-post-thumbnail","hentry","category-futebol","tag-convocacao","tag-copa-da-franca","tag-copa-do-mundo","tag-copa-do-mundo-feminina","tag-selecao-brasileira-feminina","tag-vadao"],"_links":{"self":[{"href":"https:\/\/blogs.correiobraziliense.com.br\/elasnoataque\/wp-json\/wp\/v2\/posts\/3033","targetHints":{"allow":["GET"]}}],"collection":[{"href":"https:\/\/blogs.correiobraziliense.com.br\/elasnoataque\/wp-json\/wp\/v2\/posts"}],"about":[{"href":"https:\/\/blogs.correiobraziliense.com.br\/elasnoataque\/wp-json\/wp\/v2\/types\/post"}],"author":[{"embeddable":true,"href":"https:\/\/blogs.correiobraziliense.com.br\/elasnoataque\/wp-json\/wp\/v2\/users\/79"}],"replies":[{"embeddable":true,"href":"https:\/\/blogs.correiobraziliense.com.br\/elasnoataque\/wp-json\/wp\/v2\/comments?post=3033"}],"version-history":[{"count":19,"href":"https:\/\/blogs.correiobraziliense.com.br\/elasnoataque\/wp-json\/wp\/v2\/posts\/3033\/revisions"}],"predecessor-version":[{"id":3056,"href":"https:\/\/blogs.correiobraziliense.com.br\/elasnoataque\/wp-json\/wp\/v2\/posts\/3033\/revisions\/3056"}],"wp:featuredmedia":[{"embeddable":true,"href":"https:\/\/blogs.correiobraziliense.com.br\/elasnoataque\/wp-json\/wp\/v2\/media\/3034"}],"wp:attachment":[{"href":"https:\/\/blogs.correiobraziliense.com.br\/elasnoataque\/wp-json\/wp\/v2\/media?parent=3033"}],"wp:term":[{"taxonomy":"category","embeddable":true,"href":"https:\/\/blogs.correiobraziliense.com.br\/elasnoataque\/wp-json\/wp\/v2\/categories?post=3033"},{"taxonomy":"post_tag","embeddable":true,"href":"https:\/\/blogs.correiobraziliense.com.br\/elasnoataque\/wp-json\/wp\/v2\/tags?post=3033"}],"curies":[{"name":"wp","href":"https:\/\/api.w.org\/{rel}","templated":true}]}}