{"id":2811,"date":"2019-03-28T20:14:36","date_gmt":"2019-03-28T23:14:36","guid":{"rendered":"https:\/\/blogs.correiobraziliense.com.br\/elasnoataque\/?p=2811"},"modified":"2019-03-29T02:08:03","modified_gmt":"2019-03-29T05:08:03","slug":"convocacao-selecao-feminina-amistosos-antes-copa","status":"publish","type":"post","link":"https:\/\/blogs.correiobraziliense.com.br\/elasnoataque\/convocacao-selecao-feminina-amistosos-antes-copa\/","title":{"rendered":"Em crise, Vad\u00e3o n\u00e3o inova na convoca\u00e7\u00e3o para \u00faltimos amistosos antes da Copa"},"content":{"rendered":"<p><span style=\"font-weight: 400\">Nas duas \u00faltimas oportunidades de testar a Sele\u00e7\u00e3o Brasileira antes da Copa do Mundo feminina, que come\u00e7a em 7 de junho, na Fran\u00e7a, o t\u00e9cnico Vad\u00e3o quer dar maior entrosamento \u00e0 equipe. O time brasileiro, por\u00e9m, soma sete derrotas seguidas. E a lateral esquerda Joyce Borini, do clube espanhol Granadilla Tenerife, \u00e9 a \u00fanica aposta diferente de Vad\u00e3o na convoca\u00e7\u00e3o anunciada nesta quinta-feira (28\/3) para os dois amistosos que ser\u00e3o disputados na Espanha. O\u00a0<\/span><span style=\"font-weight: 400\">Brasil enfrenta a sele\u00e7\u00e3o anfitri\u00e3, em 5 de abril; e a Esc\u00f3cia, dia 8. <\/span><\/p>\n<p><span style=\"font-weight: 400\">A <\/span><span style=\"font-weight: 400\">Sele\u00e7\u00e3o Brasileira voltar\u00e1 a contar com a atacante Cristiane, a meia Andressinha e a goleira B\u00e1rbara, que retornam ap\u00f3s se recuperarem de les\u00e3o. Alvo de muitas cr\u00edticas ao improvisar a meia Andressa Alves na lateral esquerda no \u00faltimo torneio que o Brasil disputou \u2014 o She Believes, entre fevereiro e mar\u00e7o, nos Estados Unidos \u2014, Vad\u00e3o demonstra na nova convoca\u00e7\u00e3o que a \u00fanica carta na manga para soluiconar o problema na posi\u00e7\u00e3o \u00e9 a lateral do Granadilla Tenerife.<\/span><\/p>\n<p><span style=\"font-weight: 400\">Com uma hist\u00f3ria pouco convencional, Joyce se profissionalizou no futebol apenas aos 25 anos. Aos 18, ela mudou-se para a Espanha, ao lado do irm\u00e3o, com objetivo de enviar dinheiro \u00e0 fam\u00edlia no Brasil. At\u00e9 conseguir efetivar o processo da documenta\u00e7\u00e3o espanhola, n\u00e3o p\u00f4de jogar profissionalmente. Acabou trabalhando no Velho Continente como gar\u00e7onete, gerente de bar e faxineira at\u00e9 se tornar jogadora. A estr\u00e9ia com a camisa verde-amarela foi na vit\u00f3ria sobre o Chile, por 4 x 0, em novembro de 2017, quando j\u00e1 tinha 29 anos. <\/span><span style=\"font-weight: 400\"><br \/>\n<\/span><\/p>\n<figure id=\"attachment_2814\" aria-describedby=\"caption-attachment-2814\" style=\"width: 750px\" class=\"wp-caption aligncenter\"><img loading=\"lazy\" decoding=\"async\" class=\"size-full wp-image-2814\" src=\"https:\/\/blogs.correiobraziliense.com.br\/elasnoataque\/wp-content\/uploads\/sites\/36\/2019\/03\/Joyce.jpg\" alt=\"\" width=\"750\" height=\"500\" srcset=\"https:\/\/blogs.correiobraziliense.com.br\/elasnoataque\/wp-content\/uploads\/sites\/36\/2019\/03\/Joyce.jpg 750w, https:\/\/blogs.correiobraziliense.com.br\/elasnoataque\/wp-content\/uploads\/sites\/36\/2019\/03\/Joyce-300x200.jpg 300w, https:\/\/blogs.correiobraziliense.com.br\/elasnoataque\/wp-content\/uploads\/sites\/36\/2019\/03\/Joyce-550x367.jpg 550w, https:\/\/blogs.correiobraziliense.com.br\/elasnoataque\/wp-content\/uploads\/sites\/36\/2019\/03\/Joyce-230x153.jpg 230w\" sizes=\"auto, (max-width: 750px) 100vw, 750px\" \/><figcaption id=\"caption-attachment-2814\" class=\"wp-caption-text\">A lateral esquerda Joyce \u00e9 a principal novidade da convoca\u00e7\u00e3o da Sele\u00e7\u00e3o | Greg\u00f3rio Fernandes\/CBF<\/figcaption><\/figure>\n<p><span style=\"font-weight: 400\">As outras duas laterais esquerdas convocadas por Vad\u00e3o para os amistosos na Espanha s\u00e3o Jucinara, jogadora do Val\u00eancia da Espanha; e Tamires, que atua no Fortuna Hjorring da Dinamarca. Enquanto Jucinara, 25 anos, estreou na Sele\u00e7\u00e3o Brasileira no mesmo ano de Joyce, em 2017; Tamires, 32, veste a amarelinha desde 2013 e tem na bagagem a participa\u00e7\u00e3o na Copa do Mundo de 2015 e nos Jogos Ol\u00edmpicos do Rio-2016, al\u00e9m do t\u00edtulo nos Jogos Pan-Americanos de Toronto-2015.<\/span><\/p>\n<p>&nbsp;<\/p>\n<h3><b>Crise perto da Copa do Mundo da Fran\u00e7a<\/b><\/h3>\n<p><span style=\"font-weight: 400\">A pouco mais de dois meses para o Mundial da Fran\u00e7a, o fantasma das derrotas vem acompanhando a Sele\u00e7\u00e3o Brasileira feminina. O elenco brasileiro n\u00e3o vence desde agosto de 2018. Neste ano, foram tr\u00eas trope\u00e7os no torneio amistoso She Believes, disputado nos Estados Unidos, entre fevereiro e mar\u00e7o: para a Inglaterra, por 2 x 1; para o Jap\u00e3o, por 3 x 1; e para os <a href=\"https:\/\/blogs.correiobraziliense.com.br\/elasnoataque\/selecao-feminina-perde-estados-unidos-crise-vadao\/\">Estados Unidos, por 1 x 0<\/a>.<\/span><\/p>\n<p><span style=\"font-weight: 400\">No torneio, a Sele\u00e7\u00e3o Brasileira sofreu seis gols, evidenciando a fragilidade da defesa. Na partida contra os Estados Unidos, Vad\u00e3o come\u00e7ou com a meia Tha\u00edsa como titular no lugar da Jucinara, que \u00e9 lateral esquerda. Por isso, surgiu a ideia de improvisar Andressa Alves na lateral. Mas a tentativa n\u00e3o se mostrou eficaz. <\/span><\/p>\n<p><span style=\"font-weight: 400\">O Brasil continuou tomando susto com perdas de bola no meio de campo e sofrendo infiltradas das americanas pelas costas das defensoras brasileiras. Sobrou at\u00e9 para Andressa Alves, que ficou irritada ao ter sido substitu\u00edda aos 15 minutos do segundo tempo. Diante do desempenho sem pontuar no torneio em que o Brasil disputou tr\u00eas jogos, os dois amistosos restantes antes da Copa do Mundo se mostraram fundamentais para que Vad\u00e3o organize o time. <\/span><\/p>\n<p><span style=\"font-weight: 400\">Tr\u00eas jogadoras que disputaram o She Believes n\u00e3o foram chamadas novamente para os amistosos na Espanha: as goleiras Let\u00edcia, do Corinthians, e Luciana, do Ferrovi\u00e1ria, al\u00e9m da meia do Flamengo, Juliana. No total, Vad\u00e3o contar\u00e1 com uma goleira a menos e uma lateral esquerda a mais do que no \u00faltimo torneio amistoso que participou. <\/span><\/p>\n<blockquote>\n<p style=\"text-align: left\"><strong>&#8220;N\u00f3s temos atletas que ainda est\u00e3o voltando de les\u00e3o e n\u00e3o est\u00e3o jogando, por isso optamos por n\u00e3o lev\u00e1-las. Temos um leque muito grande de observa\u00e7\u00f5es e estamos de olho em posi\u00e7\u00f5es pontuais&#8221;<\/strong><br \/>\nVad\u00e3o, t\u00e9cnico do Brasil<\/p>\n<\/blockquote>\n<h3><b>Os dois \u00faltimos amistosos antes da Copa <\/b><\/h3>\n<p><b>Brasil x Espanha<\/b><span style=\"font-weight: 400\"><br \/>\n<\/span><span style=\"font-weight: 400\">5 de abril<\/span><span style=\"font-weight: 400\"><br \/>\n<\/span><span style=\"font-weight: 400\">No Est\u00e1dio Municipal Vicente Sanz, em Don Benito, na Espanha<\/span><\/p>\n<p>Na 12\u00ba colocada do ranking da FIFA, a Espanha est\u00e1 no Grupo B da Copa do Mundo Feminina. Nos dois confrontos recentes entre Brasil e Espanha, a Sele\u00e7\u00e3o Brasileira se deu melhor.\u00a0Venceu na fase de grupos do Mundial de 2015 por 1 x 0; e no amistoso disputado em 2017 por 2 x 1.<b><\/b><\/p>\n<p><b>Brasil x Esc\u00f3cia<\/b><\/p>\n<p><span style=\"font-weight: 400\">8 de abril<br \/>\n<\/span><span style=\"font-weight: 400\">Na Pinatar Arena, em San Pedro de Pinatar, na Espanha<\/span><\/p>\n<p>Na\u00a020\u00ba do ranking da FIFA,\u00a0a Esc\u00f3cia est\u00e1 no Grupo D da Copa do Mundo. A \u00faltima vez que se enfrentaram foi no Torneio Internacional de Bras\u00edlia em 2013, quando as brasileiras venceram por 3 x 1.<\/p>\n<h3><b>Convocadas para os amistosos na Espanha<\/b><\/h3>\n<h4><b><img loading=\"lazy\" decoding=\"async\" class=\"aligncenter size-full wp-image-2813\" src=\"https:\/\/blogs.correiobraziliense.com.br\/elasnoataque\/wp-content\/uploads\/sites\/36\/2019\/03\/Brasil_Vadao1.jpg\" alt=\"\" width=\"750\" height=\"436\" srcset=\"https:\/\/blogs.correiobraziliense.com.br\/elasnoataque\/wp-content\/uploads\/sites\/36\/2019\/03\/Brasil_Vadao1.jpg 750w, https:\/\/blogs.correiobraziliense.com.br\/elasnoataque\/wp-content\/uploads\/sites\/36\/2019\/03\/Brasil_Vadao1-300x174.jpg 300w, https:\/\/blogs.correiobraziliense.com.br\/elasnoataque\/wp-content\/uploads\/sites\/36\/2019\/03\/Brasil_Vadao1-550x320.jpg 550w, https:\/\/blogs.correiobraziliense.com.br\/elasnoataque\/wp-content\/uploads\/sites\/36\/2019\/03\/Brasil_Vadao1-230x134.jpg 230w\" sizes=\"auto, (max-width: 750px) 100vw, 750px\" \/><br \/>\nGoleiras:<\/b><\/h4>\n<p><span style=\"font-weight: 400\">Aline &#8211; UD Granadilla Tenerife (Espanha)<br \/>\n<\/span>B\u00e1rbara &#8211; Kindermann (Brasil)<\/p>\n<h4><b>Zagueiras<\/b><\/h4>\n<p><span style=\"font-weight: 400\">\u00c9rika &#8211; Corinthians (Brasil)<br \/>\n<\/span>Kathellen &#8211; FC Girondins (Fran\u00e7a)<br \/>\n<span style=\"font-weight: 400\">M\u00f4nica &#8211; (sem clube)<\/span><span style=\"font-weight: 400\"><br \/>\n<\/span><span style=\"font-weight: 400\">Tayla &#8211; Benfica (Portugal) <\/span><\/p>\n<h4><b>Laterais esquerda<\/b><b><br \/>\n<\/b><\/h4>\n<p><span style=\"font-weight: 400\">Joyce Borini &#8211; UD Granadilla Tenerife (Espanha)<br \/>\n<\/span><span style=\"font-weight: 400\">Jucinara &#8211; Val\u00eancia (Espanha)<br \/>\n<\/span><span style=\"font-weight: 400\">Tamires &#8211; Fortuna Hjorring (Dinamarca)<\/span><\/p>\n<h4><b>Laterais direita<\/b><\/h4>\n<p><span style=\"font-weight: 400\">Let\u00edcia Santos &#8211; Sportclub Sand (Alemanha)<br \/>\n<\/span>Poliana &#8211; S\u00e3o Jos\u00e9 (Brasil)<\/p>\n<h4><b>Meio-campistas:<\/b><\/h4>\n<p><span style=\"font-weight: 400\">Andressa Alves &#8211; Barcelona (Espanha)<br \/>\n<\/span>Andressinha &#8211; Iranduba (Brasil)<br \/>\n<span style=\"font-weight: 400\">Formiga &#8211; Paris St Germain (Fran\u00e7a)<br \/>\n<\/span><span style=\"font-weight: 400\">Luana &#8211; KSPO Women Football Team (Coreia do Sul)<br \/>\n<\/span><span style=\"font-weight: 400\">Thaisa &#8211; Milan (It\u00e1lia)<\/span><\/p>\n<h4><b>Atacantes:<\/b><\/h4>\n<p>Adriana &#8211; Corinthians (Brasil)<br \/>\nCristiane &#8211; S\u00e3o Paulo (Brasil)<br \/>\nDebinha &#8211; North Carolina Courage (EUA)<br \/>\nGeyse &#8211; Benfica (Portugal)<br \/>\nLudmila &#8211; Atl\u00e9tico de Madrid (Espanha)<br \/>\nMarta &#8211; Orlando Pride (EUA)<br \/>\nRaquel &#8211; Sporting Club Huelva (Espanha)<\/p>\n","protected":false},"excerpt":{"rendered":"<p>Nas duas \u00faltimas oportunidades de testar a Sele\u00e7\u00e3o Brasileira antes da Copa do Mundo feminina, que come\u00e7a em 7 de junho, na Fran\u00e7a, o t\u00e9cnico Vad\u00e3o quer dar maior entrosamento \u00e0 equipe. O time brasileiro, por\u00e9m, soma sete derrotas seguidas. E a lateral esquerda Joyce Borini, do clube espanhol Granadilla Tenerife, \u00e9 a \u00fanica aposta diferente de Vad\u00e3o na convoca\u00e7\u00e3o [&hellip;]<\/p>\n","protected":false},"author":79,"featured_media":2812,"comment_status":"open","ping_status":"open","sticky":false,"template":"","format":"standard","meta":{"footnotes":""},"categories":[25],"tags":[415,524,596,7,181,261],"class_list":["post-2811","post","type-post","status-publish","format-standard","has-post-thumbnail","hentry","category-futebol","tag-convocacao","tag-copa-da-franca","tag-copa-feminina","tag-futebol","tag-selecao","tag-vadao"],"_links":{"self":[{"href":"https:\/\/blogs.correiobraziliense.com.br\/elasnoataque\/wp-json\/wp\/v2\/posts\/2811","targetHints":{"allow":["GET"]}}],"collection":[{"href":"https:\/\/blogs.correiobraziliense.com.br\/elasnoataque\/wp-json\/wp\/v2\/posts"}],"about":[{"href":"https:\/\/blogs.correiobraziliense.com.br\/elasnoataque\/wp-json\/wp\/v2\/types\/post"}],"author":[{"embeddable":true,"href":"https:\/\/blogs.correiobraziliense.com.br\/elasnoataque\/wp-json\/wp\/v2\/users\/79"}],"replies":[{"embeddable":true,"href":"https:\/\/blogs.correiobraziliense.com.br\/elasnoataque\/wp-json\/wp\/v2\/comments?post=2811"}],"version-history":[{"count":8,"href":"https:\/\/blogs.correiobraziliense.com.br\/elasnoataque\/wp-json\/wp\/v2\/posts\/2811\/revisions"}],"predecessor-version":[{"id":2816,"href":"https:\/\/blogs.correiobraziliense.com.br\/elasnoataque\/wp-json\/wp\/v2\/posts\/2811\/revisions\/2816"}],"wp:featuredmedia":[{"embeddable":true,"href":"https:\/\/blogs.correiobraziliense.com.br\/elasnoataque\/wp-json\/wp\/v2\/media\/2812"}],"wp:attachment":[{"href":"https:\/\/blogs.correiobraziliense.com.br\/elasnoataque\/wp-json\/wp\/v2\/media?parent=2811"}],"wp:term":[{"taxonomy":"category","embeddable":true,"href":"https:\/\/blogs.correiobraziliense.com.br\/elasnoataque\/wp-json\/wp\/v2\/categories?post=2811"},{"taxonomy":"post_tag","embeddable":true,"href":"https:\/\/blogs.correiobraziliense.com.br\/elasnoataque\/wp-json\/wp\/v2\/tags?post=2811"}],"curies":[{"name":"wp","href":"https:\/\/api.w.org\/{rel}","templated":true}]}}