{"id":2696,"date":"2019-03-11T20:01:23","date_gmt":"2019-03-11T23:01:23","guid":{"rendered":"https:\/\/blogs.correiobraziliense.com.br\/elasnoataque\/?p=2696"},"modified":"2019-03-11T20:23:21","modified_gmt":"2019-03-11T23:23:21","slug":"uniforme-exclusivo-selecao-brasileira-feminina","status":"publish","type":"post","link":"https:\/\/blogs.correiobraziliense.com.br\/elasnoataque\/uniforme-exclusivo-selecao-brasileira-feminina\/","title":{"rendered":"Veja o uniforme feito exclusivamente para Sele\u00e7\u00e3o feminina pela 1\u00aa vez"},"content":{"rendered":"<p>A Sele\u00e7\u00e3o Brasileira de Futebol feminino ter\u00e1, pela primeira vez na hist\u00f3ria, um uniforme feito exclusivamente para elas \u2014 e n\u00e3o usar\u00e1, como sempre ocorreu, o mesmo da equipe masculina. O modelo ser\u00e1 usado na Copa do Mundo da Fran\u00e7a, que ser\u00e1 disputada de 7 de junho a 7 de julho de 2019.<\/p>\n<p>A Nike tamb\u00e9m apresentou uniformes exclusivas de outras sele\u00e7\u00f5es no evento, que contou ainda com as jogadoras Alex Morgan, dos Estados Unidos; Kadeisha Buchanan, do Canad\u00e1; e Lucy Bronze, da Inglaterra. A Adidas tamb\u00e9m fabricou uniformes exclusivos para as equipes femininas patrocinadas pela marca que v\u00e3o disputar o Mundial. E, antes, j\u00e1 tinha anunciado que, vai igualar as premia\u00e7\u00f5es entre equipes masculinas e femininas pagas de b\u00f4nus aos vencedores da Copa.<\/p>\n<p>A cole\u00e7\u00e3o do Brasil foi criada ap\u00f3s estudos e troca de informa\u00e7\u00f5es com as jogadoras. Um dos principais pedidos delas foi o caimento do shorts. E o resultado parece ter agradado. \u201cQuando vestimos a camisa do Brasil, al\u00e9m de buscar o melhor para a equipe, n\u00f3s estamos brigando para que todas as mulheres tenham seu espa\u00e7o no esporte&#8221;, pontua Andressinha, meio-campista da Sele\u00e7\u00e3o.<\/p>\n<p>Nas costas da gola da camisa da Sele\u00e7\u00e3o Brasileira, h\u00e1 estampada a frase \u201cMulheres Guerreiras do Brasil\u201d. O uniforme principal carrega o tradicional tom dourado, j\u00e1 o segundo \u00e9\u00a0inspirado em um constela\u00e7\u00e3o de estrelas. Os elementos gr\u00e1ficos clareiam em degrad\u00ea na dire\u00e7\u00e3o da cintura e criam um efeito marcante, enquanto a gola segue a mesma tonalidade azul das barras das mangas.<\/p>\n<h2><strong>Veja se voc\u00ea gosta dos uniformes da Sele\u00e7\u00e3o Brasileira feminina<\/strong><\/h2>\n<p>&nbsp;<\/p>\n<div id='gallery-1' class='gallery galleryid-2696 gallery-columns-1 gallery-size-full'><figure class='gallery-item'>\n\t\t\t<div class='gallery-icon portrait'>\n\t\t\t\t<a href='https:\/\/blogs.correiobraziliense.com.br\/elasnoataque\/uniforme-exclusivo-selecao-brasileira-feminina\/su19_fbl_apla_andressinha_087_low\/'><img loading=\"lazy\" decoding=\"async\" width=\"1536\" height=\"2304\" src=\"https:\/\/blogs.correiobraziliense.com.br\/elasnoataque\/wp-content\/uploads\/sites\/36\/2019\/03\/SU19_FBL_APLA_andressinha_087_low.jpg\" class=\"attachment-full size-full\" alt=\"\" srcset=\"https:\/\/blogs.correiobraziliense.com.br\/elasnoataque\/wp-content\/uploads\/sites\/36\/2019\/03\/SU19_FBL_APLA_andressinha_087_low.jpg 1536w, https:\/\/blogs.correiobraziliense.com.br\/elasnoataque\/wp-content\/uploads\/sites\/36\/2019\/03\/SU19_FBL_APLA_andressinha_087_low-200x300.jpg 200w, https:\/\/blogs.correiobraziliense.com.br\/elasnoataque\/wp-content\/uploads\/sites\/36\/2019\/03\/SU19_FBL_APLA_andressinha_087_low-768x1152.jpg 768w, https:\/\/blogs.correiobraziliense.com.br\/elasnoataque\/wp-content\/uploads\/sites\/36\/2019\/03\/SU19_FBL_APLA_andressinha_087_low-683x1024.jpg 683w, https:\/\/blogs.correiobraziliense.com.br\/elasnoataque\/wp-content\/uploads\/sites\/36\/2019\/03\/SU19_FBL_APLA_andressinha_087_low-1440x2160.jpg 1440w, https:\/\/blogs.correiobraziliense.com.br\/elasnoataque\/wp-content\/uploads\/sites\/36\/2019\/03\/SU19_FBL_APLA_andressinha_087_low-550x825.jpg 550w, https:\/\/blogs.correiobraziliense.com.br\/elasnoataque\/wp-content\/uploads\/sites\/36\/2019\/03\/SU19_FBL_APLA_andressinha_087_low-230x345.jpg 230w\" sizes=\"auto, (max-width: 1536px) 100vw, 1536px\" \/><\/a>\n\t\t\t<\/div><\/figure><figure class='gallery-item'>\n\t\t\t<div class='gallery-icon portrait'>\n\t\t\t\t<a href='https:\/\/blogs.correiobraziliense.com.br\/elasnoataque\/uniforme-exclusivo-selecao-brasileira-feminina\/su19_fb_ntc_apla_23a1720_low-1\/'><img loading=\"lazy\" decoding=\"async\" width=\"1536\" height=\"2304\" src=\"https:\/\/blogs.correiobraziliense.com.br\/elasnoataque\/wp-content\/uploads\/sites\/36\/2019\/03\/SU19_FB_NTC_APLA_23A1720_low-1.jpg\" class=\"attachment-full size-full\" alt=\"\" srcset=\"https:\/\/blogs.correiobraziliense.com.br\/elasnoataque\/wp-content\/uploads\/sites\/36\/2019\/03\/SU19_FB_NTC_APLA_23A1720_low-1.jpg 1536w, https:\/\/blogs.correiobraziliense.com.br\/elasnoataque\/wp-content\/uploads\/sites\/36\/2019\/03\/SU19_FB_NTC_APLA_23A1720_low-1-200x300.jpg 200w, https:\/\/blogs.correiobraziliense.com.br\/elasnoataque\/wp-content\/uploads\/sites\/36\/2019\/03\/SU19_FB_NTC_APLA_23A1720_low-1-768x1152.jpg 768w, https:\/\/blogs.correiobraziliense.com.br\/elasnoataque\/wp-content\/uploads\/sites\/36\/2019\/03\/SU19_FB_NTC_APLA_23A1720_low-1-683x1024.jpg 683w, https:\/\/blogs.correiobraziliense.com.br\/elasnoataque\/wp-content\/uploads\/sites\/36\/2019\/03\/SU19_FB_NTC_APLA_23A1720_low-1-1440x2160.jpg 1440w, https:\/\/blogs.correiobraziliense.com.br\/elasnoataque\/wp-content\/uploads\/sites\/36\/2019\/03\/SU19_FB_NTC_APLA_23A1720_low-1-550x825.jpg 550w, https:\/\/blogs.correiobraziliense.com.br\/elasnoataque\/wp-content\/uploads\/sites\/36\/2019\/03\/SU19_FB_NTC_APLA_23A1720_low-1-230x345.jpg 230w\" sizes=\"auto, (max-width: 1536px) 100vw, 1536px\" \/><\/a>\n\t\t\t<\/div><\/figure><figure class='gallery-item'>\n\t\t\t<div class='gallery-icon portrait'>\n\t\t\t\t<a href='https:\/\/blogs.correiobraziliense.com.br\/elasnoataque\/uniforme-exclusivo-selecao-brasileira-feminina\/su19_fbl_apla_andressaalves_109_low\/'><img loading=\"lazy\" decoding=\"async\" width=\"1536\" height=\"2304\" src=\"https:\/\/blogs.correiobraziliense.com.br\/elasnoataque\/wp-content\/uploads\/sites\/36\/2019\/03\/SU19_FBL_APLA_andressaalves_109_low.jpg\" class=\"attachment-full size-full\" alt=\"\" srcset=\"https:\/\/blogs.correiobraziliense.com.br\/elasnoataque\/wp-content\/uploads\/sites\/36\/2019\/03\/SU19_FBL_APLA_andressaalves_109_low.jpg 1536w, https:\/\/blogs.correiobraziliense.com.br\/elasnoataque\/wp-content\/uploads\/sites\/36\/2019\/03\/SU19_FBL_APLA_andressaalves_109_low-200x300.jpg 200w, https:\/\/blogs.correiobraziliense.com.br\/elasnoataque\/wp-content\/uploads\/sites\/36\/2019\/03\/SU19_FBL_APLA_andressaalves_109_low-768x1152.jpg 768w, https:\/\/blogs.correiobraziliense.com.br\/elasnoataque\/wp-content\/uploads\/sites\/36\/2019\/03\/SU19_FBL_APLA_andressaalves_109_low-683x1024.jpg 683w, https:\/\/blogs.correiobraziliense.com.br\/elasnoataque\/wp-content\/uploads\/sites\/36\/2019\/03\/SU19_FBL_APLA_andressaalves_109_low-1440x2160.jpg 1440w, https:\/\/blogs.correiobraziliense.com.br\/elasnoataque\/wp-content\/uploads\/sites\/36\/2019\/03\/SU19_FBL_APLA_andressaalves_109_low-550x825.jpg 550w, https:\/\/blogs.correiobraziliense.com.br\/elasnoataque\/wp-content\/uploads\/sites\/36\/2019\/03\/SU19_FBL_APLA_andressaalves_109_low-230x345.jpg 230w\" sizes=\"auto, (max-width: 1536px) 100vw, 1536px\" \/><\/a>\n\t\t\t<\/div><\/figure><figure class='gallery-item'>\n\t\t\t<div class='gallery-icon portrait'>\n\t\t\t\t<a href='https:\/\/blogs.correiobraziliense.com.br\/elasnoataque\/uniforme-exclusivo-selecao-brasileira-feminina\/su19_fbl_apla_bia_058_low-1\/'><img loading=\"lazy\" decoding=\"async\" width=\"1536\" height=\"2304\" src=\"https:\/\/blogs.correiobraziliense.com.br\/elasnoataque\/wp-content\/uploads\/sites\/36\/2019\/03\/SU19_FBL_APLA_bia_058_low-1.jpg\" class=\"attachment-full size-full\" alt=\"\" srcset=\"https:\/\/blogs.correiobraziliense.com.br\/elasnoataque\/wp-content\/uploads\/sites\/36\/2019\/03\/SU19_FBL_APLA_bia_058_low-1.jpg 1536w, https:\/\/blogs.correiobraziliense.com.br\/elasnoataque\/wp-content\/uploads\/sites\/36\/2019\/03\/SU19_FBL_APLA_bia_058_low-1-200x300.jpg 200w, https:\/\/blogs.correiobraziliense.com.br\/elasnoataque\/wp-content\/uploads\/sites\/36\/2019\/03\/SU19_FBL_APLA_bia_058_low-1-768x1152.jpg 768w, https:\/\/blogs.correiobraziliense.com.br\/elasnoataque\/wp-content\/uploads\/sites\/36\/2019\/03\/SU19_FBL_APLA_bia_058_low-1-683x1024.jpg 683w, https:\/\/blogs.correiobraziliense.com.br\/elasnoataque\/wp-content\/uploads\/sites\/36\/2019\/03\/SU19_FBL_APLA_bia_058_low-1-1440x2160.jpg 1440w, https:\/\/blogs.correiobraziliense.com.br\/elasnoataque\/wp-content\/uploads\/sites\/36\/2019\/03\/SU19_FBL_APLA_bia_058_low-1-550x825.jpg 550w, https:\/\/blogs.correiobraziliense.com.br\/elasnoataque\/wp-content\/uploads\/sites\/36\/2019\/03\/SU19_FBL_APLA_bia_058_low-1-230x345.jpg 230w\" sizes=\"auto, (max-width: 1536px) 100vw, 1536px\" \/><\/a>\n\t\t\t<\/div><\/figure><figure class='gallery-item'>\n\t\t\t<div class='gallery-icon portrait'>\n\t\t\t\t<a href='https:\/\/blogs.correiobraziliense.com.br\/elasnoataque\/uniforme-exclusivo-selecao-brasileira-feminina\/su19_fbl_apla_bia_060_low\/'><img loading=\"lazy\" decoding=\"async\" width=\"922\" height=\"1382\" src=\"https:\/\/blogs.correiobraziliense.com.br\/elasnoataque\/wp-content\/uploads\/sites\/36\/2019\/03\/SU19_FBL_APLA_bia_060_low.jpg\" class=\"attachment-full size-full\" alt=\"\" srcset=\"https:\/\/blogs.correiobraziliense.com.br\/elasnoataque\/wp-content\/uploads\/sites\/36\/2019\/03\/SU19_FBL_APLA_bia_060_low.jpg 922w, https:\/\/blogs.correiobraziliense.com.br\/elasnoataque\/wp-content\/uploads\/sites\/36\/2019\/03\/SU19_FBL_APLA_bia_060_low-200x300.jpg 200w, https:\/\/blogs.correiobraziliense.com.br\/elasnoataque\/wp-content\/uploads\/sites\/36\/2019\/03\/SU19_FBL_APLA_bia_060_low-768x1151.jpg 768w, https:\/\/blogs.correiobraziliense.com.br\/elasnoataque\/wp-content\/uploads\/sites\/36\/2019\/03\/SU19_FBL_APLA_bia_060_low-683x1024.jpg 683w, https:\/\/blogs.correiobraziliense.com.br\/elasnoataque\/wp-content\/uploads\/sites\/36\/2019\/03\/SU19_FBL_APLA_bia_060_low-550x824.jpg 550w, https:\/\/blogs.correiobraziliense.com.br\/elasnoataque\/wp-content\/uploads\/sites\/36\/2019\/03\/SU19_FBL_APLA_bia_060_low-230x345.jpg 230w\" sizes=\"auto, (max-width: 922px) 100vw, 922px\" \/><\/a>\n\t\t\t<\/div><\/figure><figure class='gallery-item'>\n\t\t\t<div class='gallery-icon portrait'>\n\t\t\t\t<a href='https:\/\/blogs.correiobraziliense.com.br\/elasnoataque\/uniforme-exclusivo-selecao-brasileira-feminina\/su19_fbl_apla_andressaalves_110_low-1\/'><img loading=\"lazy\" decoding=\"async\" width=\"922\" height=\"1382\" src=\"https:\/\/blogs.correiobraziliense.com.br\/elasnoataque\/wp-content\/uploads\/sites\/36\/2019\/03\/SU19_FBL_APLA_andressaalves_110_low-1.jpg\" class=\"attachment-full size-full\" alt=\"\" srcset=\"https:\/\/blogs.correiobraziliense.com.br\/elasnoataque\/wp-content\/uploads\/sites\/36\/2019\/03\/SU19_FBL_APLA_andressaalves_110_low-1.jpg 922w, https:\/\/blogs.correiobraziliense.com.br\/elasnoataque\/wp-content\/uploads\/sites\/36\/2019\/03\/SU19_FBL_APLA_andressaalves_110_low-1-200x300.jpg 200w, https:\/\/blogs.correiobraziliense.com.br\/elasnoataque\/wp-content\/uploads\/sites\/36\/2019\/03\/SU19_FBL_APLA_andressaalves_110_low-1-768x1151.jpg 768w, https:\/\/blogs.correiobraziliense.com.br\/elasnoataque\/wp-content\/uploads\/sites\/36\/2019\/03\/SU19_FBL_APLA_andressaalves_110_low-1-683x1024.jpg 683w, https:\/\/blogs.correiobraziliense.com.br\/elasnoataque\/wp-content\/uploads\/sites\/36\/2019\/03\/SU19_FBL_APLA_andressaalves_110_low-1-550x824.jpg 550w, https:\/\/blogs.correiobraziliense.com.br\/elasnoataque\/wp-content\/uploads\/sites\/36\/2019\/03\/SU19_FBL_APLA_andressaalves_110_low-1-230x345.jpg 230w\" sizes=\"auto, (max-width: 922px) 100vw, 922px\" \/><\/a>\n\t\t\t<\/div><\/figure><figure class='gallery-item'>\n\t\t\t<div class='gallery-icon portrait'>\n\t\t\t\t<a href='https:\/\/blogs.correiobraziliense.com.br\/elasnoataque\/uniforme-exclusivo-selecao-brasileira-feminina\/su19_fbl_apla_group_177_crop_1_low-1\/'><img loading=\"lazy\" decoding=\"async\" width=\"1320\" height=\"1980\" src=\"https:\/\/blogs.correiobraziliense.com.br\/elasnoataque\/wp-content\/uploads\/sites\/36\/2019\/03\/SU19_FBL_APLA_group_177_crop_1_low-1.jpg\" class=\"attachment-full size-full\" alt=\"\" srcset=\"https:\/\/blogs.correiobraziliense.com.br\/elasnoataque\/wp-content\/uploads\/sites\/36\/2019\/03\/SU19_FBL_APLA_group_177_crop_1_low-1.jpg 1320w, https:\/\/blogs.correiobraziliense.com.br\/elasnoataque\/wp-content\/uploads\/sites\/36\/2019\/03\/SU19_FBL_APLA_group_177_crop_1_low-1-200x300.jpg 200w, https:\/\/blogs.correiobraziliense.com.br\/elasnoataque\/wp-content\/uploads\/sites\/36\/2019\/03\/SU19_FBL_APLA_group_177_crop_1_low-1-768x1152.jpg 768w, https:\/\/blogs.correiobraziliense.com.br\/elasnoataque\/wp-content\/uploads\/sites\/36\/2019\/03\/SU19_FBL_APLA_group_177_crop_1_low-1-683x1024.jpg 683w, https:\/\/blogs.correiobraziliense.com.br\/elasnoataque\/wp-content\/uploads\/sites\/36\/2019\/03\/SU19_FBL_APLA_group_177_crop_1_low-1-550x825.jpg 550w, https:\/\/blogs.correiobraziliense.com.br\/elasnoataque\/wp-content\/uploads\/sites\/36\/2019\/03\/SU19_FBL_APLA_group_177_crop_1_low-1-230x345.jpg 230w\" sizes=\"auto, (max-width: 1320px) 100vw, 1320px\" \/><\/a>\n\t\t\t<\/div><\/figure><figure class='gallery-item'>\n\t\t\t<div class='gallery-icon landscape'>\n\t\t\t\t<a href='https:\/\/blogs.correiobraziliense.com.br\/elasnoataque\/uniforme-exclusivo-selecao-brasileira-feminina\/south-africa-v-brazil-womens-football-olympics-day-4\/'><img loading=\"lazy\" decoding=\"async\" width=\"1008\" height=\"671\" src=\"https:\/\/blogs.correiobraziliense.com.br\/elasnoataque\/wp-content\/uploads\/sites\/36\/2019\/03\/SU19_GFB_-NTC_SingleFed_Brazil_ANDRESSINHA_PERFORMANCE_001_v2_low-1.jpg\" class=\"attachment-full size-full\" alt=\"\" aria-describedby=\"gallery-1-2706\" srcset=\"https:\/\/blogs.correiobraziliense.com.br\/elasnoataque\/wp-content\/uploads\/sites\/36\/2019\/03\/SU19_GFB_-NTC_SingleFed_Brazil_ANDRESSINHA_PERFORMANCE_001_v2_low-1.jpg 1008w, https:\/\/blogs.correiobraziliense.com.br\/elasnoataque\/wp-content\/uploads\/sites\/36\/2019\/03\/SU19_GFB_-NTC_SingleFed_Brazil_ANDRESSINHA_PERFORMANCE_001_v2_low-1-300x200.jpg 300w, https:\/\/blogs.correiobraziliense.com.br\/elasnoataque\/wp-content\/uploads\/sites\/36\/2019\/03\/SU19_GFB_-NTC_SingleFed_Brazil_ANDRESSINHA_PERFORMANCE_001_v2_low-1-768x511.jpg 768w, https:\/\/blogs.correiobraziliense.com.br\/elasnoataque\/wp-content\/uploads\/sites\/36\/2019\/03\/SU19_GFB_-NTC_SingleFed_Brazil_ANDRESSINHA_PERFORMANCE_001_v2_low-1-550x366.jpg 550w, https:\/\/blogs.correiobraziliense.com.br\/elasnoataque\/wp-content\/uploads\/sites\/36\/2019\/03\/SU19_GFB_-NTC_SingleFed_Brazil_ANDRESSINHA_PERFORMANCE_001_v2_low-1-230x153.jpg 230w\" sizes=\"auto, (max-width: 1008px) 100vw, 1008px\" \/><\/a>\n\t\t\t<\/div>\n\t\t\t\t<figcaption class='wp-caption-text gallery-caption' id='gallery-1-2706'>\n\t\t\t\tMANAUS, BRAZIL &#8211; AUGUST 09:  Andressinha (Andressa Cavalari Machry) player of Brazil battles for the ball with Refiloe Jane player of South Africa during 2016 Summer Olympics match between Brazil and South Africa &#8211; Women&#8217;s Football at Arena Amazonia on August 9, 2016 in Manaus, Brazil. (Photo by Bruno Zanardo\/Getty Images)\n\t\t\t\t<\/figcaption><\/figure><figure class='gallery-item'>\n\t\t\t<div class='gallery-icon landscape'>\n\t\t\t\t<a href='https:\/\/blogs.correiobraziliense.com.br\/elasnoataque\/uniforme-exclusivo-selecao-brasileira-feminina\/su19_gfb_ntc_singlefed_brasil_home_productdetail_vaporknit_laydown_1_low-1\/'><img loading=\"lazy\" decoding=\"async\" width=\"750\" height=\"562\" src=\"https:\/\/blogs.correiobraziliense.com.br\/elasnoataque\/wp-content\/uploads\/sites\/36\/2019\/03\/SU19_GFB_NTC_SingleFed_BRASIL_HOME_ProductDetail_VaporKnit_Laydown_1_low-1-e1552344733555.jpg\" class=\"attachment-full size-full\" alt=\"\" \/><\/a>\n\t\t\t<\/div><\/figure><figure class='gallery-item'>\n\t\t\t<div class='gallery-icon landscape'>\n\t\t\t\t<a href='https:\/\/blogs.correiobraziliense.com.br\/elasnoataque\/uniforme-exclusivo-selecao-brasileira-feminina\/su19_gfb_ntc_singlefed_brasil_home_productdetail_vaporknit_laydown_2_low-1\/'><img loading=\"lazy\" decoding=\"async\" width=\"750\" height=\"563\" src=\"https:\/\/blogs.correiobraziliense.com.br\/elasnoataque\/wp-content\/uploads\/sites\/36\/2019\/03\/SU19_GFB_NTC_SingleFed_BRASIL_HOME_ProductDetail_VaporKnit_Laydown_2_low-1-e1552344794257.jpg\" class=\"attachment-full size-full\" alt=\"\" \/><\/a>\n\t\t\t<\/div><\/figure><figure class='gallery-item'>\n\t\t\t<div class='gallery-icon landscape'>\n\t\t\t\t<a href='https:\/\/blogs.correiobraziliense.com.br\/elasnoataque\/uniforme-exclusivo-selecao-brasileira-feminina\/selecao-1\/'><img loading=\"lazy\" decoding=\"async\" width=\"750\" height=\"563\" src=\"https:\/\/blogs.correiobraziliense.com.br\/elasnoataque\/wp-content\/uploads\/sites\/36\/2019\/03\/Selecao-1-e1552344831295.jpg\" class=\"attachment-full size-full\" alt=\"\" \/><\/a>\n\t\t\t<\/div><\/figure><figure class='gallery-item'>\n\t\t\t<div class='gallery-icon landscape'>\n\t\t\t\t<a href='https:\/\/blogs.correiobraziliense.com.br\/elasnoataque\/uniforme-exclusivo-selecao-brasileira-feminina\/selecao-2-2\/'><img loading=\"lazy\" decoding=\"async\" width=\"750\" height=\"563\" src=\"https:\/\/blogs.correiobraziliense.com.br\/elasnoataque\/wp-content\/uploads\/sites\/36\/2019\/03\/Selecao-2-e1552344869665.jpg\" class=\"attachment-full size-full\" alt=\"jogadoras da Sele\u00e7\u00e3o Brasileira posam para fotos com o uniforme criado com exclusividade para elas pela primeira vez\" aria-describedby=\"gallery-1-2708\" \/><\/a>\n\t\t\t<\/div>\n\t\t\t\t<figcaption class='wp-caption-text gallery-caption' id='gallery-1-2708'>\n\t\t\t\tUniforme exclusivo para jogadoras da Sele\u00e7\u00e3o Braseira feminina disputar a Copa do Mundo\n\t\t\t\t<\/figcaption><\/figure>\n\t\t<\/div>\n\n<p>&#8220;Temos enorme responsabilidade como refer\u00eancia para todas as meninas apaixonadas pelo esporte. Vai al\u00e9m da pr\u00e1tica esportiva porque \u00e9 uma luta pela igualdade\u201d, orgulha-se Andressinha.\u00a0O elenco brasileiro estreia os uniformes novos nos amistosos que disputar\u00e1 como prepara\u00e7\u00e3o para a Copa da Fran\u00e7a. E os torcedores v\u00e3o poder compr\u00e1-los a partir de 15 de mar\u00e7o.<\/p>\n<p>Representaram o Brasil no lan\u00e7amento realizado pela Nike nesta segunda-feira (11\/3), na Fran\u00e7a, as jogadoras Adriana Silva,\u00a0atacante do Corinthians e artilheira da \u00faltima edi\u00e7\u00e3o do Campeonato Brasileiro, e Debinha, que defende o North Carolina Courage e disputa a Liga nacional americana.<\/p>\n<h2><strong><br \/>\nAssista \u00e0 rea\u00e7\u00e3o das jogadoras quando viram o uniforme<\/strong><\/h2>\n<p><a href=\"https:\/\/www.instagram.com\/p\/Bu4FOzRAD87\/\">https:\/\/www.instagram.com\/p\/Bu4FOzRAD87\/<\/a><\/p>\n","protected":false},"excerpt":{"rendered":"<p>A Sele\u00e7\u00e3o Brasileira de Futebol feminino ter\u00e1, pela primeira vez na hist\u00f3ria, um uniforme feito exclusivamente para elas \u2014 e n\u00e3o usar\u00e1, como sempre ocorreu, o mesmo da equipe masculina. O modelo ser\u00e1 usado na Copa do Mundo da Fran\u00e7a, que ser\u00e1 disputada de 7 de junho a 7 de julho de 2019. A Nike tamb\u00e9m apresentou uniformes exclusivas de [&hellip;]<\/p>\n","protected":false},"author":79,"featured_media":2711,"comment_status":"open","ping_status":"open","sticky":false,"template":"","format":"standard","meta":{"footnotes":""},"categories":[25],"tags":[595,524,20,576,7,594],"class_list":["post-2696","post","type-post","status-publish","format-standard","has-post-thumbnail","hentry","category-futebol","tag-adriana-silva","tag-copa-da-franca","tag-copa-do-mundo","tag-debinha","tag-futebol","tag-uniforme"],"_links":{"self":[{"href":"https:\/\/blogs.correiobraziliense.com.br\/elasnoataque\/wp-json\/wp\/v2\/posts\/2696","targetHints":{"allow":["GET"]}}],"collection":[{"href":"https:\/\/blogs.correiobraziliense.com.br\/elasnoataque\/wp-json\/wp\/v2\/posts"}],"about":[{"href":"https:\/\/blogs.correiobraziliense.com.br\/elasnoataque\/wp-json\/wp\/v2\/types\/post"}],"author":[{"embeddable":true,"href":"https:\/\/blogs.correiobraziliense.com.br\/elasnoataque\/wp-json\/wp\/v2\/users\/79"}],"replies":[{"embeddable":true,"href":"https:\/\/blogs.correiobraziliense.com.br\/elasnoataque\/wp-json\/wp\/v2\/comments?post=2696"}],"version-history":[{"count":5,"href":"https:\/\/blogs.correiobraziliense.com.br\/elasnoataque\/wp-json\/wp\/v2\/posts\/2696\/revisions"}],"predecessor-version":[{"id":2715,"href":"https:\/\/blogs.correiobraziliense.com.br\/elasnoataque\/wp-json\/wp\/v2\/posts\/2696\/revisions\/2715"}],"wp:featuredmedia":[{"embeddable":true,"href":"https:\/\/blogs.correiobraziliense.com.br\/elasnoataque\/wp-json\/wp\/v2\/media\/2711"}],"wp:attachment":[{"href":"https:\/\/blogs.correiobraziliense.com.br\/elasnoataque\/wp-json\/wp\/v2\/media?parent=2696"}],"wp:term":[{"taxonomy":"category","embeddable":true,"href":"https:\/\/blogs.correiobraziliense.com.br\/elasnoataque\/wp-json\/wp\/v2\/categories?post=2696"},{"taxonomy":"post_tag","embeddable":true,"href":"https:\/\/blogs.correiobraziliense.com.br\/elasnoataque\/wp-json\/wp\/v2\/tags?post=2696"}],"curies":[{"name":"wp","href":"https:\/\/api.w.org\/{rel}","templated":true}]}}