{"id":2646,"date":"2019-02-23T13:28:21","date_gmt":"2019-02-23T16:28:21","guid":{"rendered":"https:\/\/blogs.correiobraziliense.com.br\/elasnoataque\/?p=2646"},"modified":"2019-02-23T13:30:33","modified_gmt":"2019-02-23T16:30:33","slug":"she-believes-antes-copa-do-mundo-feminina","status":"publish","type":"post","link":"https:\/\/blogs.correiobraziliense.com.br\/elasnoataque\/she-believes-antes-copa-do-mundo-feminina\/","title":{"rendered":"Sem Cristiane, Brasil viaja para \u00faltimo torneio antes da Copa da Fran\u00e7a"},"content":{"rendered":"<p><span style=\"font-weight: 400\">A quatro meses da Copa do Mundo feminina da Fran\u00e7a, a Sele\u00e7\u00e3o Brasileira ter\u00e1 a oportunidade de jogar contra Estados Unidos, Inglaterra e Jap\u00e3o no <a href=\"https:\/\/www.ussoccer.com\/womens-national-team\/tournaments\/2018-shebelieves-cup#tab-1\">Torneio She Believes<\/a>. A competi\u00e7\u00e3o ser\u00e1 disputada entre 25 de fevereiro e 5 de mar\u00e7o, em tr\u00eas cidades dos Estados Unidos: <\/span><span style=\"font-weight: 400\">Filad\u00e9lfia, Nashville e Tampa.\u00a0A\u00a0equipe comandada pelo t\u00e9cnico Vad\u00e3o viaja neste s\u00e1bado (23\/2), mas desfalcada da\u00a0atacante Cristiane, que foi cortada ap\u00f3s sofrer uma les\u00e3o no m\u00fasculo s\u00f3leo grau \u00bd, na panturrilha direita.<\/span><\/p>\n<p><span style=\"font-weight: 400\">Cristiane se contundiu durante treino da Sele\u00e7\u00e3o em Itu, S\u00e3o Paulo, na quarta-feira (20\/2), tr\u00eas dias antes da viagem da equipe para os Estados Unidos. Sem condi\u00e7\u00f5es f\u00edsicas de disputar o torneio <\/span><span style=\"font-weight: 400\">She Believes<\/span><span style=\"font-weight: 400\">, a convoca\u00e7\u00e3o de Vad\u00e3o j\u00e1 n\u00e3o contou com o nome da atacante. O torneio \u00e9 o \u00faltimo <\/span><span style=\"font-weight: 400\">antes da Copa do Mundo. Depois, a Sele\u00e7\u00e3o Brasileira deve contar com apenas dois jogos amistosos at\u00e9 o principal desafio do ano. <\/span><\/p>\n<figure id=\"attachment_2648\" aria-describedby=\"caption-attachment-2648\" style=\"width: 750px\" class=\"wp-caption aligncenter\"><img loading=\"lazy\" decoding=\"async\" class=\"size-full wp-image-2648\" src=\"https:\/\/blogs.correiobraziliense.com.br\/elasnoataque\/wp-content\/uploads\/sites\/36\/2019\/02\/Copa-Cristiane.jpg\" alt=\"Atacante Cristiane sofreu les\u00e3o e foi cortada da Sele\u00e7\u00e3o Brasileira de futebol feminino que vai disputar o Torneio She Believes, nos Estados Unidos\" width=\"750\" height=\"478\" srcset=\"https:\/\/blogs.correiobraziliense.com.br\/elasnoataque\/wp-content\/uploads\/sites\/36\/2019\/02\/Copa-Cristiane.jpg 750w, https:\/\/blogs.correiobraziliense.com.br\/elasnoataque\/wp-content\/uploads\/sites\/36\/2019\/02\/Copa-Cristiane-300x191.jpg 300w, https:\/\/blogs.correiobraziliense.com.br\/elasnoataque\/wp-content\/uploads\/sites\/36\/2019\/02\/Copa-Cristiane-550x351.jpg 550w, https:\/\/blogs.correiobraziliense.com.br\/elasnoataque\/wp-content\/uploads\/sites\/36\/2019\/02\/Copa-Cristiane-230x147.jpg 230w\" sizes=\"auto, (max-width: 750px) 100vw, 750px\" \/><figcaption id=\"caption-attachment-2648\" class=\"wp-caption-text\">CBF\/Divulga\u00e7\u00e3o<\/figcaption><\/figure>\n<p><span style=\"font-weight: 400\">A Sele\u00e7\u00e3o Brasileira Feminina est\u00e1 em esquema de concentra\u00e7\u00e3o desde 14 de janeiro. Os dois per\u00edodos de treinos iniciais foram realizados na Granja Comary, no Rio de Janeiro, e a reta final dos trabalhos foram em Itu, S\u00e3o Paulo. Algumas atletas ficaram concentradas o tempo m\u00e1ximo de 40 dias, enquanto outras passaram por per\u00edodos menores de treino. <\/span><\/p>\n<p><span style=\"font-weight: 400\">Ao todo, <a href=\"https:\/\/blogs.correiobraziliense.com.br\/elasnoataque\/selecao-brasileira-feminina-convocacao-copa-do-mundo\/\">mais de 42 jogadoras foram observadas pelo t\u00e9cnico Vad\u00e3o<\/a>, que tamb\u00e9m teve tempo para fazer trabalhos f\u00edsicos e t\u00e9cnicos. Foram convocadas 23 atletas para o torneio nos Estados Unidos. \u201cVamos levar as atletas que est\u00e3o melhor fisicamente. Convocamos tamb\u00e9m algumas jogadoras que se recuperaram de les\u00e3o, para que possamos ter uma avalia\u00e7\u00e3o de cada uma\u201d, explicou Vad\u00e3o.<\/span><\/p>\n<h2><b><br \/>\nCalend\u00e1rio de jogos do <\/b><b>Torneio She Believes<\/b><span style=\"font-weight: 400\"><br \/>\n<b style=\"font-size: 16px\"><br \/>\n27\/2 &#8211; Filad\u00e9lfia, Pensilv\u00e2nia I Talen Energy Stadium \u00a0\u00a0<\/b><br \/>\n<\/span><\/h2>\n<p><span style=\"font-weight: 400\">18h10 &#8211; Inglaterra x Brasil<\/span><\/p>\n<p><span style=\"font-weight: 400\">19h &#8211; EUA X Jap\u00e3o \u00a0\u00a0\u00a0\u00a0\u00a0\u00a0\u00a0\u00a0\u00a0\u00a0\u00a0\u00a0\u00a0\u00a0\u00a0\u00a0<\/span><\/p>\n<p>&nbsp;<\/p>\n<p><b>2\/3 &#8211; Nashville, Tennessee I Nissan Stadium \u00a0\u00a0<\/b><\/p>\n<p><span style=\"font-weight: 400\">16h &#8211; Brasil x Jap\u00e3o<\/span><\/p>\n<p><span style=\"font-weight: 400\">15h30 &#8211; EUA x Inglaterra<\/span><\/p>\n<p>&nbsp;<\/p>\n<p><b>5\/3 &#8211; Tampa, Fl\u00f3rida, I Raymond James Stadium <\/b><\/p>\n<p><span style=\"font-weight: 400\">17h15 &#8211; Jap\u00e3o x Inglaterra <\/span><\/p>\n<p><span style=\"font-weight: 400\">22h &#8211; EUA x Brasil <\/span><\/p>\n<p>&nbsp;<\/p>\n<figure id=\"attachment_2649\" aria-describedby=\"caption-attachment-2649\" style=\"width: 826px\" class=\"wp-caption aligncenter\"><img loading=\"lazy\" decoding=\"async\" class=\"size-full wp-image-2649\" src=\"https:\/\/blogs.correiobraziliense.com.br\/elasnoataque\/wp-content\/uploads\/sites\/36\/2019\/02\/Convocacao_Brasil_EUA1.jpg\" alt=\"Veja lista das convocadas para \u00faltimo torneio da Sele\u00e7\u00e3o Brasileira feminina antes da Copa do Mundo 2019\" width=\"826\" height=\"478\" srcset=\"https:\/\/blogs.correiobraziliense.com.br\/elasnoataque\/wp-content\/uploads\/sites\/36\/2019\/02\/Convocacao_Brasil_EUA1.jpg 826w, https:\/\/blogs.correiobraziliense.com.br\/elasnoataque\/wp-content\/uploads\/sites\/36\/2019\/02\/Convocacao_Brasil_EUA1-300x174.jpg 300w, https:\/\/blogs.correiobraziliense.com.br\/elasnoataque\/wp-content\/uploads\/sites\/36\/2019\/02\/Convocacao_Brasil_EUA1-768x444.jpg 768w, https:\/\/blogs.correiobraziliense.com.br\/elasnoataque\/wp-content\/uploads\/sites\/36\/2019\/02\/Convocacao_Brasil_EUA1-550x318.jpg 550w, https:\/\/blogs.correiobraziliense.com.br\/elasnoataque\/wp-content\/uploads\/sites\/36\/2019\/02\/Convocacao_Brasil_EUA1-230x133.jpg 230w\" sizes=\"auto, (max-width: 826px) 100vw, 826px\" \/><figcaption id=\"caption-attachment-2649\" class=\"wp-caption-text\">As 23 atletas convocadas pelo t\u00e9cnico Vad\u00e3o para o torneio nos EUA | CBF\/Divulga\u00e7\u00e3o<\/figcaption><\/figure>\n<h2><b><br \/>\nVeja lista completa do Brasil para torneio She Believes<\/b><\/h2>\n<p><strong>Goleiras:\u00a0<\/strong><span style=\"font-weight: 400\">Aline &#8211; UD Granadilla Tenerife (Espanha),\u00a0<\/span>Let\u00edcia &#8211; Corinthians (Brasil) e\u00a0<span style=\"font-weight: 400\">Luciana &#8211; Ferrovi\u00e1ria (Brasil)<\/span><\/p>\n<p><span style=\"font-weight: 400\"><br \/>\n<\/span><strong>Defensoras:\u00a0<\/strong><span style=\"font-weight: 400\">\u00c9rika &#8211; Corinthians (Brasil),\u00a0<\/span><span style=\"font-weight: 400\">Jucinara &#8211; Val\u00eancia (Espanha),\u00a0<\/span><span style=\"font-weight: 400\">Kathellen &#8211; Bordeaux (Fran\u00e7a),\u00a0<\/span><span style=\"font-weight: 400\">Let\u00edcia &#8211; Sportclub Sand (Alemanha),\u00a0<\/span><span style=\"font-weight: 400\">M\u00f4nica &#8211; Orlando Pride (EUA),\u00a0<\/span><span style=\"font-weight: 400\">Poliana &#8211; S\u00e3o Jos\u00e9 (Brasil),\u00a0<\/span><span style=\"font-weight: 400\">Tamires &#8211; Fortuna Hjorring (Dinamarca) e\u00a0<\/span><span style=\"font-weight: 400\">Tayla &#8211; Benfica (Portugal).<\/span><\/p>\n<p>&nbsp;<\/p>\n<p><strong>Meias:\u00a0<\/strong><span style=\"font-weight: 400\">Andressa Alves &#8211; Barcelona (Espanha),\u00a0<\/span><span style=\"font-weight: 400\">Formiga &#8211; Paris St Germain (Fran\u00e7a),\u00a0<\/span><span style=\"font-weight: 400\">Juliana &#8211; Flamengo (Brasil),\u00a0<\/span><span style=\"font-weight: 400\">Luana &#8211; KSPO Women Football Team (Coreia do Sul),\u00a0<\/span><span style=\"font-weight: 400\">Marta &#8211; Orlando Pride (EUA) e\u00a0<\/span><span style=\"font-weight: 400\">Thaisa &#8211; Milan (It\u00e1lia).<\/span><\/p>\n<p>&nbsp;<\/p>\n<p><strong>Atacantes:\u00a0<\/strong><span style=\"font-weight: 400\">Adriana &#8211; Corinthians (Brasil),\u00a0<\/span><span style=\"font-weight: 400\">Beatriz Zaneratto &#8211; Incheon Hyundai Steel Red Angels (Coreia do Sul),\u00a0<\/span><span style=\"font-weight: 400\">Debinha &#8211; North Carolina Courage (EUA),\u00a0<\/span><span style=\"font-weight: 400\">Geyse &#8211; Benfica (Portugal),\u00a0<\/span><span style=\"font-weight: 400\">Ludmila &#8211; Atl\u00e9tico de Madrid (Espanha) e\u00a0<\/span><span style=\"font-weight: 400\">Raquel &#8211; Sporting Club Huelva (Espanha).<\/span><\/p>\n<p>&nbsp;<\/p>\n","protected":false},"excerpt":{"rendered":"<p>A quatro meses da Copa do Mundo feminina da Fran\u00e7a, a Sele\u00e7\u00e3o Brasileira ter\u00e1 a oportunidade de jogar contra Estados Unidos, Inglaterra e Jap\u00e3o no Torneio She Believes. A competi\u00e7\u00e3o ser\u00e1 disputada entre 25 de fevereiro e 5 de mar\u00e7o, em tr\u00eas cidades dos Estados Unidos: Filad\u00e9lfia, Nashville e Tampa.\u00a0A\u00a0equipe comandada pelo t\u00e9cnico Vad\u00e3o viaja neste s\u00e1bado (23\/2), mas desfalcada [&hellip;]<\/p>\n","protected":false},"author":79,"featured_media":2647,"comment_status":"open","ping_status":"open","sticky":false,"template":"","format":"standard","meta":{"footnotes":""},"categories":[25],"tags":[524,20,174,7,589],"class_list":["post-2646","post","type-post","status-publish","format-standard","has-post-thumbnail","hentry","category-futebol","tag-copa-da-franca","tag-copa-do-mundo","tag-cristiane","tag-futebol","tag-torneio-she-believes"],"_links":{"self":[{"href":"https:\/\/blogs.correiobraziliense.com.br\/elasnoataque\/wp-json\/wp\/v2\/posts\/2646","targetHints":{"allow":["GET"]}}],"collection":[{"href":"https:\/\/blogs.correiobraziliense.com.br\/elasnoataque\/wp-json\/wp\/v2\/posts"}],"about":[{"href":"https:\/\/blogs.correiobraziliense.com.br\/elasnoataque\/wp-json\/wp\/v2\/types\/post"}],"author":[{"embeddable":true,"href":"https:\/\/blogs.correiobraziliense.com.br\/elasnoataque\/wp-json\/wp\/v2\/users\/79"}],"replies":[{"embeddable":true,"href":"https:\/\/blogs.correiobraziliense.com.br\/elasnoataque\/wp-json\/wp\/v2\/comments?post=2646"}],"version-history":[{"count":3,"href":"https:\/\/blogs.correiobraziliense.com.br\/elasnoataque\/wp-json\/wp\/v2\/posts\/2646\/revisions"}],"predecessor-version":[{"id":2652,"href":"https:\/\/blogs.correiobraziliense.com.br\/elasnoataque\/wp-json\/wp\/v2\/posts\/2646\/revisions\/2652"}],"wp:featuredmedia":[{"embeddable":true,"href":"https:\/\/blogs.correiobraziliense.com.br\/elasnoataque\/wp-json\/wp\/v2\/media\/2647"}],"wp:attachment":[{"href":"https:\/\/blogs.correiobraziliense.com.br\/elasnoataque\/wp-json\/wp\/v2\/media?parent=2646"}],"wp:term":[{"taxonomy":"category","embeddable":true,"href":"https:\/\/blogs.correiobraziliense.com.br\/elasnoataque\/wp-json\/wp\/v2\/categories?post=2646"},{"taxonomy":"post_tag","embeddable":true,"href":"https:\/\/blogs.correiobraziliense.com.br\/elasnoataque\/wp-json\/wp\/v2\/tags?post=2646"}],"curies":[{"name":"wp","href":"https:\/\/api.w.org\/{rel}","templated":true}]}}