{"id":954,"date":"2022-03-13T12:50:29","date_gmt":"2022-03-13T15:50:29","guid":{"rendered":"https:\/\/blogs.correiobraziliense.com.br\/eixocapital\/?p=954"},"modified":"2022-03-13T12:51:52","modified_gmt":"2022-03-13T15:51:52","slug":"apesar-de-esperada-ida-da-familia-roriz-para-o-pl-frustrou-planos-do-psd","status":"publish","type":"post","link":"https:\/\/blogs.correiobraziliense.com.br\/eixocapital\/2022\/03\/13\/apesar-de-esperada-ida-da-familia-roriz-para-o-pl-frustrou-planos-do-psd\/","title":{"rendered":"Apesar de esperada, ida da fam\u00edlia Roriz para o PL frustrou planos do PSD"},"content":{"rendered":"<div>\n<div><strong>Coluna Eixo Capital, por J\u00e9ssica Eufr\u00e1sio<\/strong><\/div>\n<div><\/div>\n<div>A filia\u00e7\u00e3o da fam\u00edlia Roriz ao PL, ontem, refor\u00e7a o fato de que ainda h\u00e1 muito para acontecer neste per\u00edodo de costuras partid\u00e1rias. Joaquim Roriz Neto e a m\u00e3e, Jaqueline Roriz, aceitaram o convite de Fl\u00e1via Arruda e ingressaram na sigla da ministra. O evento de registro teve participa\u00e7\u00e3o da secret\u00e1ria de Governo da Presid\u00eancia da Rep\u00fablica e de Jair Bolsonaro, correligion\u00e1rio dela. A ex-primeira-dama Weslian Roriz, que tamb\u00e9m acompanhou a cerim\u00f4nia, teria se emocionado com a receptividade do presidente da Rep\u00fablica na ocasi\u00e3o.<\/p>\n<p><b>Alian\u00e7as consolidadas<\/b><\/div>\n<div>Dona Weslian teve papel importante nesse processo. Em dezembro, ela acompanhou pessoalmente o evento de filia\u00e7\u00e3o de Bolsonaro ao PL. Naquela ocasi\u00e3o, ficou praticamente selada a alian\u00e7a que levaria \u00e0 pr\u00e9-candidatura de Joaquim Neto \u00e0 C\u00e2mara Legislativa, como anunciado ontem.<\/p>\n<p><b>Trocas de lado<\/b><\/div>\n<div>No entanto, a not\u00edcia surpreendeu a um player desse jogo. O empres\u00e1rio Paulo Oct\u00e1vio, presidente do PSD-DF, havia convidado Neto a entrar na sigla. O an\u00fancio tinha at\u00e9 data marcada: ocorreria no m\u00eas passado, mas acabou adiado porque Roriz, a esposa, Clarissa, e a av\u00f3 Weslian testaram positivo para a covid-19. O intervalo de menos de um m\u00eas foi suficiente para que Joaquim Neto mudasse de ideia.<\/p>\n<p><b>Banho de \u00e1gua fria<\/b><\/div>\n<div>A decis\u00e3o de Roriz Neto teria atendido a um pedido da av\u00f3, considerada por pessoas pr\u00f3ximas como forte apoiadora de Bolsonaro. Roriz Neto deu a not\u00edcia a Paulo Oct\u00e1vio por telefone, ontem, antes da cerim\u00f4nia de filia\u00e7\u00e3o. Depois, por mensagem, agradeceu a compreens\u00e3o. O empres\u00e1rio, que teria recebido a informa\u00e7\u00e3o com surpresa, desejou sorte ao futuro postulante a deputado distrital.<\/div>\n<div><\/div>\n<h3>Advogadas querem paridade na lista do Quinto Constitucional<\/h3>\n<\/div>\n<div>\n<p>A paridade de g\u00eanero na forma\u00e7\u00e3o de listas s\u00eaxtuplas ser\u00e1 tema de um movimento lan\u00e7ado por mulheres da advocacia, amanh\u00e3. Representantes de 28 entidades visitar\u00e3o a sede da Ordem dos Advogados do Brasil (OAB) para cobrar que metade da lista s\u00eaxtupla formada para concorr\u00eancia \u00e0 vaga do Quinto Constitucional \u2014 que reserva 20% das cadeiras nas cortes a esses profissionais \u2014 seja composta por pessoas do sexo feminino. O assunto ser\u00e1 debatido em reuni\u00e3o com parlamentares no Congresso Nacional e, na ter\u00e7a-feira, com Maria Claudia Bucchianeri Pinheiro, ministra substituta no Tribunal Superior Eleitoral (TSE).<\/p>\n<p><strong>Por falar em OAB\u2026<\/strong><br \/>\nEquipes da Comiss\u00e3o de Direito do Consumidor da Subse\u00e7\u00e3o do Guar\u00e1 e representantes do Procon-DF oferecer\u00e3o atendimento gratuito \u00e0 popula\u00e7\u00e3o, na quarta-feira. Das 12h \u00e0s 16h, advogados v\u00e3o prestar orienta\u00e7\u00f5es sobre o tema para quem tiver d\u00favidas sobre a compra de produtos e a contrata\u00e7\u00e3o de servi\u00e7os ou quiser fazer consultas aos sistemas de prote\u00e7\u00e3o ao cr\u00e9dito.<\/p>\n<h3>Terceiro suplente assume vaga de distrital pela primeira vez<\/h3>\n<div>A semana na C\u00e2mara Legislativa teve um fato in\u00e9dito: pela primeira vez, um terceiro suplente assumiu o cargo de deputado na Casa. Diante da ren\u00fancia do deputado Guarda J\u00e2nio \u2014 policial militar que, ap\u00f3s nove meses de mandato, deixou a vaga para cuidar da pr\u00e9-campanha eleitoral \u2014, Carlos Tabanez ficou no posto do colega. Na cerim\u00f4nia de posse, o novo parlamentar apresentou as bandeiras que pretende defender: seguran\u00e7a p\u00fablica e gera\u00e7\u00e3o de emprego. Policial civil aposentado, ele alcan\u00e7ou a oportunidade de chegar ao Legislativo ap\u00f3s receber 8.078 votos nas elei\u00e7\u00f5es de 2018, quando concorreu a distrital, e ficou em terceiro lugar pelo Pros.<\/p>\n<p><strong>Dan\u00e7a das cadeiras<\/strong><\/div>\n<div>Originalmente, quem conquistou a vaga foi o delegado Fernando Fernandes, eleito com cerca de 29 mil votos. Ao ser escalado para o cargo de administrador de Ceil\u00e2ndia, por\u00e9m, deixou a legislatura e foi desfiliado do Pros. Telma Rufino ficou com a vaga, mas tamb\u00e9m abriu m\u00e3o do posto para chefiar a Administra\u00e7\u00e3o Regional de Arniqueiras. Guarda J\u00e2nio entrou na sequ\u00eancia \u2014 depois de tentar cinco vezes a elei\u00e7\u00e3o.<\/p>\n<p><strong>Movimento sincronizado<\/strong><\/div>\n<div>Apesar de terem conseguido os cargos de suplentes pelo Pros, Carlos Tabanez e J\u00e2nio Farias Marques cortaram la\u00e7os com a sigla. Na quinta-feira, mesma data em que um substituiu o outro na C\u00e2mara Legislativa, os dois deixaram a legenda e migraram para o MDB. O presidente da Casa e do partido no DF, Rafael Prudente, acompanhou a filia\u00e7\u00e3o dos novos integrantes. O policial civil se apresenta como pr\u00e9-candidato a distrital, enquanto o PM quer disputar uma das oito vagas para deputado no Congresso Nacional.<\/div>\n<h3>MANDOU BEM<\/h3>\n<div>Artistas e ativistas se reuniram em um ato na Esplanada dos Minist\u00e9rios para chamar a aten\u00e7\u00e3o a cinco proposi\u00e7\u00f5es que tramitam no Congresso Nacional e colocam em risco o meio ambiente, bem como a popula\u00e7\u00e3o ind\u00edgena. Porta-voz da iniciativa, o cantor Caetano Veloso entregou pessoalmente um manifesto ao presidente do Senado, Rodrigo Pacheco (PSD-MG), que prometeu cautela na an\u00e1lise de propostas ambientais pol\u00eamicas.<\/div>\n<h3>MANDOU MAL<\/h3>\n<div>Ainda durante o evento, o plen\u00e1rio da C\u00e2mara dos Deputados aprovou o tr\u00e2mite do projeto sobre a minera\u00e7\u00e3o em terras ind\u00edgenas em regime de urg\u00eancia na Casa. Esse classifica\u00e7\u00e3o prescinde de exig\u00eancias e outras formalidades previstas em regimento, para acelerar a aprecia\u00e7\u00e3o do tema. Um grupo de trabalho analisar\u00e1 a mat\u00e9ria, que deve voltar \u00e0 discuss\u00e3o na primeira quinzena de abril.<\/div>\n<h3>S\u00d3 PAPOS<\/h3>\n<div>\u201cEu n\u00e3o vejo a hora de, um dia, entregar o bast\u00e3o da Presid\u00eancia para poder ir \u00e0 praia, tomar um caldo de cana na rua, voltar a pescar na Ba\u00eda de Angra (dos Reis), ter paz. Mas eu creio que uma coisa fala por tudo isso aqui: quem estaria no meu lugar se a facada fosse fatal? Como estaria o Brasil nesta pandemia?\u201d<\/div>\n<div>\n<div><b>Jair Bolsonaro (PL),<\/b> presidente da Rep\u00fablica<\/p>\n<p>\u201cBolsonaro diz que n\u00e3o v\u00ea a hora de entregar o bast\u00e3o da Presid\u00eancia. Quem n\u00e3o v\u00ea a hora \u00e9 o povo brasileiro, que n\u00e3o aguenta mais o governo da fome, do desemprego, da infla\u00e7\u00e3o, da destrui\u00e7\u00e3o ambiental e dos direitos. Pede pra sair, Bolsonaro!\u201d<\/p><\/div>\n<div>\n<div><b>Erika Kokay (PT-DF), deputada federal<\/b><\/div>\n<\/div>\n<\/div>\n<div>\n<h3>SIGA O DINHEIRO<\/h3>\n<p><strong>R$ 28.316.873,01<\/strong><br \/>\nValor do novo contrato para restaura\u00e7\u00e3o, reconstru\u00e7\u00e3o e execu\u00e7\u00e3o de adequa\u00e7\u00f5es no pavimento da W3 Sul<\/p>\n<div>\n<h3>A PERGUNTA QUE N\u00c3O QUER CALAR&#8230;<\/h3>\n<\/div>\n<\/div>\n<\/div>\n<div>\n<div>\n<div>\n<p>Quantas pessoas pr\u00f3ximas a voc\u00ea t\u00eam um iPhone \u2014 ou at\u00e9 dois \u2014, como sup\u00f5e o ministro Paulo Guedes?<\/p>\n<\/div>\n<\/div>\n<\/div>\n","protected":false},"excerpt":{"rendered":"<p>Coluna Eixo Capital, por J\u00e9ssica Eufr\u00e1sio A filia\u00e7\u00e3o da fam\u00edlia Roriz ao PL, ontem, refor\u00e7a o fato de que ainda h\u00e1 muito para acontecer neste per\u00edodo de costuras partid\u00e1rias. Joaquim Roriz Neto e a m\u00e3e, Jaqueline Roriz, aceitaram o convite de Fl\u00e1via Arruda e ingressaram na sigla da ministra. O evento de registro teve participa\u00e7\u00e3o da secret\u00e1ria de Governo da [&hellip;]<\/p>\n","protected":false},"author":9,"featured_media":956,"comment_status":"open","ping_status":"open","sticky":false,"template":"","format":"standard","meta":{"footnotes":""},"categories":[1],"tags":[56,70,65,181,57,28,354,353],"class_list":["post-954","post","type-post","status-publish","format-standard","has-post-thumbnail","hentry","category-sem-categoria","tag-bolsonaro","tag-camara-legislativa","tag-oab","tag-paulo-octavio","tag-pl","tag-psd","tag-quinto-constitucional","tag-roriz"],"_links":{"self":[{"href":"https:\/\/blogs.correiobraziliense.com.br\/eixocapital\/wp-json\/wp\/v2\/posts\/954","targetHints":{"allow":["GET"]}}],"collection":[{"href":"https:\/\/blogs.correiobraziliense.com.br\/eixocapital\/wp-json\/wp\/v2\/posts"}],"about":[{"href":"https:\/\/blogs.correiobraziliense.com.br\/eixocapital\/wp-json\/wp\/v2\/types\/post"}],"author":[{"embeddable":true,"href":"https:\/\/blogs.correiobraziliense.com.br\/eixocapital\/wp-json\/wp\/v2\/users\/9"}],"replies":[{"embeddable":true,"href":"https:\/\/blogs.correiobraziliense.com.br\/eixocapital\/wp-json\/wp\/v2\/comments?post=954"}],"version-history":[{"count":4,"href":"https:\/\/blogs.correiobraziliense.com.br\/eixocapital\/wp-json\/wp\/v2\/posts\/954\/revisions"}],"predecessor-version":[{"id":959,"href":"https:\/\/blogs.correiobraziliense.com.br\/eixocapital\/wp-json\/wp\/v2\/posts\/954\/revisions\/959"}],"wp:featuredmedia":[{"embeddable":true,"href":"https:\/\/blogs.correiobraziliense.com.br\/eixocapital\/wp-json\/wp\/v2\/media\/956"}],"wp:attachment":[{"href":"https:\/\/blogs.correiobraziliense.com.br\/eixocapital\/wp-json\/wp\/v2\/media?parent=954"}],"wp:term":[{"taxonomy":"category","embeddable":true,"href":"https:\/\/blogs.correiobraziliense.com.br\/eixocapital\/wp-json\/wp\/v2\/categories?post=954"},{"taxonomy":"post_tag","embeddable":true,"href":"https:\/\/blogs.correiobraziliense.com.br\/eixocapital\/wp-json\/wp\/v2\/tags?post=954"}],"curies":[{"name":"wp","href":"https:\/\/api.w.org\/{rel}","templated":true}]}}