{"id":935,"date":"2022-03-09T07:30:21","date_gmt":"2022-03-09T10:30:21","guid":{"rendered":"https:\/\/blogs.correiobraziliense.com.br\/eixocapital\/?p=935"},"modified":"2022-03-09T12:15:36","modified_gmt":"2022-03-09T15:15:36","slug":"segunda-instancia-da-justica-do-df-tira-euripedes-junior-do-comando-do-pros","status":"publish","type":"post","link":"https:\/\/blogs.correiobraziliense.com.br\/eixocapital\/2022\/03\/09\/segunda-instancia-da-justica-do-df-tira-euripedes-junior-do-comando-do-pros\/","title":{"rendered":"Segunda inst\u00e2ncia da Justi\u00e7a do DF tira Eur\u00edpedes J\u00fanior do comando do Pros"},"content":{"rendered":"<p><strong>Coluna Eixo Capital, por J\u00e9ssica Eufr\u00e1sio<\/strong><\/p>\n<p>Os desembargadores da 8\u00aa Turma C\u00edvel do Tribunal de Justi\u00e7a do Distrito Federal e dos Territ\u00f3rios (TJDFT) votaram unanimemente pela sa\u00edda de Eur\u00edpedes J\u00fanior da presid\u00eancia do Pros, ontem (8\/3). Os tr\u00eas magistrados do colegiado que analisaram os processos \u2014 duas apela\u00e7\u00f5es c\u00edveis \u2014 decidiram pela manuten\u00e7\u00e3o de Marcus Vin\u00edcius Chaves de Holanda no comando da legenda. O dirigente interino havia sido escolhido ap\u00f3s conven\u00e7\u00e3o extraordin\u00e1ria e reuni\u00e3o do diret\u00f3rio nacional da sigla, em 9 de julho de 2020.<\/p>\n<p><strong>&#8220;Medidas necess\u00e1rias&#8221;<br \/>\n<\/strong>O fundador do Pros e outros representantes da sigla haviam sido acusados de desviar verba partid\u00e1ria, e Marcus Vin\u00edcius assumiu a vaga no lugar de Eur\u00edpedes. Advogado do presidente afastado, Bruno Aurelio Pena informou \u00e0 coluna que recorrer\u00e1 da decis\u00e3o. Ele alega que o novo dirigente n\u00e3o tinha compet\u00eancia para instaurar processo disciplinar no partido, de convocar reuni\u00e3o do diret\u00f3rio nacional nem de assumir a presid\u00eancia. &#8220;Para n\u00e3o dizer que nunca vi um julgamento assim, a \u00faltima vez em que vi um juiz proceder dessa forma foi quando (Sergio) Moro julgou o Lula&#8221;, rebateu a defesa. &#8220;Mas vamos tomar todas as medidas judiciais necess\u00e1rias para reverter essa situa\u00e7\u00e3o estranha.&#8221;<\/p>\n<h3>Estudo avalia investimentos do governo local no combate \u00e0 pandemia<\/h3>\n<p>Um grupo de seis pesquisadores do ObservaDF \u2014 projeto vinculado \u00e0 Universidade de Bras\u00edlia (UnB) \u2014 divulgar\u00e1, hoje, um estudo sobre a situa\u00e7\u00e3o fiscal do Distrito Federal e as decis\u00f5es do governo local na pandemia. O objetivo do levantamento \u00e9 avaliar como a arrecada\u00e7\u00e3o do governo distrital sofreu impactos da crise sanit\u00e1ria e como o Executivo local se organizou para enfrent\u00e1-la.<\/p>\n<p><strong>R$ 1,69 bilh\u00e3o aplicados<br \/>\n<\/strong>At\u00e9 o momento, as despesas p\u00fablicas relacionadas \u00e0 covid-19 somam R$ 1,69 bilh\u00e3o. Para o pesquisador Frederico Bertholini, houve um &#8220;duplo padr\u00e3o&#8221; nas a\u00e7\u00f5es do GDF de enfrentamento \u00e0 pandemia. &#8220;Em 2020, ele (o governo) foi muito c\u00e9lere em estabelecer medidas de restri\u00e7\u00e3o de circula\u00e7\u00e3o e muito orientado tecnicamente pelos \u00f3rg\u00e3os de sa\u00fade. A partir de maio, ele foi relaxando essas restri\u00e7\u00f5es. Em parte, pressionado pela receita de ICMS e ISS, que come\u00e7ou a cair. Em 2021, ele segue uma pol\u00edtica mais relaxada de distanciamento, mas, ainda assim, as receitas de ICMS e ISS n\u00e3o decolam. Elas seguem em padr\u00f5es pr\u00f3ximos a 2019&#8221;, disse \u00e0 coluna.<\/p>\n<p><strong>Circula\u00e7\u00e3o interna<br \/>\n<\/strong>A pesquisa revela, ainda, que a maior parte dos recursos liquidados para combate ao novo coronav\u00edrus ficaram na capital federal. Mais de 80% deles (R$ 1,39 bilh\u00e3o) destinaram-se a empresas privadas ou entidades sem fins lucrativos, das quais 75% t\u00eam sede no DF. As informa\u00e7\u00f5es tiveram base em an\u00e1lises dos n\u00fameros divulgados pelo pr\u00f3prio Executivo local, no Portal da Transpar\u00eancia. No entanto, o relat\u00f3rio destaca haver necessidade de melhorias na plataforma, como disponibiliza\u00e7\u00e3o de detalhes sobre o per\u00edodo das aplica\u00e7\u00f5es e a ordem banc\u00e1ria dos gastos.<\/p>\n<p><strong>Orienta\u00e7\u00f5es<br \/>\n<\/strong>Enquanto h\u00e1 um embate entre figuras p\u00fablicas de todo o pa\u00eds sobre a ado\u00e7\u00e3o de novas flexibiliza\u00e7\u00f5es, os pesquisadores recomendam o fortalecimento da &#8220;execu\u00e7\u00e3o das medidas de vigil\u00e2ncia epidemiol\u00f3gica&#8221; e a garantia de um funcionamento adequado do sistema de sa\u00fade para que, se necess\u00e1rio, a passagem por outro momento de avan\u00e7o pand\u00eamico ocorra &#8220;de maneira mais controlada&#8221;.<\/p>\n<h3><strong>Empatia na sala de aula<\/strong><\/h3>\n<p>Estudantes do Centro Educacional 7 de Taguatinga ter\u00e3o um momento diferente na escola, hoje. Eles participar\u00e3o de uma chamada de v\u00eddeo com crian\u00e7as da Ucr\u00e2nia refugiadas na Pol\u00f4nia, para enviar mensagens de solidariedade aos meninos e \u00e0s meninas do pa\u00eds invadido pela R\u00fassia. A atividade ter\u00e1 media\u00e7\u00e3o da doutora e pesquisadora francesa Joelle Bordet, com a psic\u00f3loga F\u00e1tima Sudbrack, da Funda\u00e7\u00e3o Oswaldo Cruz (Fiocruz).<\/p>\n<h3><strong>Iolando deixa PSC e migra para o MDB<\/strong><\/h3>\n<p>Militar reformado das For\u00e7as Armadas, o deputado distrital Iolando Almeida anunciou que pretende concorrer \u00e0 reelei\u00e7\u00e3o neste ano. E, ontem, ele definiu o partido pelo qual vai disputar uma das 24 cadeiras da C\u00e2mara Legislativa. O parlamentar deixou o PSC e migrou para o MDB, mesma legenda do governador Ibaneis Rocha e do atual presidente da Casa e da sigla no Distrito Federal, Rafael Prudente \u2014 que considerou a inscri\u00e7\u00e3o um &#8220;refor\u00e7o&#8221; para o &#8220;time qualificado&#8221; que disputar\u00e1 as vagas.<\/p>\n<h3><strong>Banner questionado<\/strong><\/h3>\n<p>Deu o que falar a publica\u00e7\u00e3o sobre um evento do Grupo Voto \u2014 que promove interlocu\u00e7\u00f5es entre donos de empresas e autoridades. Um fato chamou a aten\u00e7\u00e3o de quem viu o banner de divulga\u00e7\u00e3o do Ciclo Brasil de Ideias \u2014 Mulher, cujo objetivo \u00e9 incentivar a participa\u00e7\u00e3o delas na pol\u00edtica: o cartaz tem apenas imagens de homens. A programa\u00e7\u00e3o planejada para a &#8220;Semana da Mulher&#8221; prev\u00ea encontros entre um grupo de empres\u00e1rias e o ministro da Infraestrutura, Tarc\u00edsio de Freitas; o presidente Jair Bolsonaro (PL); o ministro da Economia, Paulo Guedes; o presidente da C\u00e2mara dos Deputados, Arthur Lira (Progressistas); e o vice-governador de S\u00e3o Paulo, Rodrigo Garcia (PSDB).<\/p>\n<h3><strong>Uni\u00e3o em ativismo<\/strong><\/h3>\n<p>Um ato nacional de protesto contra a destrui\u00e7\u00e3o do meio ambiente vai movimentar o gramado em frente ao Congresso Nacional hoje, \u00e0s 15h. Nomes como Caetano Veloso, Seu Jorge, Nando Reis, Criolo, Daniela Mercury e Emicida se apresentar\u00e3o para denunciar o que chamam de &#8220;Pacote da Destrui\u00e7\u00e3o&#8221;, uma s\u00e9rie de proposi\u00e7\u00f5es que tramitam no Congresso Nacional e t\u00eam efeitos diretos sobre os biomas brasileiros. O evento ser\u00e1 uma forma de chamar a aten\u00e7\u00e3o para o tema e de tentar barrar o avan\u00e7o dos projetos de lei (PLs) no parlamento.<\/p>\n<p><strong>Boiada passando<br \/>\n<\/strong>A lista do pacote inclui o projeto que flexibiliza a entrada de agrot\u00f3xicos no pa\u00eds, aprovado recentemente na C\u00e2mara dos Deputados; a mat\u00e9ria que muda as regras para licenciamento ambiental, que recebeu sinal verde na Casa no ano passado; as proposi\u00e7\u00f5es que preveem a abertura de terras ind\u00edgenas e a minera\u00e7\u00e3o nelas; al\u00e9m da proposta conhecida como PL da Grilagem, que pode favorecer essa pr\u00e1tica em terras p\u00fablicas e o desmatamento.<\/p>\n","protected":false},"excerpt":{"rendered":"<p>Os desembargadores da 8\u00aa Turma C\u00edvel do TJDFT votaram unanimemente pela sa\u00edda de Eur\u00edpedes J\u00fanior da presid\u00eancia do Pros, na ter\u00e7a-feira<\/p>\n","protected":false},"author":9,"featured_media":936,"comment_status":"open","ping_status":"open","sticky":false,"template":"","format":"standard","meta":{"footnotes":""},"categories":[247],"tags":[346,344,122,29,342,345,2,343,64],"class_list":["post-935","post","type-post","status-publish","format-standard","has-post-thumbnail","hentry","category-eixo-capital","tag-agrotoxicos","tag-ato-da-terra","tag-covid-19","tag-eleicoes-2022","tag-euripedes-junior","tag-pacote-da-destruicao","tag-pandemia","tag-pros","tag-tjdft"],"_links":{"self":[{"href":"https:\/\/blogs.correiobraziliense.com.br\/eixocapital\/wp-json\/wp\/v2\/posts\/935","targetHints":{"allow":["GET"]}}],"collection":[{"href":"https:\/\/blogs.correiobraziliense.com.br\/eixocapital\/wp-json\/wp\/v2\/posts"}],"about":[{"href":"https:\/\/blogs.correiobraziliense.com.br\/eixocapital\/wp-json\/wp\/v2\/types\/post"}],"author":[{"embeddable":true,"href":"https:\/\/blogs.correiobraziliense.com.br\/eixocapital\/wp-json\/wp\/v2\/users\/9"}],"replies":[{"embeddable":true,"href":"https:\/\/blogs.correiobraziliense.com.br\/eixocapital\/wp-json\/wp\/v2\/comments?post=935"}],"version-history":[{"count":2,"href":"https:\/\/blogs.correiobraziliense.com.br\/eixocapital\/wp-json\/wp\/v2\/posts\/935\/revisions"}],"predecessor-version":[{"id":938,"href":"https:\/\/blogs.correiobraziliense.com.br\/eixocapital\/wp-json\/wp\/v2\/posts\/935\/revisions\/938"}],"wp:featuredmedia":[{"embeddable":true,"href":"https:\/\/blogs.correiobraziliense.com.br\/eixocapital\/wp-json\/wp\/v2\/media\/936"}],"wp:attachment":[{"href":"https:\/\/blogs.correiobraziliense.com.br\/eixocapital\/wp-json\/wp\/v2\/media?parent=935"}],"wp:term":[{"taxonomy":"category","embeddable":true,"href":"https:\/\/blogs.correiobraziliense.com.br\/eixocapital\/wp-json\/wp\/v2\/categories?post=935"},{"taxonomy":"post_tag","embeddable":true,"href":"https:\/\/blogs.correiobraziliense.com.br\/eixocapital\/wp-json\/wp\/v2\/tags?post=935"}],"curies":[{"name":"wp","href":"https:\/\/api.w.org\/{rel}","templated":true}]}}