{"id":92,"date":"2021-10-21T12:51:39","date_gmt":"2021-10-21T15:51:39","guid":{"rendered":"https:\/\/blogs.correiobraziliense.com.br\/eixocapital\/?p=92"},"modified":"2021-10-21T13:38:17","modified_gmt":"2021-10-21T16:38:17","slug":"um-terco-dos-brasileiros-perdeu-um-amigo-proximo-na-pandemia-segundo-pesquisa","status":"publish","type":"post","link":"https:\/\/blogs.correiobraziliense.com.br\/eixocapital\/2021\/10\/21\/um-terco-dos-brasileiros-perdeu-um-amigo-proximo-na-pandemia-segundo-pesquisa\/","title":{"rendered":"Um ter\u00e7o dos brasileiros perdeu um amigo pr\u00f3ximo na pandemia, segundo pesquisa"},"content":{"rendered":"<p style=\"text-align: left\">Uma pesquisa revelou um dado assustador na pandemia: um ter\u00e7o dos brasileiros perdeu um amigo pr\u00f3ximo e 16%, algu\u00e9m da fam\u00edlia. Praticamente metade (47%) tem algu\u00e9m n\u00e3o t\u00e3o pr\u00f3ximo que morreu em decorr\u00eancia da covid-19.<\/p>\n<p>&nbsp;<\/p>\n<p style=\"text-align: left\">O percentual dos que conhecem algu\u00e9m que perdeu a batalha para o novo coronav\u00edrus chega a 86%.<\/p>\n<p>&nbsp;<\/p>\n<p style=\"text-align: left\">Os dados fazem parte da pesquisa Sa\u00fade Brasil, uma iniciativa do Centro de Pesquisa em Comunica\u00e7\u00e3o Pol\u00edtica e Sa\u00fade P\u00fablica da Universidade de Bras\u00edlia (CPS-UnB) e do Instituto Brasileiro de Pesquisa e An\u00e1lise de Dados (IBPAD).<\/p>\n<p>&nbsp;<\/p>\n<p>Segundo a pesquisa, apenas 14% das pessoas n\u00e3o conhecem ningu\u00e9m que tenha se infectado e n\u00e3o sobreviveu. Para 4%, a morte foi bem pr\u00f3xima, de algu\u00e9m dentro de casa. \u201cA morte por covid ficou cada vez mais perto das pessoas, em c\u00edrculos mais pr\u00f3ximos\u201d, afirma Wladmir Gramacho, coordenador do CPS-UnB.<\/p>\n<p>&nbsp;<\/p>\n<p class=\"p1\"><span class=\"s1\">Para os resultados obtidos, foram\u00a0<\/span><span class=\"s1\">entrevistadas 1.006 pessoas de todos os estados brasileiros, entre os dias\u00a0<\/span>29 de setembro e 08 de outubro em uma amostra representativa da popula\u00e7\u00e3o brasileira com acesso a internet. A pesquisa tem margem de erro de 3 pontos percentuais em um intervalo de confian\u00e7a de 95%.<\/p>\n<p>&nbsp;<\/p>\n<figure id=\"attachment_93\" aria-describedby=\"caption-attachment-93\" style=\"width: 300px\" class=\"wp-caption alignnone\"><img loading=\"lazy\" decoding=\"async\" class=\"size-medium wp-image-93\" src=\"https:\/\/blogs.correiobraziliense.com.br\/eixocapital\/wp-content\/uploads\/sites\/61\/2021\/10\/3F832B9B-EB8B-4303-B809-39DD1D8234EB-300x169.png\" alt=\"\" width=\"300\" height=\"169\" srcset=\"https:\/\/blogs.correiobraziliense.com.br\/eixocapital\/wp-content\/uploads\/sites\/61\/2021\/10\/3F832B9B-EB8B-4303-B809-39DD1D8234EB-300x169.png 300w, https:\/\/blogs.correiobraziliense.com.br\/eixocapital\/wp-content\/uploads\/sites\/61\/2021\/10\/3F832B9B-EB8B-4303-B809-39DD1D8234EB-768x432.png 768w, https:\/\/blogs.correiobraziliense.com.br\/eixocapital\/wp-content\/uploads\/sites\/61\/2021\/10\/3F832B9B-EB8B-4303-B809-39DD1D8234EB-1024x576.png 1024w, https:\/\/blogs.correiobraziliense.com.br\/eixocapital\/wp-content\/uploads\/sites\/61\/2021\/10\/3F832B9B-EB8B-4303-B809-39DD1D8234EB-1440x810.png 1440w, https:\/\/blogs.correiobraziliense.com.br\/eixocapital\/wp-content\/uploads\/sites\/61\/2021\/10\/3F832B9B-EB8B-4303-B809-39DD1D8234EB-800x450.png 800w, https:\/\/blogs.correiobraziliense.com.br\/eixocapital\/wp-content\/uploads\/sites\/61\/2021\/10\/3F832B9B-EB8B-4303-B809-39DD1D8234EB-550x309.png 550w, https:\/\/blogs.correiobraziliense.com.br\/eixocapital\/wp-content\/uploads\/sites\/61\/2021\/10\/3F832B9B-EB8B-4303-B809-39DD1D8234EB-230x129.png 230w\" sizes=\"auto, (max-width: 300px) 100vw, 300px\" \/><figcaption id=\"caption-attachment-93\" class=\"wp-caption-text\">Pesquisa Sa\u00fade Brasil<\/figcaption><\/figure>\n<p>Cr\u00e9dito da foto:\u00a0Breno Esaki\/Divulga\u00e7\u00e3o\/Ag\u00eancia Sa\u00fade<\/p>\n","protected":false},"excerpt":{"rendered":"<p>Uma pesquisa revelou um dado assustador na pandemia: um ter\u00e7o dos brasileiros perdeu um amigo pr\u00f3ximo e 16%, algu\u00e9m da fam\u00edlia. Praticamente metade (47%) tem algu\u00e9m n\u00e3o t\u00e3o pr\u00f3ximo que morreu em decorr\u00eancia da covid-19. &nbsp; O percentual dos que conhecem algu\u00e9m que perdeu a batalha para o novo coronav\u00edrus chega a 86%. &nbsp; Os dados fazem parte da pesquisa [&hellip;]<\/p>\n","protected":false},"author":9,"featured_media":96,"comment_status":"open","ping_status":"open","sticky":false,"template":"","format":"standard","meta":{"footnotes":""},"categories":[1],"tags":[5,49,50,2,48],"class_list":["post-92","post","type-post","status-publish","format-standard","has-post-thumbnail","hentry","category-sem-categoria","tag-covid","tag-cps-unb","tag-instituto-brasileiro-de-pesquisa-e-analise-de-dados-ibpad","tag-pandemia","tag-pesquisa"],"_links":{"self":[{"href":"https:\/\/blogs.correiobraziliense.com.br\/eixocapital\/wp-json\/wp\/v2\/posts\/92","targetHints":{"allow":["GET"]}}],"collection":[{"href":"https:\/\/blogs.correiobraziliense.com.br\/eixocapital\/wp-json\/wp\/v2\/posts"}],"about":[{"href":"https:\/\/blogs.correiobraziliense.com.br\/eixocapital\/wp-json\/wp\/v2\/types\/post"}],"author":[{"embeddable":true,"href":"https:\/\/blogs.correiobraziliense.com.br\/eixocapital\/wp-json\/wp\/v2\/users\/9"}],"replies":[{"embeddable":true,"href":"https:\/\/blogs.correiobraziliense.com.br\/eixocapital\/wp-json\/wp\/v2\/comments?post=92"}],"version-history":[{"count":5,"href":"https:\/\/blogs.correiobraziliense.com.br\/eixocapital\/wp-json\/wp\/v2\/posts\/92\/revisions"}],"predecessor-version":[{"id":99,"href":"https:\/\/blogs.correiobraziliense.com.br\/eixocapital\/wp-json\/wp\/v2\/posts\/92\/revisions\/99"}],"wp:featuredmedia":[{"embeddable":true,"href":"https:\/\/blogs.correiobraziliense.com.br\/eixocapital\/wp-json\/wp\/v2\/media\/96"}],"wp:attachment":[{"href":"https:\/\/blogs.correiobraziliense.com.br\/eixocapital\/wp-json\/wp\/v2\/media?parent=92"}],"wp:term":[{"taxonomy":"category","embeddable":true,"href":"https:\/\/blogs.correiobraziliense.com.br\/eixocapital\/wp-json\/wp\/v2\/categories?post=92"},{"taxonomy":"post_tag","embeddable":true,"href":"https:\/\/blogs.correiobraziliense.com.br\/eixocapital\/wp-json\/wp\/v2\/tags?post=92"}],"curies":[{"name":"wp","href":"https:\/\/api.w.org\/{rel}","templated":true}]}}