{"id":906,"date":"2022-03-03T08:09:16","date_gmt":"2022-03-03T11:09:16","guid":{"rendered":"https:\/\/blogs.correiobraziliense.com.br\/eixocapital\/?p=906"},"modified":"2022-03-03T08:09:16","modified_gmt":"2022-03-03T11:09:16","slug":"dados-pos-carnaval-vao-orientar-ibaneis-sobre-a-pandemia","status":"publish","type":"post","link":"https:\/\/blogs.correiobraziliense.com.br\/eixocapital\/2022\/03\/03\/dados-pos-carnaval-vao-orientar-ibaneis-sobre-a-pandemia\/","title":{"rendered":"Dados p\u00f3s-carnaval v\u00e3o orientar Ibaneis sobre a pandemia"},"content":{"rendered":"<p><strong>Coluna Eixo Capital, por Ana Maria Campos<\/strong><\/p>\n<p>O governador Ibaneis Rocha ainda quer avaliar os n\u00fameros de contamina\u00e7\u00f5es de covid-19 no carnaval antes de tomar uma decis\u00e3o sobre liberar as restri\u00e7\u00f5es para o uso de m\u00e1scaras. A taxa de contamina\u00e7\u00e3o est\u00e1 a mais baixa desde o in\u00edcio da pandemia: 0,66. Mesmo assim, n\u00e3o \u00e9 hora de imprud\u00eancias. Vai depender muito do rescaldo da folia.<\/p>\n<h3>Para evitar embates<\/h3>\n<p>\u00c9ricka Filippelli decidiu sair do MDB por um motivo mais do que justo. No partido, seria advers\u00e1ria direta do sogro, Tadeu Filippelli. Em outra legenda, os dois tamb\u00e9m disputar\u00e3o o mesmo cargo, mas pelas regras eleitorais a briga \u00e9 mais interna, dentro dos partidos, do que para fora.<\/p>\n<p><strong>Na corrida ao Senado<br \/>\n<\/strong>Sobre o almo\u00e7o com a ministra Fl\u00e1via Arruda, ocorrido na semana passada, o ex-deputado Alberto Fraga comentou: &#8220;Sem novidades. Acho que ela vai perder a chance de ser governadora&#8221;.<\/p>\n<p><strong>Fogo na seguran\u00e7a<br \/>\n<\/strong>O ex-deputado Alberto Fraga est\u00e1 colocando fogo nas negocia\u00e7\u00f5es entre o governo do DF e as for\u00e7as de seguran\u00e7a. Ele gravou um v\u00eddeo em que diz que a Pol\u00edcia Militar e o Corpo de Bombeiros foram humilhados e desprezados porque o governador Ibaneis Rocha concedeu benef\u00edcios para os policiais civis \u2014 aux\u00edlio uniforme e aumento do vale alimenta\u00e7\u00e3o.<\/p>\n<p><strong>Carreira solo<br \/>\n<\/strong>A executiva nacional do PMN anunciou ontem que n\u00e3o far\u00e1 federa\u00e7\u00e3o com nenhum partido. Sinaliza\u00e7\u00e3o importante para atrair nomes para a disputa eleitoral proporcional. Muitos pr\u00e9-candidatos est\u00e3o preocupados com acordos fechados agora, at\u00e9 31 de mar\u00e7o, que sejam minados por futuras composi\u00e7\u00f5es.<\/p>\n<p><strong>Data marcada para candidatura<br \/>\n<\/strong>O PSol marcou para s\u00e1bado o lan\u00e7amento da pr\u00e9-candidatura da assistente social Keka Bagno ao GDF. Ela ter\u00e1 uma pauta em defesa da diversidade. O vice ou a vice deve sair de uma alian\u00e7a com a Rede, que negocia fechar uma federa\u00e7\u00e3o com o PSol.<\/p>\n<p><strong>Fora da elei\u00e7\u00e3o<br \/>\n<\/strong>Maria Jos\u00e9 Maninha e Toninho do PSol que j\u00e1 brilharam em outras elei\u00e7\u00f5es, mesmo sem vencer, agora n\u00e3o devem concorrer a nenhum cargo. Preferem ajudar nos bastidores.<\/p>\n<p><strong>Na disputa \u00e0 C\u00e2mara<br \/>\n<\/strong>O soci\u00f3logo Raphael Sebba lan\u00e7ou seu nome, com apoio de Guilherme Boulos, \u00e0 disputa ao Pal\u00e1cio do Buriti pelo PSol. Mas retirou a pr\u00e9-candidatura em benef\u00edcio da uni\u00e3o. A assistente social Keka Bagno j\u00e1 tinha maioria no diret\u00f3rio regional. Agora Sebba concorrer\u00e1 \u00e0 C\u00e2mara Federal.<\/p>\n<p><strong>Novo caminho<br \/>\n<\/strong>Candidata ao GDF em 2018 pelo PSol, a professora F\u00e1tima Sousa, ex-diretora da Faculdade de Ci\u00eancias da Sa\u00fade da UnB, tamb\u00e9m deve disputar um mandato de deputada federal.<\/p>\n","protected":false},"excerpt":{"rendered":"<p>A taxa de contamina\u00e7\u00e3o de covid-19 est\u00e1 a mais baixa desde o in\u00edcio da pandemia: 0,66. Mesmo assim, n\u00e3o \u00e9 hora de imprud\u00eancias.<\/p>\n","protected":false},"author":9,"featured_media":907,"comment_status":"open","ping_status":"open","sticky":false,"template":"","format":"standard","meta":{"footnotes":""},"categories":[247],"tags":[263,29,91,2],"class_list":["post-906","post","type-post","status-publish","format-standard","has-post-thumbnail","hentry","category-eixo-capital","tag-carnaval","tag-eleicoes-2022","tag-ericka-filippelli","tag-pandemia"],"_links":{"self":[{"href":"https:\/\/blogs.correiobraziliense.com.br\/eixocapital\/wp-json\/wp\/v2\/posts\/906","targetHints":{"allow":["GET"]}}],"collection":[{"href":"https:\/\/blogs.correiobraziliense.com.br\/eixocapital\/wp-json\/wp\/v2\/posts"}],"about":[{"href":"https:\/\/blogs.correiobraziliense.com.br\/eixocapital\/wp-json\/wp\/v2\/types\/post"}],"author":[{"embeddable":true,"href":"https:\/\/blogs.correiobraziliense.com.br\/eixocapital\/wp-json\/wp\/v2\/users\/9"}],"replies":[{"embeddable":true,"href":"https:\/\/blogs.correiobraziliense.com.br\/eixocapital\/wp-json\/wp\/v2\/comments?post=906"}],"version-history":[{"count":1,"href":"https:\/\/blogs.correiobraziliense.com.br\/eixocapital\/wp-json\/wp\/v2\/posts\/906\/revisions"}],"predecessor-version":[{"id":908,"href":"https:\/\/blogs.correiobraziliense.com.br\/eixocapital\/wp-json\/wp\/v2\/posts\/906\/revisions\/908"}],"wp:featuredmedia":[{"embeddable":true,"href":"https:\/\/blogs.correiobraziliense.com.br\/eixocapital\/wp-json\/wp\/v2\/media\/907"}],"wp:attachment":[{"href":"https:\/\/blogs.correiobraziliense.com.br\/eixocapital\/wp-json\/wp\/v2\/media?parent=906"}],"wp:term":[{"taxonomy":"category","embeddable":true,"href":"https:\/\/blogs.correiobraziliense.com.br\/eixocapital\/wp-json\/wp\/v2\/categories?post=906"},{"taxonomy":"post_tag","embeddable":true,"href":"https:\/\/blogs.correiobraziliense.com.br\/eixocapital\/wp-json\/wp\/v2\/tags?post=906"}],"curies":[{"name":"wp","href":"https:\/\/api.w.org\/{rel}","templated":true}]}}