{"id":827,"date":"2022-02-23T15:54:21","date_gmt":"2022-02-23T18:54:21","guid":{"rendered":"https:\/\/blogs.correiobraziliense.com.br\/eixocapital\/?p=827"},"modified":"2022-02-23T15:56:12","modified_gmt":"2022-02-23T18:56:12","slug":"covid-adia-filiacao-de-joaquim-roriz-neto-ao-psd","status":"publish","type":"post","link":"https:\/\/blogs.correiobraziliense.com.br\/eixocapital\/2022\/02\/23\/covid-adia-filiacao-de-joaquim-roriz-neto-ao-psd\/","title":{"rendered":"Covid adia filia\u00e7\u00e3o de Joaquim Roriz Neto ao PSD"},"content":{"rendered":"<h4>ANA MARIA CAMPOS<\/h4>\n<p>A festa de filia\u00e7\u00e3o de Joaquim Roriz Neto ao PSD foi adiada. Motivo: o neto do ex-governador e a mulher dele, Clarissa Roriz, testaram positivo para covid-19.<\/p>\n<p>&nbsp;<\/p>\n<p>O casal passa bem, com sintomas leves, mas o novo evento n\u00e3o tem data para ocorrer.<\/p>\n<p>&nbsp;<\/p>\n<p>Neto, como \u00e9 conhecido, aceitou convite do empres\u00e1rio Paulo Oct\u00e1vio para se filiar ao PSD. Com sobrenome forte na pol\u00edtica, ele deve concorrer a um mandato de deputado distrital, de olho nos votos que j\u00e1 foram da m\u00e3e, a ex-deputada distrital e federal Jaqueline Roriz, e da tia Liliane Roriz.<\/p>\n<p>&nbsp;<\/p>\n<p>A ideia de Paulo Oct\u00e1vio \u00e9 fazer uma dobradinha Roriz-Kibitschek, com as candidaturas de Joaquim Roriz Neto \u00e0 C\u00e2mara Legislativa, \u00e9 de Andr\u00e9 Oct\u00e1vio Kubitscheck \u00e0 C\u00e2mara dos Deputados.<\/p>\n","protected":false},"excerpt":{"rendered":"<p>ANA MARIA CAMPOS A festa de filia\u00e7\u00e3o de Joaquim Roriz Neto ao PSD foi adiada. Motivo: o neto do ex-governador e a mulher dele, Clarissa Roriz, testaram positivo para covid-19. &nbsp; O casal passa bem, com sintomas leves, mas o novo evento n\u00e3o tem data para ocorrer. &nbsp; Neto, como \u00e9 conhecido, aceitou convite do empres\u00e1rio Paulo Oct\u00e1vio para se [&hellip;]<\/p>\n","protected":false},"author":9,"featured_media":829,"comment_status":"open","ping_status":"open","sticky":false,"template":"","format":"standard","meta":{"footnotes":""},"categories":[247],"tags":[5,29,327,181,28],"class_list":["post-827","post","type-post","status-publish","format-standard","has-post-thumbnail","hentry","category-eixo-capital","tag-covid","tag-eleicoes-2022","tag-joaquim-roriz-neto","tag-paulo-octavio","tag-psd"],"_links":{"self":[{"href":"https:\/\/blogs.correiobraziliense.com.br\/eixocapital\/wp-json\/wp\/v2\/posts\/827","targetHints":{"allow":["GET"]}}],"collection":[{"href":"https:\/\/blogs.correiobraziliense.com.br\/eixocapital\/wp-json\/wp\/v2\/posts"}],"about":[{"href":"https:\/\/blogs.correiobraziliense.com.br\/eixocapital\/wp-json\/wp\/v2\/types\/post"}],"author":[{"embeddable":true,"href":"https:\/\/blogs.correiobraziliense.com.br\/eixocapital\/wp-json\/wp\/v2\/users\/9"}],"replies":[{"embeddable":true,"href":"https:\/\/blogs.correiobraziliense.com.br\/eixocapital\/wp-json\/wp\/v2\/comments?post=827"}],"version-history":[{"count":2,"href":"https:\/\/blogs.correiobraziliense.com.br\/eixocapital\/wp-json\/wp\/v2\/posts\/827\/revisions"}],"predecessor-version":[{"id":831,"href":"https:\/\/blogs.correiobraziliense.com.br\/eixocapital\/wp-json\/wp\/v2\/posts\/827\/revisions\/831"}],"wp:featuredmedia":[{"embeddable":true,"href":"https:\/\/blogs.correiobraziliense.com.br\/eixocapital\/wp-json\/wp\/v2\/media\/829"}],"wp:attachment":[{"href":"https:\/\/blogs.correiobraziliense.com.br\/eixocapital\/wp-json\/wp\/v2\/media?parent=827"}],"wp:term":[{"taxonomy":"category","embeddable":true,"href":"https:\/\/blogs.correiobraziliense.com.br\/eixocapital\/wp-json\/wp\/v2\/categories?post=827"},{"taxonomy":"post_tag","embeddable":true,"href":"https:\/\/blogs.correiobraziliense.com.br\/eixocapital\/wp-json\/wp\/v2\/tags?post=827"}],"curies":[{"name":"wp","href":"https:\/\/api.w.org\/{rel}","templated":true}]}}