{"id":822,"date":"2022-02-22T19:24:17","date_gmt":"2022-02-22T22:24:17","guid":{"rendered":"https:\/\/blogs.correiobraziliense.com.br\/eixocapital\/?p=822"},"modified":"2022-02-22T19:29:19","modified_gmt":"2022-02-22T22:29:19","slug":"irmaos-de-michelle-bolsonaro-assinam-filiacao-no-pl-df","status":"publish","type":"post","link":"https:\/\/blogs.correiobraziliense.com.br\/eixocapital\/2022\/02\/22\/irmaos-de-michelle-bolsonaro-assinam-filiacao-no-pl-df\/","title":{"rendered":"Irm\u00e3os de Michelle Bolsonaro assinam filia\u00e7\u00e3o no PL-DF"},"content":{"rendered":"<h4 style=\"text-align: left\">ANA MARIA CAMPOS<\/h4>\n<p>Dois irm\u00e3os da primeira-dama, Michelle Bolsonaro, assinaram hoje (22) ficha de filia\u00e7\u00e3o ao PL-DF. Carlos Eduardo Antunes Torres e Diego Torres Dourado dever\u00e3o compor a base evang\u00e9lica e bolsonarista do partido em Bras\u00edlia.<\/p>\n<p>&nbsp;<\/p>\n<p>O ato foi sacramentado pelo presidente nacional do PL, Valdemar Costa Neto, e pela presidente regional do partido, a ministra-chefe da Secretaria de Governo da Presid\u00eancia da Rep\u00fablica, Fl\u00e1via Arruda.<\/p>\n<p>&nbsp;<\/p>\n<p>Com a entrada de Jair Bolsonaro no PL, aliados do presidente t\u00eam procurado a legenda para tamb\u00e9m se filiarem.<\/p>\n<p>&nbsp;<\/p>\n<p>No evento, o deputado distrital Roosevelt Vilela tamb\u00e9m entrou no PL. Ex-aliado do ex-governador Rodrigo Rollemberg, ele deixou o PSB, partido pelo qual se elegeu em 2018.<\/p>\n","protected":false},"excerpt":{"rendered":"<p>ANA MARIA CAMPOS Dois irm\u00e3os da primeira-dama, Michelle Bolsonaro, assinaram hoje (22) ficha de filia\u00e7\u00e3o ao PL-DF. Carlos Eduardo Antunes Torres e Diego Torres Dourado dever\u00e3o compor a base evang\u00e9lica e bolsonarista do partido em Bras\u00edlia. &nbsp; O ato foi sacramentado pelo presidente nacional do PL, Valdemar Costa Neto, e pela presidente regional do partido, a ministra-chefe da Secretaria de [&hellip;]<\/p>\n","protected":false},"author":9,"featured_media":823,"comment_status":"open","ping_status":"open","sticky":false,"template":"","format":"standard","meta":{"footnotes":""},"categories":[247],"tags":[56,107,326,57,59],"class_list":["post-822","post","type-post","status-publish","format-standard","has-post-thumbnail","hentry","category-eixo-capital","tag-bolsonaro","tag-flavia-arruda","tag-michelle-bolsonaro","tag-pl","tag-valdemar-costa-neto"],"_links":{"self":[{"href":"https:\/\/blogs.correiobraziliense.com.br\/eixocapital\/wp-json\/wp\/v2\/posts\/822","targetHints":{"allow":["GET"]}}],"collection":[{"href":"https:\/\/blogs.correiobraziliense.com.br\/eixocapital\/wp-json\/wp\/v2\/posts"}],"about":[{"href":"https:\/\/blogs.correiobraziliense.com.br\/eixocapital\/wp-json\/wp\/v2\/types\/post"}],"author":[{"embeddable":true,"href":"https:\/\/blogs.correiobraziliense.com.br\/eixocapital\/wp-json\/wp\/v2\/users\/9"}],"replies":[{"embeddable":true,"href":"https:\/\/blogs.correiobraziliense.com.br\/eixocapital\/wp-json\/wp\/v2\/comments?post=822"}],"version-history":[{"count":3,"href":"https:\/\/blogs.correiobraziliense.com.br\/eixocapital\/wp-json\/wp\/v2\/posts\/822\/revisions"}],"predecessor-version":[{"id":826,"href":"https:\/\/blogs.correiobraziliense.com.br\/eixocapital\/wp-json\/wp\/v2\/posts\/822\/revisions\/826"}],"wp:featuredmedia":[{"embeddable":true,"href":"https:\/\/blogs.correiobraziliense.com.br\/eixocapital\/wp-json\/wp\/v2\/media\/823"}],"wp:attachment":[{"href":"https:\/\/blogs.correiobraziliense.com.br\/eixocapital\/wp-json\/wp\/v2\/media?parent=822"}],"wp:term":[{"taxonomy":"category","embeddable":true,"href":"https:\/\/blogs.correiobraziliense.com.br\/eixocapital\/wp-json\/wp\/v2\/categories?post=822"},{"taxonomy":"post_tag","embeddable":true,"href":"https:\/\/blogs.correiobraziliense.com.br\/eixocapital\/wp-json\/wp\/v2\/tags?post=822"}],"curies":[{"name":"wp","href":"https:\/\/api.w.org\/{rel}","templated":true}]}}