{"id":812,"date":"2022-02-20T08:02:37","date_gmt":"2022-02-20T11:02:37","guid":{"rendered":"https:\/\/blogs.correiobraziliense.com.br\/eixocapital\/?p=812"},"modified":"2022-02-20T08:02:37","modified_gmt":"2022-02-20T11:02:37","slug":"entenda-o-divorcio-politico-entre-ericka-filippelli-e-o-mdb","status":"publish","type":"post","link":"https:\/\/blogs.correiobraziliense.com.br\/eixocapital\/2022\/02\/20\/entenda-o-divorcio-politico-entre-ericka-filippelli-e-o-mdb\/","title":{"rendered":"Entenda o &#8220;div\u00f3rcio pol\u00edtico&#8221; entre Ericka Filippelli e o MDB"},"content":{"rendered":"<p><strong>Coluna Eixo Capital, por Ana Maria Campos<\/strong><\/p>\n<p>Antes de anunciar que se desfiliaria do MDB, a secret\u00e1ria de Estado da Mulher, Ericka Filippelli, teve uma conversa em fam\u00edlia. Explicou seus motivos para o marido, Roberto Filippelli, e para o sogro, Tadeu Filippelli. N\u00e3o foi f\u00e1cil para ningu\u00e9m. Ericka, de certa forma, estava assinando um div\u00f3rcio pol\u00edtico. Desvincula-se do sogro para seguir na campanha ainda mais afinada com a reelei\u00e7\u00e3o do governador Ibaneis Rocha (MDB). E com um detalhe a mais: vai disputar a mesma vaga que Tadeu Filippelli. V\u00e3o dividir o patrim\u00f4nio eleitoral da fam\u00edlia.<\/p>\n<p><strong>Pol\u00edtica e fam\u00edlia<br \/>\n<\/strong>Tadeu Filippelli n\u00e3o quis polemizar com a nora sobre a mudan\u00e7a de partido e de projeto pol\u00edtico. &#8220;Para mim, pol\u00edtica \u00e9 pol\u00edtica. Fam\u00edlia \u00e9 fam\u00edlia. Nunca deixaria nenhum gesto da pol\u00edtica atrapalhar a harmonia da minha fam\u00edlia. Ericka \u00e9 minha nora, mulher do meu filho e m\u00e3e dos meus netos. Prezo e respeito muito a minha fam\u00edlia&#8221;, disse Filippelli \u00e0 coluna. Nesse ponto, ele sempre foi um conciliador.<\/p>\n<h3>Limpando o campo<\/h3>\n<p>Muita gente aposta que a ministra Fl\u00e1via Arruda (PL) ter\u00e1 poucos advers\u00e1rios fortes na corrida ao Senado. Elei\u00e7\u00e3o se ganha tamb\u00e9m na articula\u00e7\u00e3o pol\u00edtica, antes do lan\u00e7amento das candidaturas. O ex-governador Jos\u00e9 Roberto Arruda tem ajudado a construir alian\u00e7as e a desviar advers\u00e1rios.<\/p>\n<p><strong>No MDB<br \/>\n<\/strong>Secret\u00e1rio do governo Rollemberg, o empres\u00e1rio Thiago Jarjour acertou ontem a filia\u00e7\u00e3o ao MDB, em reuni\u00e3o com o presidente regional do partido, Rafael Prudente, e com o ex-deputado distrital Cristiano Ara\u00fajo, que tamb\u00e9m est\u00e1 na legenda e deve se candidatar novamente \u00e0 C\u00e2mara Legislativa. A filia\u00e7\u00e3o de Jarjour foi aprovada por Ibaneis. Ele ainda n\u00e3o decidiu se vai concorrer neste ano.<\/p>\n<p><strong>A fila anda<br \/>\n<\/strong>Rafael Prudente tem dito aos aliados que n\u00e3o disputar\u00e1 mandato de deputado distrital nestas elei\u00e7\u00f5es.<\/p>\n","protected":false},"excerpt":{"rendered":"<p>Antes de anunciar que se desfiliaria do MDB, Ericka Filippelli explicou seus motivos para o marido, Roberto Filippelli, e para o sogro, Tadeu Filippelli<\/p>\n","protected":false},"author":9,"featured_media":813,"comment_status":"open","ping_status":"open","sticky":false,"template":"","format":"standard","meta":{"footnotes":""},"categories":[247],"tags":[29],"class_list":["post-812","post","type-post","status-publish","format-standard","has-post-thumbnail","hentry","category-eixo-capital","tag-eleicoes-2022"],"_links":{"self":[{"href":"https:\/\/blogs.correiobraziliense.com.br\/eixocapital\/wp-json\/wp\/v2\/posts\/812","targetHints":{"allow":["GET"]}}],"collection":[{"href":"https:\/\/blogs.correiobraziliense.com.br\/eixocapital\/wp-json\/wp\/v2\/posts"}],"about":[{"href":"https:\/\/blogs.correiobraziliense.com.br\/eixocapital\/wp-json\/wp\/v2\/types\/post"}],"author":[{"embeddable":true,"href":"https:\/\/blogs.correiobraziliense.com.br\/eixocapital\/wp-json\/wp\/v2\/users\/9"}],"replies":[{"embeddable":true,"href":"https:\/\/blogs.correiobraziliense.com.br\/eixocapital\/wp-json\/wp\/v2\/comments?post=812"}],"version-history":[{"count":1,"href":"https:\/\/blogs.correiobraziliense.com.br\/eixocapital\/wp-json\/wp\/v2\/posts\/812\/revisions"}],"predecessor-version":[{"id":814,"href":"https:\/\/blogs.correiobraziliense.com.br\/eixocapital\/wp-json\/wp\/v2\/posts\/812\/revisions\/814"}],"wp:featuredmedia":[{"embeddable":true,"href":"https:\/\/blogs.correiobraziliense.com.br\/eixocapital\/wp-json\/wp\/v2\/media\/813"}],"wp:attachment":[{"href":"https:\/\/blogs.correiobraziliense.com.br\/eixocapital\/wp-json\/wp\/v2\/media?parent=812"}],"wp:term":[{"taxonomy":"category","embeddable":true,"href":"https:\/\/blogs.correiobraziliense.com.br\/eixocapital\/wp-json\/wp\/v2\/categories?post=812"},{"taxonomy":"post_tag","embeddable":true,"href":"https:\/\/blogs.correiobraziliense.com.br\/eixocapital\/wp-json\/wp\/v2\/tags?post=812"}],"curies":[{"name":"wp","href":"https:\/\/api.w.org\/{rel}","templated":true}]}}