{"id":797,"date":"2022-02-14T18:51:43","date_gmt":"2022-02-14T21:51:43","guid":{"rendered":"https:\/\/blogs.correiobraziliense.com.br\/eixocapital\/?p=797"},"modified":"2022-02-14T18:51:43","modified_gmt":"2022-02-14T21:51:43","slug":"ministra-tereza-cristina-acerta-filiacao-ao-pp","status":"publish","type":"post","link":"https:\/\/blogs.correiobraziliense.com.br\/eixocapital\/2022\/02\/14\/ministra-tereza-cristina-acerta-filiacao-ao-pp\/","title":{"rendered":"Ministra Tereza Cristina acerta filia\u00e7\u00e3o ao PP"},"content":{"rendered":"<h4>ANA MARIA CAMPOS<\/h4>\n<p>A ministra da Agricultura, Pecu\u00e1ria e Abastecimento, Tereza Cristina, acertou hoje (14\/02) a filia\u00e7\u00e3o ao PP. Apesar dos rumores de que poderia ser vice na chapa do presidente Jair Bolsonaro, a ministra deve concorrer ao Senado pelo Mato Grosso do Sul, incentivada pelo agroneg\u00f3cio.<\/p>\n<p>&nbsp;<\/p>\n<p>\u00c9 uma das primeiras baixas do Uni\u00e3o Brasil entre os integrantes do primeiro escal\u00e3o do governo Bolsonaro. Tereza Cristina se elegeu deputada federal pelo DEM, que se fundiu com o PSL. O novo caminho do partido, que deve apoiar ou abrigar um candidato da terceira via, n\u00e3o empolgou a ministra da Agricultura.<\/p>\n<p>&nbsp;<\/p>\n<p>Ela acertou a filia\u00e7\u00e3o com o ministro-chefe da Casa Civil, Ciro Nogueira, que comanda o PP.<\/p>\n<p>&nbsp;<\/p>\n<p>Considerada t\u00e9cnica, a ministra que integra a bancada ruralista e j\u00e1 presidiu a Frente Parlamentar da Agropecu\u00e1ria, passou tr\u00eas anos sem os desgastes que colegas sofreram, mas tem\u00a0sido alvo de advers\u00e1rios de Bolsonaro desde a aprova\u00e7\u00e3o do\u00a0PL (Projeto de Lei) 6.299, de 2002, que d\u00e1 mais poder ao minist\u00e9rio da Agricultura para autorizar o uso de novos agrot\u00f3xicos. Ambientalistas e parlamentares da oposi\u00e7\u00e3o apelidaram o projeto de &#8220;Pacote do Veneno&#8221;.<\/p>\n<p>&nbsp;<\/p>\n<p>&nbsp;<\/p>\n","protected":false},"excerpt":{"rendered":"<p>ANA MARIA CAMPOS A ministra da Agricultura, Pecu\u00e1ria e Abastecimento, Tereza Cristina, acertou hoje (14\/02) a filia\u00e7\u00e3o ao PP. Apesar dos rumores de que poderia ser vice na chapa do presidente Jair Bolsonaro, a ministra deve concorrer ao Senado pelo Mato Grosso do Sul, incentivada pelo agroneg\u00f3cio. &nbsp; \u00c9 uma das primeiras baixas do Uni\u00e3o Brasil entre os integrantes do [&hellip;]<\/p>\n","protected":false},"author":9,"featured_media":798,"comment_status":"open","ping_status":"open","sticky":false,"template":"","format":"standard","meta":{"footnotes":""},"categories":[247],"tags":[56,324,91,323,61,322],"class_list":["post-797","post","type-post","status-publish","format-standard","has-post-thumbnail","hentry","category-eixo-capital","tag-bolsonaro","tag-ciro-nogueira","tag-ericka-filippelli","tag-mato-grosso-do-sul","tag-senado","tag-tereza-cristina"],"_links":{"self":[{"href":"https:\/\/blogs.correiobraziliense.com.br\/eixocapital\/wp-json\/wp\/v2\/posts\/797","targetHints":{"allow":["GET"]}}],"collection":[{"href":"https:\/\/blogs.correiobraziliense.com.br\/eixocapital\/wp-json\/wp\/v2\/posts"}],"about":[{"href":"https:\/\/blogs.correiobraziliense.com.br\/eixocapital\/wp-json\/wp\/v2\/types\/post"}],"author":[{"embeddable":true,"href":"https:\/\/blogs.correiobraziliense.com.br\/eixocapital\/wp-json\/wp\/v2\/users\/9"}],"replies":[{"embeddable":true,"href":"https:\/\/blogs.correiobraziliense.com.br\/eixocapital\/wp-json\/wp\/v2\/comments?post=797"}],"version-history":[{"count":1,"href":"https:\/\/blogs.correiobraziliense.com.br\/eixocapital\/wp-json\/wp\/v2\/posts\/797\/revisions"}],"predecessor-version":[{"id":799,"href":"https:\/\/blogs.correiobraziliense.com.br\/eixocapital\/wp-json\/wp\/v2\/posts\/797\/revisions\/799"}],"wp:featuredmedia":[{"embeddable":true,"href":"https:\/\/blogs.correiobraziliense.com.br\/eixocapital\/wp-json\/wp\/v2\/media\/798"}],"wp:attachment":[{"href":"https:\/\/blogs.correiobraziliense.com.br\/eixocapital\/wp-json\/wp\/v2\/media?parent=797"}],"wp:term":[{"taxonomy":"category","embeddable":true,"href":"https:\/\/blogs.correiobraziliense.com.br\/eixocapital\/wp-json\/wp\/v2\/categories?post=797"},{"taxonomy":"post_tag","embeddable":true,"href":"https:\/\/blogs.correiobraziliense.com.br\/eixocapital\/wp-json\/wp\/v2\/tags?post=797"}],"curies":[{"name":"wp","href":"https:\/\/api.w.org\/{rel}","templated":true}]}}