{"id":775,"date":"2022-02-08T15:35:59","date_gmt":"2022-02-08T18:35:59","guid":{"rendered":"https:\/\/blogs.correiobraziliense.com.br\/eixocapital\/?p=775"},"modified":"2022-02-08T16:27:58","modified_gmt":"2022-02-08T19:27:58","slug":"desembargador-cruz-macedo-e-eleito-presidente-do-tribunal-de-justica-do-df","status":"publish","type":"post","link":"https:\/\/blogs.correiobraziliense.com.br\/eixocapital\/2022\/02\/08\/desembargador-cruz-macedo-e-eleito-presidente-do-tribunal-de-justica-do-df\/","title":{"rendered":"Desembargador Cruz Macedo \u00e9 eleito presidente do Tribunal de Justi\u00e7a do DF"},"content":{"rendered":"<h4>ANA MARIA CAMPOS<\/h4>\n<p>O Pleno do Tribunal de Justi\u00e7a do Distrito Federal e Territ\u00f3rios (TJDFT) elegeu a nova administra\u00e7\u00e3o que comandar\u00e1 o Judici\u00e1rio local no bi\u00eanio 2022-2024.<\/p>\n<p>&nbsp;<\/p>\n<p>Oriundo do quinto constitucional da advocacia, o desembargador Jos\u00e9 Cruz Macedo foi escolhido presidente.<\/p>\n<p>&nbsp;<\/p>\n<p>Os desembargadores \u00c2ngelo Passareli, S\u00e9rgio Rocha e Costa Carvalho foram eleitos respectivamente como primeiro vice-presidente, segundo vice-presidente e corregedor do TJDFT.<\/p>\n<p>&nbsp;<\/p>\n<p>Como a coluna<em> Eixo Capital<\/em> antecipou na semana passada, os nomes foram escolhidos pelo crit\u00e9rio da antiguidade, como \u00e9 da tradi\u00e7\u00e3o do tribunal, entre os magistrados que se dispuseram a disputar a elei\u00e7\u00e3o.<\/p>\n<p>&nbsp;<\/p>\n<p><strong>Disputa<\/strong><\/p>\n<p>O Pleno do Tribunal de Justi\u00e7a do DF elegeu tamb\u00e9m os dois magistrados que v\u00e3o compor a dire\u00e7\u00e3o do Tribunal Regional Eleitoral (TRE-DF) nos pr\u00f3ximos dois anos.\u00a0Neste caso, houve disputa.<\/p>\n<p>&nbsp;<\/p>\n<p>Tr\u00eas desembargadores se candidataram para duas vagas. Foram eleitos Roberval Belinati e Sebasti\u00e3o Coelho.<\/p>\n<p>&nbsp;<\/p>\n<p>O desembargador M\u00e1rio-Zam Belmiro Rosa recebeu menos votos e ficou de fora. Ele teve 22 votos. Belinati foi o mais votado, com 39, e Sebasti\u00e3o Coelho, 25.<\/p>\n<p>&nbsp;<\/p>\n<p>Em 22 de abril, os sete integrantes do TRE-DF v\u00e3o se reunir para eleger o presidente e o corregedor. A presid\u00eancia ficar\u00e1 com o mais votado entre Belinati e Coelho. O outro ser\u00e1 vice-presidente e corregedor.<\/p>\n<p>&nbsp;<\/p>\n<p>Os suplentes do TRE ser\u00e3o os desembargadores Jo\u00e3o Egmont e Nilsoni de Freitas Cust\u00f3dio. N\u00e3o teve disputa para essas vagas. Eles foram os \u00fanicos candidatos.<\/p>\n","protected":false},"excerpt":{"rendered":"<p>ANA MARIA CAMPOS O Pleno do Tribunal de Justi\u00e7a do Distrito Federal e Territ\u00f3rios (TJDFT) elegeu a nova administra\u00e7\u00e3o que comandar\u00e1 o Judici\u00e1rio local no bi\u00eanio 2022-2024. &nbsp; Oriundo do quinto constitucional da advocacia, o desembargador Jos\u00e9 Cruz Macedo foi escolhido presidente. &nbsp; Os desembargadores \u00c2ngelo Passareli, S\u00e9rgio Rocha e Costa Carvalho foram eleitos respectivamente como primeiro vice-presidente, segundo vice-presidente [&hellip;]<\/p>\n","protected":false},"author":9,"featured_media":776,"comment_status":"open","ping_status":"open","sticky":false,"template":"","format":"standard","meta":{"footnotes":""},"categories":[247],"tags":[317,313,319,314,311,315,316,318,64,111,312],"class_list":["post-775","post","type-post","status-publish","format-standard","has-post-thumbnail","hentry","category-eixo-capital","tag-angelo-passareli","tag-corregedor","tag-costa-carvalho","tag-cruz-macedo","tag-presidente","tag-roberval-belinati","tag-sebastiao-coelho","tag-sergio-rocha","tag-tjdft","tag-tre-df","tag-vice-presidente"],"_links":{"self":[{"href":"https:\/\/blogs.correiobraziliense.com.br\/eixocapital\/wp-json\/wp\/v2\/posts\/775","targetHints":{"allow":["GET"]}}],"collection":[{"href":"https:\/\/blogs.correiobraziliense.com.br\/eixocapital\/wp-json\/wp\/v2\/posts"}],"about":[{"href":"https:\/\/blogs.correiobraziliense.com.br\/eixocapital\/wp-json\/wp\/v2\/types\/post"}],"author":[{"embeddable":true,"href":"https:\/\/blogs.correiobraziliense.com.br\/eixocapital\/wp-json\/wp\/v2\/users\/9"}],"replies":[{"embeddable":true,"href":"https:\/\/blogs.correiobraziliense.com.br\/eixocapital\/wp-json\/wp\/v2\/comments?post=775"}],"version-history":[{"count":5,"href":"https:\/\/blogs.correiobraziliense.com.br\/eixocapital\/wp-json\/wp\/v2\/posts\/775\/revisions"}],"predecessor-version":[{"id":781,"href":"https:\/\/blogs.correiobraziliense.com.br\/eixocapital\/wp-json\/wp\/v2\/posts\/775\/revisions\/781"}],"wp:featuredmedia":[{"embeddable":true,"href":"https:\/\/blogs.correiobraziliense.com.br\/eixocapital\/wp-json\/wp\/v2\/media\/776"}],"wp:attachment":[{"href":"https:\/\/blogs.correiobraziliense.com.br\/eixocapital\/wp-json\/wp\/v2\/media?parent=775"}],"wp:term":[{"taxonomy":"category","embeddable":true,"href":"https:\/\/blogs.correiobraziliense.com.br\/eixocapital\/wp-json\/wp\/v2\/categories?post=775"},{"taxonomy":"post_tag","embeddable":true,"href":"https:\/\/blogs.correiobraziliense.com.br\/eixocapital\/wp-json\/wp\/v2\/tags?post=775"}],"curies":[{"name":"wp","href":"https:\/\/api.w.org\/{rel}","templated":true}]}}