{"id":765,"date":"2022-02-08T07:41:10","date_gmt":"2022-02-08T10:41:10","guid":{"rendered":"https:\/\/blogs.correiobraziliense.com.br\/eixocapital\/?p=765"},"modified":"2022-02-08T07:41:10","modified_gmt":"2022-02-08T10:41:10","slug":"uniao-brasil-nasce-com-disputa-no-df","status":"publish","type":"post","link":"https:\/\/blogs.correiobraziliense.com.br\/eixocapital\/2022\/02\/08\/uniao-brasil-nasce-com-disputa-no-df\/","title":{"rendered":"Uni\u00e3o Brasil nasce com disputa no DF"},"content":{"rendered":"<p><strong>Coluna Eixo Capital, por Ana Maria Campos<\/strong><\/p>\n<p>O Uni\u00e3o Brasil, que nasce com a uni\u00e3o do PSL e DEM, deve receber hoje (8\/2) o aval do Tribunal Superior Eleitoral (TSE) para se tornar oficialmente um partido. O passo seguinte ser\u00e1 escolher os caminhos para as elei\u00e7\u00f5es, nacionalmente e nos estados. No DF, \u00e9 preciso definir se o comando estar\u00e1 nas m\u00e3os do atual presidente do DEM-DF, Alberto Fraga, ou do PSL-DF, Manoel Arruda. Essa defini\u00e7\u00e3o \u00e9 fundamental para a escolha da nominata para deputado federal e das alian\u00e7as.<\/p>\n<p><strong>Promessa<br \/>\n<\/strong>Aliado do ministro da Justi\u00e7a e Seguran\u00e7a P\u00fablica, Anderson Torres, o advogado Manoel Arruda tem a promessa da dire\u00e7\u00e3o do Uni\u00e3o Brasil de que ser\u00e1 o presidente no DF.<\/p>\n<h3>Reclama\u00e7\u00e3o distribu\u00edda<\/h3>\n<p>A reclama\u00e7\u00e3o dos advogados do conselheiro Andr\u00e9 Clemente, do Tribunal de Contas do DF, contra a Opera\u00e7\u00e3o Tenebris, foi distribu\u00edda para o ministro Raul Ara\u00fajo, no Superior Tribunal de Justi\u00e7a (STJ). Ele vai analisar o pedido de liminar para anular a investiga\u00e7\u00e3o e tamb\u00e9m as medidas cautelares de busca e apreens\u00e3o relacionadas ao projeto do Bras\u00edlia Iluminada. Ara\u00fajo integra a 4\u00aa Turma e a 2\u00aa Se\u00e7\u00e3o que tratam de mat\u00e9ria de direito privado.<\/p>\n<p><strong>Animado<br \/>\n<\/strong>No PDT, a disposi\u00e7\u00e3o \u00e9 apoiar um candidato de oposi\u00e7\u00e3o ao governador Ibaneis Rocha (MDB). De prefer\u00eancia, um nome do pr\u00f3prio partido. Por isso, o presidente nacional, Carlos Lupi, tem cortejado os senadores Leila Barros (Cidadania-DF) e Jos\u00e9 Ant\u00f4nio Reguffe (Podemos-DF) para que se filiem ao PDT. Mas o partido tem tamb\u00e9m uma carta na manga: o ex-presidente da C\u00e2mara Legislativa Joe Valle, que est\u00e1 disposto a voltar para a pol\u00edtica. Na \u00faltima elei\u00e7\u00e3o, ele n\u00e3o quis concorrer. Mas agora est\u00e1 animado com o retorno.<\/p>\n<p><strong>Mais conforto para pacientes com c\u00e2ncer<br \/>\n<\/strong>Na pauta da sess\u00e3o conjunta do Congresso, o projeto que trata da obriga\u00e7\u00e3o de planos de sa\u00fade de arcarem com a quimioterapia oral \u00e9 defendido por associa\u00e7\u00f5es que representam pacientes com c\u00e2ncer. Significa mais conforto para quem est\u00e1 em tratamento porque poder\u00e1 receber a medica\u00e7\u00e3o em casa e n\u00e3o representa aumento de custo para as operadoras de sa\u00fade. Autor do projeto, o senador Jos\u00e9 Ant\u00f4nio Reguffe (Podemos-DF) est\u00e1 ligando para cada deputado e senador com a defesa da proposta aprovada pela C\u00e2mara e Senado e vetada pelo presidente Jair Bolsonaro.<\/p>\n<p><strong>PV ter\u00e1 de construir alian\u00e7as<br \/>\n<\/strong>O deputado Leandro Grass anunciou que deixa a Rede para se foliar ao PV. Ele saiu agradecendo Marina Silva e disse que apoia o projeto de elei\u00e7\u00e3o de uma bancada de deputados federais para ultrapassar a cl\u00e1usula de barreira. Mas Grass quer concorrer ao governo do DF. Na Rede, n\u00e3o tem espa\u00e7o. Agora o PV precisa viabilizar a candidatura. Caminho longo, mas n\u00e3o imposs\u00edvel.<\/p>\n<p><strong>Ben\u00e7\u00e3o pol\u00edtica<br \/>\n<\/strong>O ex-deputado Tadeu Filippelli esteve ontem em S\u00e3o Paulo com o ex-presidente Michel Temer. Um bate papo sobre 2022. Nas redes, Filippelli escreveu: &#8220;Sem d\u00favida, o maior entendedor de pol\u00edtica que conhe\u00e7o&#8221;.<\/p>\n","protected":false},"excerpt":{"rendered":"<p>No DF, \u00e9 preciso definir se o comando estar\u00e1 nas m\u00e3os do atual presidente do DEM-DF, Alberto Fraga, ou do PSL-DF, Manoel Arruda<\/p>\n","protected":false},"author":9,"featured_media":766,"comment_status":"open","ping_status":"open","sticky":false,"template":"","format":"standard","meta":{"footnotes":""},"categories":[247],"tags":[29,281,32],"class_list":["post-765","post","type-post","status-publish","format-standard","has-post-thumbnail","hentry","category-eixo-capital","tag-eleicoes-2022","tag-operacao-tenebris","tag-uniao-brasil"],"_links":{"self":[{"href":"https:\/\/blogs.correiobraziliense.com.br\/eixocapital\/wp-json\/wp\/v2\/posts\/765","targetHints":{"allow":["GET"]}}],"collection":[{"href":"https:\/\/blogs.correiobraziliense.com.br\/eixocapital\/wp-json\/wp\/v2\/posts"}],"about":[{"href":"https:\/\/blogs.correiobraziliense.com.br\/eixocapital\/wp-json\/wp\/v2\/types\/post"}],"author":[{"embeddable":true,"href":"https:\/\/blogs.correiobraziliense.com.br\/eixocapital\/wp-json\/wp\/v2\/users\/9"}],"replies":[{"embeddable":true,"href":"https:\/\/blogs.correiobraziliense.com.br\/eixocapital\/wp-json\/wp\/v2\/comments?post=765"}],"version-history":[{"count":1,"href":"https:\/\/blogs.correiobraziliense.com.br\/eixocapital\/wp-json\/wp\/v2\/posts\/765\/revisions"}],"predecessor-version":[{"id":767,"href":"https:\/\/blogs.correiobraziliense.com.br\/eixocapital\/wp-json\/wp\/v2\/posts\/765\/revisions\/767"}],"wp:featuredmedia":[{"embeddable":true,"href":"https:\/\/blogs.correiobraziliense.com.br\/eixocapital\/wp-json\/wp\/v2\/media\/766"}],"wp:attachment":[{"href":"https:\/\/blogs.correiobraziliense.com.br\/eixocapital\/wp-json\/wp\/v2\/media?parent=765"}],"wp:term":[{"taxonomy":"category","embeddable":true,"href":"https:\/\/blogs.correiobraziliense.com.br\/eixocapital\/wp-json\/wp\/v2\/categories?post=765"},{"taxonomy":"post_tag","embeddable":true,"href":"https:\/\/blogs.correiobraziliense.com.br\/eixocapital\/wp-json\/wp\/v2\/tags?post=765"}],"curies":[{"name":"wp","href":"https:\/\/api.w.org\/{rel}","templated":true}]}}