{"id":744,"date":"2022-02-02T07:54:39","date_gmt":"2022-02-02T10:54:39","guid":{"rendered":"https:\/\/blogs.correiobraziliense.com.br\/eixocapital\/?p=744"},"modified":"2022-02-02T07:54:39","modified_gmt":"2022-02-02T10:54:39","slug":"taxas-de-mortalidade-e-letalidade-por-covid-19-caem-no-df","status":"publish","type":"post","link":"https:\/\/blogs.correiobraziliense.com.br\/eixocapital\/2022\/02\/02\/taxas-de-mortalidade-e-letalidade-por-covid-19-caem-no-df\/","title":{"rendered":"Taxas de mortalidade e letalidade por covid-19 caem no DF"},"content":{"rendered":"<h3>Da Eixo Capital<\/h3>\n<p>Levantamento da Codeplan, com base em dados estat\u00edsticos da Secretaria de Sa\u00fade do DF, comprovam que a vacina\u00e7\u00e3o realmente reduziu a gravidade da pandemia no Distrito Federal.<\/p>\n<p>&nbsp;<\/p>\n<p>Na primeira onda, a taxa de mortalidade, que mede o n\u00famero de mortes em rela\u00e7\u00e3o \u00e0 popula\u00e7\u00e3o, foi de 81,6 por 100 mil habitantes. J\u00e1 a de letalidade, que afere quantas pessoas chegaram a \u00f3bito entre as que desenvolveram a doen\u00e7a, foi de 1,6%.<\/p>\n<p>&nbsp;<\/p>\n<p>Na segunda onda, a mortalidade chegou a 106,2 e a letalidade, 3,2%. Agora, com a \u00f4micron, os n\u00fameros s\u00e3o bem diferentes: 2,6 e 0,1% respectivamente.<\/p>\n<p>&nbsp;<\/p>\n<p>Os hospitais est\u00e3o lotados porque o n\u00famero de contamina\u00e7\u00f5es \u00e9 alto, mas proporcionalmente menos\u00a0pacientes perdem a vida.<\/p>\n<p>&nbsp;<\/p>\n<p><strong>Vacina\u00e7\u00e3o muda<br \/>\n<\/strong>Na avalia\u00e7\u00e3o do presidente da Codeplan, Jean Lima, os dados s\u00e3o autoexplicativos. &#8220;Somente com a vacina\u00e7\u00e3o da popula\u00e7\u00e3o \u00e9 que vamos superar a pandemia da covid-19. Ano passado observamos o impacto da vacina\u00e7\u00e3o na economia, atingimos em dezembro de 2021 o menor \u00edndice de desemprego dos \u00faltimos seis anos. Agora, com a variante \u00f4micron, apesar do n\u00famero recorde de casos, a mortalidade \u00e9 a menor registrada at\u00e9 o momento&#8221;.<\/p>\n","protected":false},"excerpt":{"rendered":"<p>Da Eixo Capital Levantamento da Codeplan, com base em dados estat\u00edsticos da Secretaria de Sa\u00fade do DF, comprovam que a vacina\u00e7\u00e3o realmente reduziu a gravidade da pandemia no Distrito Federal. &nbsp; Na primeira onda, a taxa de mortalidade, que mede o n\u00famero de mortes em rela\u00e7\u00e3o \u00e0 popula\u00e7\u00e3o, foi de 81,6 por 100 mil habitantes. J\u00e1 a de letalidade, que [&hellip;]<\/p>\n","protected":false},"author":9,"featured_media":591,"comment_status":"open","ping_status":"open","sticky":false,"template":"","format":"standard","meta":{"footnotes":""},"categories":[247],"tags":[5,299,2,297,296,298],"class_list":["post-744","post","type-post","status-publish","format-standard","has-post-thumbnail","hentry","category-eixo-capital","tag-covid","tag-omicron","tag-pandemia","tag-taxa-de-letalidade","tag-taxa-de-mortalidade","tag-terceira-onda"],"_links":{"self":[{"href":"https:\/\/blogs.correiobraziliense.com.br\/eixocapital\/wp-json\/wp\/v2\/posts\/744","targetHints":{"allow":["GET"]}}],"collection":[{"href":"https:\/\/blogs.correiobraziliense.com.br\/eixocapital\/wp-json\/wp\/v2\/posts"}],"about":[{"href":"https:\/\/blogs.correiobraziliense.com.br\/eixocapital\/wp-json\/wp\/v2\/types\/post"}],"author":[{"embeddable":true,"href":"https:\/\/blogs.correiobraziliense.com.br\/eixocapital\/wp-json\/wp\/v2\/users\/9"}],"replies":[{"embeddable":true,"href":"https:\/\/blogs.correiobraziliense.com.br\/eixocapital\/wp-json\/wp\/v2\/comments?post=744"}],"version-history":[{"count":1,"href":"https:\/\/blogs.correiobraziliense.com.br\/eixocapital\/wp-json\/wp\/v2\/posts\/744\/revisions"}],"predecessor-version":[{"id":745,"href":"https:\/\/blogs.correiobraziliense.com.br\/eixocapital\/wp-json\/wp\/v2\/posts\/744\/revisions\/745"}],"wp:featuredmedia":[{"embeddable":true,"href":"https:\/\/blogs.correiobraziliense.com.br\/eixocapital\/wp-json\/wp\/v2\/media\/591"}],"wp:attachment":[{"href":"https:\/\/blogs.correiobraziliense.com.br\/eixocapital\/wp-json\/wp\/v2\/media?parent=744"}],"wp:term":[{"taxonomy":"category","embeddable":true,"href":"https:\/\/blogs.correiobraziliense.com.br\/eixocapital\/wp-json\/wp\/v2\/categories?post=744"},{"taxonomy":"post_tag","embeddable":true,"href":"https:\/\/blogs.correiobraziliense.com.br\/eixocapital\/wp-json\/wp\/v2\/tags?post=744"}],"curies":[{"name":"wp","href":"https:\/\/api.w.org\/{rel}","templated":true}]}}