{"id":736,"date":"2022-02-02T07:35:30","date_gmt":"2022-02-02T10:35:30","guid":{"rendered":"https:\/\/blogs.correiobraziliense.com.br\/eixocapital\/?p=736"},"modified":"2022-02-02T07:50:35","modified_gmt":"2022-02-02T10:50:35","slug":"eduardo-e-monica-o-casal-real-cantado-pela-legiao","status":"publish","type":"post","link":"https:\/\/blogs.correiobraziliense.com.br\/eixocapital\/2022\/02\/02\/eduardo-e-monica-o-casal-real-cantado-pela-legiao\/","title":{"rendered":"Eduardo e M\u00f4nica: o casal real cantado pela Legi\u00e3o"},"content":{"rendered":"<p><strong>Coluna Eixo Capital, por Ana Maria Campos\u00a0<\/strong><\/p>\n<p><em>&#8220;Ela gostava do Bandeira e do Bauhaus\/De Van Gogh e dos Mutantes\/De Caeta no e de Rimbaud\/E o Eduardo gostava de novela\/E jogava futebol-de-bot\u00e3o com seu av\u00f4&#8221;<\/em><\/p>\n<p>Quem diria que Eduardo, retratado na m\u00fasica de Renato Russo como um adolescente como qualquer outro dos anos 1980 em Bras\u00edlia, se tornaria um diplomata com um vasto curr\u00edculo e miss\u00f5es importantes mundo afora. Essa \u00e9 a hist\u00f3ria de Fernando Coimbra, casado h\u00e1 mais de quatro d\u00e9cadas, com Leonice Coimbra, a artista pl\u00e1stica Leo Coimbra. Ela n\u00e3o fez medicina, como a M\u00f4nica, mas com certeza admira Van Gogh. Esse \u00e9 o casal que inspirou Renato Russo na famosa composi\u00e7\u00e3o de quatro minutos, cuja hist\u00f3ria de amor \u00e9 contada no filme de Ren\u00e9 Sampaio, sucesso nas telas dos cinemas nesse come\u00e7o de 2022. Leo era grande amiga do l\u00edder da Legi\u00e3o Urbana, e ele conviveu com a filha do casal, Nina Coimbra, quando crian\u00e7a. Mas h\u00e1 muitas diferen\u00e7as na vida real. Aos 63 anos, a artista pl\u00e1stica \u00e9 menos de dois anos mais velha que o marido, que completa 62 em junho. Eles tamb\u00e9m t\u00eam personalidades diferentes das retratadas na m\u00fasica. Mas realmente, pelo que os amigos contam,<br \/>\nse completam como &#8220;feij\u00e3o com arroz&#8221;.<\/p>\n<p><strong>Enteado de Leda Collor<br \/>\n<\/strong>Fernando Coimbra, o Eduardo da m\u00fasica, fez carreira na diplomacia, como o pai, o embaixador Marcos Coimbra, que foi secret\u00e1rio-geral da Presid\u00eancia da Rep\u00fablica entre 1990 e 1992, no governo do presidente Fernando Collor, de quem era cunhado. Dono do instituto Vox Populi, Coimbra, que morreu em 2013, foi casado com Leda Collor, a irm\u00e3 mais velha de Collor. Fernando Coimbra n\u00e3o era parente de sangue do ex-presidente, que sofreu impeachment em 1992. Era filho do primeiro casamento do embaixador.<\/p>\n<p><strong>Embaixador no M\u00e9xico<br \/>\n<\/strong>Na diplomacia, Fernando Coimbra, bacharel em Antropologia pela Universidade de Bras\u00edlia (UnB), chegou a v\u00e1rios postos. No ano passado, foi nomeado para a embaixada do Brasil no M\u00e9xico pelo presidente Jair Bolsonaro. Antes serviu na embaixada em Washington de 1991 a 1994, em Quito de 1994 a 1998, na Miss\u00e3o junto \u00e0 ONU em Nova York de 2000 a 2004, em Nova Delhi de 2004 a 2007, em Lisboa de 2010 a 2011, e em Nair\u00f3bi de 2018 a 2021.<\/p>\n<p>.<\/p>\n","protected":false},"excerpt":{"rendered":"<p>Quem diria que Eduardo, da m\u00fasica de Renato Russo, se tornaria um diplomata com um vasto curr\u00edculo e miss\u00f5es importantes mundo afora?<\/p>\n","protected":false},"author":9,"featured_media":737,"comment_status":"open","ping_status":"open","sticky":false,"template":"","format":"standard","meta":{"footnotes":""},"categories":[247],"tags":[294,2,134],"class_list":["post-736","post","type-post","status-publish","format-standard","has-post-thumbnail","hentry","category-eixo-capital","tag-eduardo-e-monica","tag-pandemia","tag-vacinacao"],"_links":{"self":[{"href":"https:\/\/blogs.correiobraziliense.com.br\/eixocapital\/wp-json\/wp\/v2\/posts\/736","targetHints":{"allow":["GET"]}}],"collection":[{"href":"https:\/\/blogs.correiobraziliense.com.br\/eixocapital\/wp-json\/wp\/v2\/posts"}],"about":[{"href":"https:\/\/blogs.correiobraziliense.com.br\/eixocapital\/wp-json\/wp\/v2\/types\/post"}],"author":[{"embeddable":true,"href":"https:\/\/blogs.correiobraziliense.com.br\/eixocapital\/wp-json\/wp\/v2\/users\/9"}],"replies":[{"embeddable":true,"href":"https:\/\/blogs.correiobraziliense.com.br\/eixocapital\/wp-json\/wp\/v2\/comments?post=736"}],"version-history":[{"count":3,"href":"https:\/\/blogs.correiobraziliense.com.br\/eixocapital\/wp-json\/wp\/v2\/posts\/736\/revisions"}],"predecessor-version":[{"id":743,"href":"https:\/\/blogs.correiobraziliense.com.br\/eixocapital\/wp-json\/wp\/v2\/posts\/736\/revisions\/743"}],"wp:featuredmedia":[{"embeddable":true,"href":"https:\/\/blogs.correiobraziliense.com.br\/eixocapital\/wp-json\/wp\/v2\/media\/737"}],"wp:attachment":[{"href":"https:\/\/blogs.correiobraziliense.com.br\/eixocapital\/wp-json\/wp\/v2\/media?parent=736"}],"wp:term":[{"taxonomy":"category","embeddable":true,"href":"https:\/\/blogs.correiobraziliense.com.br\/eixocapital\/wp-json\/wp\/v2\/categories?post=736"},{"taxonomy":"post_tag","embeddable":true,"href":"https:\/\/blogs.correiobraziliense.com.br\/eixocapital\/wp-json\/wp\/v2\/tags?post=736"}],"curies":[{"name":"wp","href":"https:\/\/api.w.org\/{rel}","templated":true}]}}