{"id":733,"date":"2022-02-02T07:05:36","date_gmt":"2022-02-02T10:05:36","guid":{"rendered":"https:\/\/blogs.correiobraziliense.com.br\/eixocapital\/?p=733"},"modified":"2022-02-02T07:05:36","modified_gmt":"2022-02-02T10:05:36","slug":"gabinete-de-andre-clemente-no-tcdf-e-alvo-de-busca-e-apreensao-em-segunda-etapa-da-operacao-tenebris","status":"publish","type":"post","link":"https:\/\/blogs.correiobraziliense.com.br\/eixocapital\/2022\/02\/02\/gabinete-de-andre-clemente-no-tcdf-e-alvo-de-busca-e-apreensao-em-segunda-etapa-da-operacao-tenebris\/","title":{"rendered":"Gabinete de Andr\u00e9 Clemente no TCDF \u00e9 alvo de busca e apreens\u00e3o em segunda etapa da Opera\u00e7\u00e3o Tenebris"},"content":{"rendered":"<h4>ANA MARIA CAMPOS<\/h4>\n<p>O Minist\u00e9rio P\u00fablico do Distrito Federal e Territ\u00f3rios (MPDFT) e a Pol\u00edcia Civil do DF deflagrada nesta manh\u00e3 (02\/02) um desdobramento da Opera\u00e7\u00e3o Tenebris, que apura supostas irregularidades no projeto Bras\u00edlia Iluminada.<\/p>\n<p>&nbsp;<\/p>\n<p>Nesta manh\u00e3, s\u00e3o cumpridos mandados de busca e apreens\u00e3o no gabinete do conselheiro Andr\u00e9 Clemente, no Tribunal de Contas do Distrito Federal (TCDF), e novamente na casa dele, no Sudoeste.<\/p>\n<p>&nbsp;<\/p>\n<p>Tamb\u00e9m s\u00e3o alvo dos mandados de busca a chefe de gabinete de Clemente, Edileide Oliveira Santos, e o seu presidente do Instituto Idheias,\u00a0Geraldo Marcelo Sanches.<\/p>\n<p>&nbsp;<\/p>\n<p>O Idheias, uma organiza\u00e7\u00e3o da sociedade social, foi contratado para executar o projeto de ilumina\u00e7\u00e3o e ornamenta\u00e7\u00e3o do Natal de 2021, por R$ 14 milh\u00f5es.<\/p>\n<p>&nbsp;<\/p>\n<p>A primeira etapa da Opera\u00e7\u00e3o Tenebris ocorreu em 25 de janeiro, quando Clemente foi alvo de buscas pela primeira vez. Ele \u00e9 investigado como respons\u00e1vel pelas irregularidades que teriam ocorrido quando estava na Secretaria de Economia do DF.<\/p>\n<p>&nbsp;<\/p>\n<p>A Opera\u00e7\u00e3o Tenebris \u00e9 coordenada pelos promotores do Grupo de Atua\u00e7\u00e3o Especial de Combate ao Crime Organizado (Gaeco), com apoio de policiais civis do Departamento de Combate \u00e0 Corrup\u00e7\u00e3o (DECOR).<\/p>\n","protected":false},"excerpt":{"rendered":"<p>ANA MARIA CAMPOS O Minist\u00e9rio P\u00fablico do Distrito Federal e Territ\u00f3rios (MPDFT) e a Pol\u00edcia Civil do DF deflagrada nesta manh\u00e3 (02\/02) um desdobramento da Opera\u00e7\u00e3o Tenebris, que apura supostas irregularidades no projeto Bras\u00edlia Iluminada. &nbsp; Nesta manh\u00e3, s\u00e3o cumpridos mandados de busca e apreens\u00e3o no gabinete do conselheiro Andr\u00e9 Clemente, no Tribunal de Contas do Distrito Federal (TCDF), e [&hellip;]<\/p>\n","protected":false},"author":9,"featured_media":734,"comment_status":"open","ping_status":"open","sticky":false,"template":"","format":"standard","meta":{"footnotes":""},"categories":[1],"tags":[150,200,293,19,281,270],"class_list":["post-733","post","type-post","status-publish","format-standard","has-post-thumbnail","hentry","category-sem-categoria","tag-andre-clemente","tag-brasilia-iluminada","tag-gaeco","tag-mpdft","tag-operacao-tenebris","tag-pcdf"],"_links":{"self":[{"href":"https:\/\/blogs.correiobraziliense.com.br\/eixocapital\/wp-json\/wp\/v2\/posts\/733","targetHints":{"allow":["GET"]}}],"collection":[{"href":"https:\/\/blogs.correiobraziliense.com.br\/eixocapital\/wp-json\/wp\/v2\/posts"}],"about":[{"href":"https:\/\/blogs.correiobraziliense.com.br\/eixocapital\/wp-json\/wp\/v2\/types\/post"}],"author":[{"embeddable":true,"href":"https:\/\/blogs.correiobraziliense.com.br\/eixocapital\/wp-json\/wp\/v2\/users\/9"}],"replies":[{"embeddable":true,"href":"https:\/\/blogs.correiobraziliense.com.br\/eixocapital\/wp-json\/wp\/v2\/comments?post=733"}],"version-history":[{"count":1,"href":"https:\/\/blogs.correiobraziliense.com.br\/eixocapital\/wp-json\/wp\/v2\/posts\/733\/revisions"}],"predecessor-version":[{"id":735,"href":"https:\/\/blogs.correiobraziliense.com.br\/eixocapital\/wp-json\/wp\/v2\/posts\/733\/revisions\/735"}],"wp:featuredmedia":[{"embeddable":true,"href":"https:\/\/blogs.correiobraziliense.com.br\/eixocapital\/wp-json\/wp\/v2\/media\/734"}],"wp:attachment":[{"href":"https:\/\/blogs.correiobraziliense.com.br\/eixocapital\/wp-json\/wp\/v2\/media?parent=733"}],"wp:term":[{"taxonomy":"category","embeddable":true,"href":"https:\/\/blogs.correiobraziliense.com.br\/eixocapital\/wp-json\/wp\/v2\/categories?post=733"},{"taxonomy":"post_tag","embeddable":true,"href":"https:\/\/blogs.correiobraziliense.com.br\/eixocapital\/wp-json\/wp\/v2\/tags?post=733"}],"curies":[{"name":"wp","href":"https:\/\/api.w.org\/{rel}","templated":true}]}}