{"id":73,"date":"2021-10-20T18:58:15","date_gmt":"2021-10-20T21:58:15","guid":{"rendered":"https:\/\/blogs.correiobraziliense.com.br\/eixocapital\/?p=73"},"modified":"2021-10-20T19:04:09","modified_gmt":"2021-10-20T22:04:09","slug":"ex-secretario-de-seguranca-do-df-e-alvo-de-operacao-que-afastou-governador-do-tocantins","status":"publish","type":"post","link":"https:\/\/blogs.correiobraziliense.com.br\/eixocapital\/2021\/10\/20\/ex-secretario-de-seguranca-do-df-e-alvo-de-operacao-que-afastou-governador-do-tocantins\/","title":{"rendered":"Ex-secret\u00e1rio de Seguran\u00e7a do DF \u00e9 alvo de opera\u00e7\u00e3o que afastou governador do Tocantins"},"content":{"rendered":"<h4>ANA MARIA CAMPOS<\/h4>\n<p>O delegado da Pol\u00edcia Federal (PF) <strong>Cristiano Barbosa Sampaio,<\/strong> ex-secret\u00e1rio de Seguran\u00e7a P\u00fablica do DF e atual secret\u00e1rio da \u00e1rea no Tocantins, \u00e9 um dos alvos da opera\u00e7\u00e3o deflagrada nesta manh\u00e3 (20) que afastou do cargo o governador <strong>Mauro Carlesse<\/strong> (PSL) por seis meses.<\/p>\n<p>&nbsp;<\/p>\n<p><strong>Carlesse<\/strong> \u00e9 suspeito de liderar esquema de corrup\u00e7\u00e3o e obstru\u00e7\u00e3o de investiga\u00e7\u00f5es. <strong>Cristiano Barbosa Sampaio<\/strong> e toda a c\u00fapula da seguran\u00e7a p\u00fablica tamb\u00e9m foram afastados por decis\u00e3o do ministro <strong>Mauro Campbell<\/strong>, referendada nesta tarde por unanimidade pela Corte Especial do Superior Tribunal de Justi\u00e7a (STJ).<\/p>\n<p>&nbsp;<\/p>\n<p>As medidas foram adotadas para ampliar a apura\u00e7\u00e3o em duas frentes: na \u00e1rea de seguran\u00e7a, por suposto vazamento de informa\u00e7\u00f5es e obstru\u00e7\u00e3o de investiga\u00e7\u00f5es; e a outra relacionada a ind\u00edcios de exist\u00eancia de uma organiza\u00e7\u00e3o criminosa, com cobran\u00e7a de propina relacionada ao plano de sa\u00fade dos servidores p\u00fablicos do estado.<\/p>\n<p>&nbsp;<\/p>\n<p>Secret\u00e1rio de Seguran\u00e7a do governo de <strong>Rodrigo Rollemberg (PSB)<\/strong> no DF, <strong>Cristiano Sampaio<\/strong> \u00e9 suspeito de permitir o aparelhamento da seguran\u00e7a p\u00fablica no Tocantins para barrar investiga\u00e7\u00f5es contra o governador <strong>Mauro Carlesse.<\/strong><\/p>\n<p>&nbsp;<\/p>\n<p>Na decis\u00e3o que referendou o pedido do Minist\u00e9rio P\u00fablico Federal para o afastamento, Mauro Campbell descreveu o conjunto de elementos obtidos at\u00e9 o momento: \u201c<span class=\"s1\">Elementos probat\u00f3rios e indici\u00e1rios robustos dando conta da exist\u00eancia de uma suposta organiza\u00e7\u00e3o criminosa enraizada no centro do Governo do Estado do Tocantins, liderada, em tese, pelo Governador do Estado que aparelhou todo o sistema de Seguran\u00e7a P\u00fablica do Estado do Tocantins\u201d<\/span><\/p>\n<p>&nbsp;<\/p>\n<p><span class=\"s1\">O ministro do STJ acrescenta: \u201cInterven\u00e7\u00f5es pol\u00edticas que tamb\u00e9m permitiram o direcionamento de apura\u00e7\u00f5es em face de advers\u00e1rios pol\u00edticos do grupo, conforme relatado pelo Minist\u00e9rio P\u00fablico Federal, bem como na modifica\u00e7\u00e3o de normas que regem a estrutura funcional da Pol\u00edcia Civil do Estado do Tocantins, retirando garantias dos delegados de pol\u00edcia e que possibilitavam investiga\u00e7\u00f5es sem interfer\u00eancias pol\u00edticas\u201d.<\/span><\/p>\n<p>&nbsp;<\/p>\n<p>Segundo o ministro, h\u00e1 ainda evid\u00eancias de que ocorreu um flagrante forjado por tr\u00e1fico de drogas realizado pela organiza\u00e7\u00e3o criminosa contra um advers\u00e1rio.<\/p>\n<p>&nbsp;<\/p>\n<p>Na representa\u00e7\u00e3o, a PF chegou a pedir a pris\u00e3o preventiva dos investigados, mas a Justi\u00e7a considerou que n\u00e3o havia necessidade neste momento.<\/p>\n<p>&nbsp;<\/p>\n<p>Em breve mais informa\u00e7\u00f5es.<\/p>\n","protected":false},"excerpt":{"rendered":"<p>ANA MARIA CAMPOS O delegado da Pol\u00edcia Federal (PF) Cristiano Barbosa Sampaio, ex-secret\u00e1rio de Seguran\u00e7a P\u00fablica do DF e atual secret\u00e1rio da \u00e1rea no Tocantins, \u00e9 um dos alvos da opera\u00e7\u00e3o deflagrada nesta manh\u00e3 (20) que afastou do cargo o governador Mauro Carlesse (PSL) por seis meses. &nbsp; Carlesse \u00e9 suspeito de liderar esquema de corrup\u00e7\u00e3o e obstru\u00e7\u00e3o de investiga\u00e7\u00f5es. [&hellip;]<\/p>\n","protected":false},"author":9,"featured_media":74,"comment_status":"open","ping_status":"open","sticky":false,"template":"","format":"standard","meta":{"footnotes":""},"categories":[1],"tags":[35,39,37,38,36],"class_list":["post-73","post","type-post","status-publish","format-standard","has-post-thumbnail","hentry","category-sem-categoria","tag-cristiano-sampaio","tag-mauro-campbell","tag-mauro-carlesse","tag-stj","tag-tocantins"],"_links":{"self":[{"href":"https:\/\/blogs.correiobraziliense.com.br\/eixocapital\/wp-json\/wp\/v2\/posts\/73","targetHints":{"allow":["GET"]}}],"collection":[{"href":"https:\/\/blogs.correiobraziliense.com.br\/eixocapital\/wp-json\/wp\/v2\/posts"}],"about":[{"href":"https:\/\/blogs.correiobraziliense.com.br\/eixocapital\/wp-json\/wp\/v2\/types\/post"}],"author":[{"embeddable":true,"href":"https:\/\/blogs.correiobraziliense.com.br\/eixocapital\/wp-json\/wp\/v2\/users\/9"}],"replies":[{"embeddable":true,"href":"https:\/\/blogs.correiobraziliense.com.br\/eixocapital\/wp-json\/wp\/v2\/comments?post=73"}],"version-history":[{"count":2,"href":"https:\/\/blogs.correiobraziliense.com.br\/eixocapital\/wp-json\/wp\/v2\/posts\/73\/revisions"}],"predecessor-version":[{"id":76,"href":"https:\/\/blogs.correiobraziliense.com.br\/eixocapital\/wp-json\/wp\/v2\/posts\/73\/revisions\/76"}],"wp:featuredmedia":[{"embeddable":true,"href":"https:\/\/blogs.correiobraziliense.com.br\/eixocapital\/wp-json\/wp\/v2\/media\/74"}],"wp:attachment":[{"href":"https:\/\/blogs.correiobraziliense.com.br\/eixocapital\/wp-json\/wp\/v2\/media?parent=73"}],"wp:term":[{"taxonomy":"category","embeddable":true,"href":"https:\/\/blogs.correiobraziliense.com.br\/eixocapital\/wp-json\/wp\/v2\/categories?post=73"},{"taxonomy":"post_tag","embeddable":true,"href":"https:\/\/blogs.correiobraziliense.com.br\/eixocapital\/wp-json\/wp\/v2\/tags?post=73"}],"curies":[{"name":"wp","href":"https:\/\/api.w.org\/{rel}","templated":true}]}}