{"id":723,"date":"2022-01-28T07:23:22","date_gmt":"2022-01-28T10:23:22","guid":{"rendered":"https:\/\/blogs.correiobraziliense.com.br\/eixocapital\/?p=723"},"modified":"2022-01-28T07:23:22","modified_gmt":"2022-01-28T10:23:22","slug":"moro-tem-dificuldade-de-palanque-ate-no-parana","status":"publish","type":"post","link":"https:\/\/blogs.correiobraziliense.com.br\/eixocapital\/2022\/01\/28\/moro-tem-dificuldade-de-palanque-ate-no-parana\/","title":{"rendered":"Moro tem dificuldade de palanque at\u00e9 no Paran\u00e1"},"content":{"rendered":"<p><strong>Coluna Eixo Capital, por Ana Maria Campos<\/strong><\/p>\n<p>A vida n\u00e3o est\u00e1 f\u00e1cil para o ex-juiz Sergio Moro. O Podemos, seu partido, negocia alian\u00e7a no seu estado, o Paran\u00e1, para a reelei\u00e7\u00e3o do governador Ratinho J\u00fanior (PSD), e do senador \u00c1lvaro Dias (Podemos-PR). Ou seja, a legenda de Moro ter\u00e1 palanque duplo: o pr\u00f3prio ex-juiz da Lava-Jato e o presidente Jair Bolsonaro, aliado de Ratinho.<\/p>\n<p><strong>Torcida contra e a favor<br \/>\n<\/strong>A negocia\u00e7\u00e3o de Sergio Moro com o Uni\u00e3o Brasil tem dois entraves: ACM Neto e Ronaldo Caiado. O atual presidente do PSL, deputado Luciano Bivar (PE), que deve presidir o novo partido, \u00e9 o principal entusiasta.<\/p>\n<h3>De repouso, de olho na TV<\/h3>\n<p>Depois de passar uma temporada internado no DF Star com sintomas graves de covid-19 em 2020, o vice-governador Paco Britto (Avante) est\u00e1 tirando de letra essa nova contamina\u00e7\u00e3o. Ele foi infectado com \u00f4micron durante o per\u00edodo em que estava no exerc\u00edcio do governo. Mas est\u00e1 bem, sem febre, apenas com tosse e uma leve dor de garganta. Credita \u00e0s tr\u00eas doses da vacina. No isolamento protocolar, est\u00e1 aproveitando para descansar e ver filmes e s\u00e9ries. J\u00e1 viu N\u00e3o olhe para cima. E gostou.<\/p>\n<p><strong>Os sem vacina<br \/>\n<\/strong>No Distrito Federal, 320 mil pessoas est\u00e3o com a imuniza\u00e7\u00e3o contra covid-19 incompleta. A Secretaria de Sa\u00fade n\u00e3o tem registros do in\u00edcio da vacina\u00e7\u00e3o de quase 200 mil moradores do DF. Outros 120 mil tamb\u00e9m j\u00e1 poderiam ter recebido a segunda dose, mas ainda n\u00e3o compareceram a um local de vacina\u00e7\u00e3o. Os n\u00fameros foram apresentados, ontem, durante coletiva de imprensa realizada pela Secretaria de Sa\u00fade.<\/p>\n<p><strong>Vice<br \/>\n<\/strong>O Republicanos quer indicar o vice ou a vice na chapa de Ibaneis Rocha (MDB).<\/p>\n<p><strong>Agenda de candidato<br \/>\n<\/strong>O governador Ibaneis Rocha (MDB) est\u00e1 cumprindo agenda positiva. Hoje, estar\u00e1 em Ceil\u00e2ndia, para lan\u00e7amento da ordem de servi\u00e7o das obras de constru\u00e7\u00e3o da Pra\u00e7a do Metr\u00f4.<\/p>\n<p><strong>Felipe Belmonte no PSC<br \/>\n<\/strong>O advogado Felipe Belmonte, que at\u00e9 recentemente integrava o projeto de cria\u00e7\u00e3o do Alian\u00e7a pelo Brasil, se filiou ao Partido Social Crist\u00e3o (PSC) com a ficha abonada pelo presidente nacional da legenda, o ex-senador Marcondes Gadelha. A deputada Paula Belmonte (Cidadania-DF), casada com o advogado, deve se filiar a outro partido. Assim, o casal ter\u00e1 o controle de duas legendas, meta para formar um grupo pol\u00edtico.<\/p>\n<p><strong>A pergunta que n\u00e3o quer calar<br \/>\n<\/strong>Chico Buarque caiu no extremo do politicamente correto ao negar uma obra cujo teor nos dias atuais \u00e9 considerada machismo, apostou no marketing ou mudou o seu olhar sobre a sociedade?<\/p>\n<p><strong>Siga o dinheiro<\/strong><\/p>\n<p>R$ 9.604.636,00 &#8211;\u00a0Valor da emenda do deputado distrital Jos\u00e9 Gomes (PTB) destinada ao programa Bras\u00edlia Iluminada em 2020<\/p>\n<blockquote><p>&#8220;A suspei\u00e7\u00e3o do Sr. J\u00falio Marcelo \u2014 decorrente da rela\u00e7\u00e3o de amizade mantida com o ex-juiz Sergio Moro \u2014 deveria impedir que este atuasse no processo em an\u00e1lise, em face da d\u00favida sobre sua imparcialidade e\/ou independ\u00eancia. Ressalto que n\u00e3o estou solicitando minha atua\u00e7\u00e3o nos autos.&#8221;<br \/>\n<em>Subprocurador-geral do Minist\u00e9rio P\u00fablico junto ao TCU Lucas Furtado, no processo que investiga a contrata\u00e7\u00e3o do ex-juiz Sergio Moro pela empresa Alvarez &amp; Marsal<\/em><\/p>\n<p>&#8220;Eu n\u00e3o tenho rela\u00e7\u00e3o de amizade com o Sergio Moro, nem com ningu\u00e9m da Alvarez &amp; Marsal. Ent\u00e3o, me sinto completamente isento para atuar no processo e s\u00f3 atuo porque fui sorteado. N\u00e3o tenho interesse nenhum pessoal em atuar no processo para o qual eu n\u00e3o tenha sido sorteado, ao contr\u00e1rio do Lucas.&#8221;<br \/>\n<em>Procurador do Minist\u00e9rio P\u00fablico junto ao TCU J\u00falio Marcelo de Oliveira, em entrevista ao Jota&#8221;Frase&#8221;<\/em><\/p><\/blockquote>\n","protected":false},"excerpt":{"rendered":"<p>A negocia\u00e7\u00e3o de Sergio Moro (Podemos) com o Uni\u00e3o Brasil para as elei\u00e7\u00f5es de outubro tem dois entraves: ACM Neto e Ronaldo Caiado<\/p>\n","protected":false},"author":9,"featured_media":724,"comment_status":"open","ping_status":"open","sticky":false,"template":"","format":"standard","meta":{"footnotes":""},"categories":[247],"tags":[122,29,89],"class_list":["post-723","post","type-post","status-publish","format-standard","has-post-thumbnail","hentry","category-eixo-capital","tag-covid-19","tag-eleicoes-2022","tag-paco-britto"],"_links":{"self":[{"href":"https:\/\/blogs.correiobraziliense.com.br\/eixocapital\/wp-json\/wp\/v2\/posts\/723","targetHints":{"allow":["GET"]}}],"collection":[{"href":"https:\/\/blogs.correiobraziliense.com.br\/eixocapital\/wp-json\/wp\/v2\/posts"}],"about":[{"href":"https:\/\/blogs.correiobraziliense.com.br\/eixocapital\/wp-json\/wp\/v2\/types\/post"}],"author":[{"embeddable":true,"href":"https:\/\/blogs.correiobraziliense.com.br\/eixocapital\/wp-json\/wp\/v2\/users\/9"}],"replies":[{"embeddable":true,"href":"https:\/\/blogs.correiobraziliense.com.br\/eixocapital\/wp-json\/wp\/v2\/comments?post=723"}],"version-history":[{"count":1,"href":"https:\/\/blogs.correiobraziliense.com.br\/eixocapital\/wp-json\/wp\/v2\/posts\/723\/revisions"}],"predecessor-version":[{"id":725,"href":"https:\/\/blogs.correiobraziliense.com.br\/eixocapital\/wp-json\/wp\/v2\/posts\/723\/revisions\/725"}],"wp:featuredmedia":[{"embeddable":true,"href":"https:\/\/blogs.correiobraziliense.com.br\/eixocapital\/wp-json\/wp\/v2\/media\/724"}],"wp:attachment":[{"href":"https:\/\/blogs.correiobraziliense.com.br\/eixocapital\/wp-json\/wp\/v2\/media?parent=723"}],"wp:term":[{"taxonomy":"category","embeddable":true,"href":"https:\/\/blogs.correiobraziliense.com.br\/eixocapital\/wp-json\/wp\/v2\/categories?post=723"},{"taxonomy":"post_tag","embeddable":true,"href":"https:\/\/blogs.correiobraziliense.com.br\/eixocapital\/wp-json\/wp\/v2\/tags?post=723"}],"curies":[{"name":"wp","href":"https:\/\/api.w.org\/{rel}","templated":true}]}}