{"id":70,"date":"2021-10-20T17:06:54","date_gmt":"2021-10-20T20:06:54","guid":{"rendered":"https:\/\/blogs.correiobraziliense.com.br\/eixocapital\/?p=70"},"modified":"2021-10-20T17:06:54","modified_gmt":"2021-10-20T20:06:54","slug":"luis-miranda-nao-vota-mais-em-bolsonaro-mas-pode-migrar-para-partido-da-base","status":"publish","type":"post","link":"https:\/\/blogs.correiobraziliense.com.br\/eixocapital\/2021\/10\/20\/luis-miranda-nao-vota-mais-em-bolsonaro-mas-pode-migrar-para-partido-da-base\/","title":{"rendered":"Luis Miranda n\u00e3o vota mais em Bolsonaro, mas pode migrar para partido da base"},"content":{"rendered":"<p>No CB Poder de hoje (20), o deputado <strong>Luis\u00a0\u00a0Miranda (DEM-DF)<\/strong> disse\u00a0que nunca mais votar\u00e1 no presidente<strong> Jair Bolsonaro<\/strong> e estuda convite para se filiar ao Republicanos, caso o Uni\u00e3o Brasil fique nas m\u00e3os do ministro da Justi\u00e7a e Seguran\u00e7a P\u00fablica, Anderson Torres.<\/p>\n<p>&nbsp;<\/p>\n<p style=\"text-align: left\">O Republicanos \u00e9 da base do governo Bolsonaro. Mas com Anderson, Miranda n\u00e3o fecha. \u201cEle mandou a PF me investigar por denunciar a press\u00e3o no meu irm\u00e3o para compra de vacina Covaxin\u201d, justificou na entrevista.<\/p>\n","protected":false},"excerpt":{"rendered":"<p>No CB Poder de hoje (20), o deputado Luis\u00a0\u00a0Miranda (DEM-DF) disse\u00a0que nunca mais votar\u00e1 no presidente Jair Bolsonaro e estuda convite para se filiar ao Republicanos, caso o Uni\u00e3o Brasil fique nas m\u00e3os do ministro da Justi\u00e7a e Seguran\u00e7a P\u00fablica, Anderson Torres. &nbsp; O Republicanos \u00e9 da base do governo Bolsonaro. Mas com Anderson, Miranda n\u00e3o fecha. \u201cEle mandou a [&hellip;]<\/p>\n","protected":false},"author":9,"featured_media":71,"comment_status":"open","ping_status":"open","sticky":false,"template":"","format":"standard","meta":{"footnotes":""},"categories":[1],"tags":[34,31,33,32],"class_list":["post-70","post","type-post","status-publish","format-standard","has-post-thumbnail","hentry","category-sem-categoria","tag-anderson-torres","tag-luis-miranda","tag-republicanos","tag-uniao-brasil"],"_links":{"self":[{"href":"https:\/\/blogs.correiobraziliense.com.br\/eixocapital\/wp-json\/wp\/v2\/posts\/70","targetHints":{"allow":["GET"]}}],"collection":[{"href":"https:\/\/blogs.correiobraziliense.com.br\/eixocapital\/wp-json\/wp\/v2\/posts"}],"about":[{"href":"https:\/\/blogs.correiobraziliense.com.br\/eixocapital\/wp-json\/wp\/v2\/types\/post"}],"author":[{"embeddable":true,"href":"https:\/\/blogs.correiobraziliense.com.br\/eixocapital\/wp-json\/wp\/v2\/users\/9"}],"replies":[{"embeddable":true,"href":"https:\/\/blogs.correiobraziliense.com.br\/eixocapital\/wp-json\/wp\/v2\/comments?post=70"}],"version-history":[{"count":1,"href":"https:\/\/blogs.correiobraziliense.com.br\/eixocapital\/wp-json\/wp\/v2\/posts\/70\/revisions"}],"predecessor-version":[{"id":72,"href":"https:\/\/blogs.correiobraziliense.com.br\/eixocapital\/wp-json\/wp\/v2\/posts\/70\/revisions\/72"}],"wp:featuredmedia":[{"embeddable":true,"href":"https:\/\/blogs.correiobraziliense.com.br\/eixocapital\/wp-json\/wp\/v2\/media\/71"}],"wp:attachment":[{"href":"https:\/\/blogs.correiobraziliense.com.br\/eixocapital\/wp-json\/wp\/v2\/media?parent=70"}],"wp:term":[{"taxonomy":"category","embeddable":true,"href":"https:\/\/blogs.correiobraziliense.com.br\/eixocapital\/wp-json\/wp\/v2\/categories?post=70"},{"taxonomy":"post_tag","embeddable":true,"href":"https:\/\/blogs.correiobraziliense.com.br\/eixocapital\/wp-json\/wp\/v2\/tags?post=70"}],"curies":[{"name":"wp","href":"https:\/\/api.w.org\/{rel}","templated":true}]}}