{"id":675,"date":"2022-01-20T07:29:59","date_gmt":"2022-01-20T10:29:59","guid":{"rendered":"https:\/\/blogs.correiobraziliense.com.br\/eixocapital\/?p=675"},"modified":"2022-01-20T07:29:59","modified_gmt":"2022-01-20T10:29:59","slug":"promotoria-de-educacao-do-mpdft-trata-vacinacao-de-criancas-como-experimental","status":"publish","type":"post","link":"https:\/\/blogs.correiobraziliense.com.br\/eixocapital\/2022\/01\/20\/promotoria-de-educacao-do-mpdft-trata-vacinacao-de-criancas-como-experimental\/","title":{"rendered":"Promotoria de Educa\u00e7\u00e3o do MPDFT trata vacina\u00e7\u00e3o de crian\u00e7as como experimental"},"content":{"rendered":"<p><strong>Coluna Eixo Capital, por Ana Maria Campos<\/strong><\/p>\n<p>O presidente Jair Bolsonaro \u00e9 contra a vacina\u00e7\u00e3o de crian\u00e7as e a Anvisa diz que a imuniza\u00e7\u00e3o dos pequenos deve ocorrer para amenizar os efeitos da pandemia. Assim se divide o Minist\u00e9rio P\u00fablico do Distrito Federal e Territ\u00f3rios (MPDFT). No que se refere \u00e0 imuniza\u00e7\u00e3o de crian\u00e7as contra covid-19, h\u00e1 um embate interno entre promotores e procuradores de Justi\u00e7a. Enquanto integrantes da for\u00e7a-tarefa, liderada pelo procurador distrital dos direitos do Cidad\u00e3o, Eduardo Sabo, que acompanha a\u00e7\u00f5es da pandemia, defendem a acelera\u00e7\u00e3o da aplica\u00e7\u00e3o de doses para quem tem de 5 a 11 anos, duas promotoras de Justi\u00e7a que atuam na defesa da educa\u00e7\u00e3o, C\u00e1tia Vergara e M\u00e1rcia Rocha, recomendam que o governo do DF n\u00e3o exija passaporte de vacina para o retorno das aulas presenciais na rede p\u00fablica. Motivo: as promotoras tratam a vacina\u00e7\u00e3o de crian\u00e7as como uma medida &#8220;experimental&#8221;. Elas destacam: &#8220;ambiente escolar n\u00e3o \u00e9 adequado para tratamento de sa\u00fade e realiza\u00e7\u00e3o da imuniza\u00e7\u00e3o contra covid-19, notadamente quanto \u00e0 necessidade de serem prestadas todas as informa\u00e7\u00f5es na \u00e1rea de sa\u00fade, de forma clara, sobre os riscos e benef\u00edcios do uso do inoculante em fase experimental&#8221;. Neste caso, est\u00e3o, como Bolsonaro, divergindo da Anvisa.<\/p>\n<h3>Picuinha<\/h3>\n<p>Quem pode ser contra o uso de m\u00e1scaras, mesmo em locais abertos, quando o apetrecho \u00e9 a medida mais b\u00e1sica para evitar a infec\u00e7\u00e3o por covid-19? At\u00e9 a oposi\u00e7\u00e3o elogiou o decreto do governador em exerc\u00edcio do DF, Paco Britto, de obrigar novamente o uso da prote\u00e7\u00e3o facial. Mas ainda tem gente que reclama de que a m\u00e1scara incomoda ou faz mal para a sa\u00fade. Pode?<\/p>\n<p><strong>Op\u00e7\u00e3o pelo DF<br \/>\n<\/strong>Bolsonaristas acreditam que o Distrito Federal \u00e9 uma das op\u00e7\u00f5es de Damares Alves, a ministra da Mulher, da Fam\u00edlia e dos Direitos Humanos, para uma eventual candidatura neste ano. Ela tem feito coment\u00e1rios nas redes sociais sobre a disputa. Chegou a falar que gostaria de ser senadora ao defender mudan\u00e7as no C\u00f3digo Penal que garantam penas mais pesadas para ped\u00f3filos. Mas, no DF, Bolsonaro j\u00e1 tem candidata ao Senado: a ministra-chefe da Secretaria de Governo da Presid\u00eancia da Rep\u00fablica, Fl\u00e1via Arruda (PL).<\/p>\n<p><strong>Netinho ser\u00e1 candidato a federal na Bahia<br \/>\n<\/strong>O cantor baiano Netinho decidiu disputar a elei\u00e7\u00e3o deste ano. Ele avisou ontem que \u00e9 pr\u00e9-candidato a deputado federal pela Bahia. &#8220;Eleito, serei um soldado de Jair Bolsonaro na C\u00e2mara e defenderei o povo baiano seguindo os valores de Deus, p\u00e1tria, fam\u00edlia e liberdade&#8221;, disse \u00e0 coluna. Netinho que fez sucesso no Brasil com can\u00e7\u00f5es como Beijo na Boca e Milla \u00e9 disc\u00edpulo de Bolsonaro e muito amigo da deputada Carla Zambelli (PSL-SP). Topou o convite que vem sendo reiterado h\u00e1 meses.<\/p>\n<p><strong>Sem disputa por espa\u00e7o\u2026 Na areia<br \/>\n<\/strong>Um encontro inusitado ocorreu ontem na praia de Aruana, em Aracaju, entre o ex-governador Rodrigo Rollemberg (PSB) e o ex-deputado Alberto Fraga (DEM). Os dois foram advers\u00e1rios na \u00faltima elei\u00e7\u00e3o na disputa ao Pal\u00e1cio do Buriti e disputar\u00e3o novamente o eleitorado do DF na corrida \u00e0 C\u00e2mara dos Deputados. Mas na areia do Nordeste tem espa\u00e7o para todo mundo. Segundo Fraga, foi por acaso. &#8220;Tomamos cerveja juntos, tivemos uma boa conversa como advers\u00e1rios pol\u00edticos, n\u00e3o somos inimigos&#8221;, disse Fraga. &#8220;Pense numa conversa boa&#8221;, completou Rollemberg.<\/p>\n<p><strong>Apostas<br \/>\n<\/strong>Sobre a campanha ao governo, a avalia\u00e7\u00e3o dos dois \u00e9 de que o senador Jos\u00e9 Ant\u00f4nio Reguffe (Podemos-DF) \u00e9 o candidato mais forte da oposi\u00e7\u00e3o.<\/p>\n","protected":false},"excerpt":{"rendered":"<p>Bolsonaro \u00e9 contra a vacina\u00e7\u00e3o de crian\u00e7as e a Anvisa diz que a imuniza\u00e7\u00e3o deve ocorrer para amenizar os efeitos da pandemia. Assim se divide o MPDFT<\/p>\n","protected":false},"author":9,"featured_media":676,"comment_status":"open","ping_status":"open","sticky":false,"template":"","format":"standard","meta":{"footnotes":""},"categories":[247],"tags":[29,108,19,51,275],"class_list":["post-675","post","type-post","status-publish","format-standard","has-post-thumbnail","hentry","category-eixo-capital","tag-eleicoes-2022","tag-mascara","tag-mpdft","tag-vacina","tag-vacinacao-infantil"],"_links":{"self":[{"href":"https:\/\/blogs.correiobraziliense.com.br\/eixocapital\/wp-json\/wp\/v2\/posts\/675","targetHints":{"allow":["GET"]}}],"collection":[{"href":"https:\/\/blogs.correiobraziliense.com.br\/eixocapital\/wp-json\/wp\/v2\/posts"}],"about":[{"href":"https:\/\/blogs.correiobraziliense.com.br\/eixocapital\/wp-json\/wp\/v2\/types\/post"}],"author":[{"embeddable":true,"href":"https:\/\/blogs.correiobraziliense.com.br\/eixocapital\/wp-json\/wp\/v2\/users\/9"}],"replies":[{"embeddable":true,"href":"https:\/\/blogs.correiobraziliense.com.br\/eixocapital\/wp-json\/wp\/v2\/comments?post=675"}],"version-history":[{"count":1,"href":"https:\/\/blogs.correiobraziliense.com.br\/eixocapital\/wp-json\/wp\/v2\/posts\/675\/revisions"}],"predecessor-version":[{"id":677,"href":"https:\/\/blogs.correiobraziliense.com.br\/eixocapital\/wp-json\/wp\/v2\/posts\/675\/revisions\/677"}],"wp:featuredmedia":[{"embeddable":true,"href":"https:\/\/blogs.correiobraziliense.com.br\/eixocapital\/wp-json\/wp\/v2\/media\/676"}],"wp:attachment":[{"href":"https:\/\/blogs.correiobraziliense.com.br\/eixocapital\/wp-json\/wp\/v2\/media?parent=675"}],"wp:term":[{"taxonomy":"category","embeddable":true,"href":"https:\/\/blogs.correiobraziliense.com.br\/eixocapital\/wp-json\/wp\/v2\/categories?post=675"},{"taxonomy":"post_tag","embeddable":true,"href":"https:\/\/blogs.correiobraziliense.com.br\/eixocapital\/wp-json\/wp\/v2\/tags?post=675"}],"curies":[{"name":"wp","href":"https:\/\/api.w.org\/{rel}","templated":true}]}}