{"id":67,"date":"2021-10-20T11:08:41","date_gmt":"2021-10-20T14:08:41","guid":{"rendered":"https:\/\/blogs.correiobraziliense.com.br\/eixocapital\/?p=67"},"modified":"2021-10-20T11:08:41","modified_gmt":"2021-10-20T14:08:41","slug":"rodrigo-pacheco-acerta-filiacao-ao-psd-para-concorrer-a-presidencia","status":"publish","type":"post","link":"https:\/\/blogs.correiobraziliense.com.br\/eixocapital\/2021\/10\/20\/rodrigo-pacheco-acerta-filiacao-ao-psd-para-concorrer-a-presidencia\/","title":{"rendered":"Rodrigo Pacheco acerta filia\u00e7\u00e3o ao PSD para concorrer \u00e0 Presid\u00eancia"},"content":{"rendered":"<p style=\"text-align: left\">O presidente do Senado, Rodrigo Pacheco (DEM-MG), \u00e9 cada vez mais visto como um dos principais nomes para concorrer pela Terceira Via, contra a polariza\u00e7\u00e3o de Lula x Bolsonaro.<\/p>\n<p>&nbsp;<\/p>\n<p>Aos 44 anos, est\u00e1 na primeira parte do mandato e s\u00f3 precisa se preocupar mesmo com elei\u00e7\u00f5es em 2026. Em 2022, uma candidatura presidencial seria no m\u00ednimo uma forma de se fazer conhecido e chegar no pleito seguinte com recall. No m\u00ednimo.<\/p>\n<p>&nbsp;<\/p>\n<p>Agora, acerta a filia\u00e7\u00e3o ao PSD e d\u00e1 a largada para a corrida presidencial. O presidente do partido, Gilberto Kassab, est\u00e1 h\u00e1 meses trabalhando a candidatura e tem conversado com formadores de opini\u00e3o em v\u00e1rias \u00e1reas.<\/p>\n","protected":false},"excerpt":{"rendered":"<p>O presidente do Senado, Rodrigo Pacheco (DEM-MG), \u00e9 cada vez mais visto como um dos principais nomes para concorrer pela Terceira Via, contra a polariza\u00e7\u00e3o de Lula x Bolsonaro. &nbsp; Aos 44 anos, est\u00e1 na primeira parte do mandato e s\u00f3 precisa se preocupar mesmo com elei\u00e7\u00f5es em 2026. Em 2022, uma candidatura presidencial seria no m\u00ednimo uma forma de [&hellip;]<\/p>\n","protected":false},"author":9,"featured_media":68,"comment_status":"open","ping_status":"open","sticky":false,"template":"","format":"standard","meta":{"footnotes":""},"categories":[1],"tags":[29,30,28,27],"class_list":["post-67","post","type-post","status-publish","format-standard","has-post-thumbnail","hentry","category-sem-categoria","tag-eleicoes-2022","tag-presidencia","tag-psd","tag-rodrigo-pacheco"],"_links":{"self":[{"href":"https:\/\/blogs.correiobraziliense.com.br\/eixocapital\/wp-json\/wp\/v2\/posts\/67","targetHints":{"allow":["GET"]}}],"collection":[{"href":"https:\/\/blogs.correiobraziliense.com.br\/eixocapital\/wp-json\/wp\/v2\/posts"}],"about":[{"href":"https:\/\/blogs.correiobraziliense.com.br\/eixocapital\/wp-json\/wp\/v2\/types\/post"}],"author":[{"embeddable":true,"href":"https:\/\/blogs.correiobraziliense.com.br\/eixocapital\/wp-json\/wp\/v2\/users\/9"}],"replies":[{"embeddable":true,"href":"https:\/\/blogs.correiobraziliense.com.br\/eixocapital\/wp-json\/wp\/v2\/comments?post=67"}],"version-history":[{"count":1,"href":"https:\/\/blogs.correiobraziliense.com.br\/eixocapital\/wp-json\/wp\/v2\/posts\/67\/revisions"}],"predecessor-version":[{"id":69,"href":"https:\/\/blogs.correiobraziliense.com.br\/eixocapital\/wp-json\/wp\/v2\/posts\/67\/revisions\/69"}],"wp:featuredmedia":[{"embeddable":true,"href":"https:\/\/blogs.correiobraziliense.com.br\/eixocapital\/wp-json\/wp\/v2\/media\/68"}],"wp:attachment":[{"href":"https:\/\/blogs.correiobraziliense.com.br\/eixocapital\/wp-json\/wp\/v2\/media?parent=67"}],"wp:term":[{"taxonomy":"category","embeddable":true,"href":"https:\/\/blogs.correiobraziliense.com.br\/eixocapital\/wp-json\/wp\/v2\/categories?post=67"},{"taxonomy":"post_tag","embeddable":true,"href":"https:\/\/blogs.correiobraziliense.com.br\/eixocapital\/wp-json\/wp\/v2\/tags?post=67"}],"curies":[{"name":"wp","href":"https:\/\/api.w.org\/{rel}","templated":true}]}}