{"id":660,"date":"2022-01-14T07:37:29","date_gmt":"2022-01-14T10:37:29","guid":{"rendered":"https:\/\/blogs.correiobraziliense.com.br\/eixocapital\/?p=660"},"modified":"2022-01-14T07:37:29","modified_gmt":"2022-01-14T10:37:29","slug":"reguffe-decide-disputar-o-buriti-mas-falta-anunciar-a-candidatura","status":"publish","type":"post","link":"https:\/\/blogs.correiobraziliense.com.br\/eixocapital\/2022\/01\/14\/reguffe-decide-disputar-o-buriti-mas-falta-anunciar-a-candidatura\/","title":{"rendered":"Reguffe decide disputar o Buriti&#8230; mas falta anunciar a candidatura"},"content":{"rendered":"<p><strong>Coluna Eixo Capital, por Ana Maria Campos<\/strong><\/p>\n<p>Come\u00e7ou 2022, e a pergunta no meio pol\u00edtico do DF \u00e9: o senador Jos\u00e9 Ant\u00f4nio Reguffe (Podemos-DF) ser\u00e1 candidato ao Pal\u00e1cio do Buriti? Ele tem dito a todos os interlocutores que vai. Falta o an\u00fancio. A poss\u00edvel alian\u00e7a nacional entre Podemos e Uni\u00e3o Brasil em torno da elei\u00e7\u00e3o de Sergio Moro ser\u00e1 positiva para Reguffe, que ganhar\u00e1 tempo de TV e fundo eleitoral.<\/p>\n<h3>Partida nem come\u00e7ou<\/h3>\n<p>Quanto mais Lula cresce nas pesquisas, mais dif\u00edcil ficar\u00e1 para os potenciais aliados negociarem apoios. Como j\u00e1 ocorre em S\u00e3o Paulo. O presidente do PT, Luiz Marinho, diz que o partido n\u00e3o ceder\u00e1 a candidatura ao governo para apoiar M\u00e1rcio Fran\u00e7a, do PSB. Mas o jogo ainda n\u00e3o est\u00e1 ganho.<\/p>\n<p><strong>Centro-Oeste liderou apreens\u00e3o recorde de coca\u00edna em 2021<br \/>\n<\/strong>O Programa Nacional de Seguran\u00e7a nas Fronteiras e Divisas (Vigia) do Minist\u00e9rio da Justi\u00e7a e Seguran\u00e7a P\u00fablica registrou apreens\u00e3o recorde de coca\u00edna em 2021, um aumento de 125% se comparado ao ano anterior. Mais que dobrou. Ao todo, mais de 18 toneladas foram confiscadas. O preju\u00edzo aos criminosos foi estimado em R$ 620 milh\u00f5es, tr\u00eas vezes o verificado em 2020 \u2014 quando a perda para os traficantes foi calculada em R$ 200 milh\u00f5es, com a apreens\u00e3o de oito toneladas de coca\u00edna. O Centro-Oeste foi a regi\u00e3o com mais registros, cerca de 12 toneladas. E, em Mato Grosso, de uma \u00fanica vez, foi interceptada uma carga com 1 tonelada da droga.<\/p>\n<p><strong>Poderoso<br \/>\n<\/strong>Com o controle sobre o Or\u00e7amento que ganhou de presente do presidente Jair Bolsonaro, o ministro-chefe da Casa Civil, Ciro Nogueira, ficou bem mais poderoso que o ministro da Economia, Paulo Guedes. Praticamente virou o chefe de Guedes. \u00c9 a pol\u00edtica se sobrepondo \u00e0s contas p\u00fablicas. \u00c9 o Centr\u00e3o mais forte do que os bolsonaristas tradicionais.<\/p>\n<p><strong>Manda quem pode&#8230;<br \/>\n<\/strong>Quem pegou o Di\u00e1rio Oficial da Uni\u00e3o nesta manh\u00e3 come\u00e7ou a leitura achando que o ministro da Economia, Paulo Guedes, conquistava mais poderes com o decreto que lhe delega 10 compet\u00eancias. Todas relacionadas ao Or\u00e7amento de 2022. Mas, no fim, a realidade dos fatos: &#8220;A pr\u00e1tica dos atos de que trata o caput est\u00e1 condicionada \u00e0 manifesta\u00e7\u00e3o pr\u00e9via favor\u00e1vel do ministro de Estado chefe da Casa Civil da Presid\u00eancia da Rep\u00fablica&#8221;.<\/p>\n<p><strong>Indica\u00e7\u00f5es no DF<br \/>\n<\/strong>Detalhe: Ciro Nogueira (PP) \u00e9 amigo e aliado do governador Ibaneis Rocha (MDB) e fez indica\u00e7\u00f5es no GDF, inclusive do ex-presidente do Instituto de Gest\u00e3o Estrat\u00e9gica de Sa\u00fade do Distrito Federal (Iges-DF), Gilberto Occhi, que tamb\u00e9m esteve na Terracap.<\/p>\n","protected":false},"excerpt":{"rendered":"<p>A poss\u00edvel alian\u00e7a nacional entre Podemos e Uni\u00e3o Brasil em torno da elei\u00e7\u00e3o de Sergio Moro ser\u00e1 positiva para Reguffe, que ganhar\u00e1 tempo de TV<\/p>\n","protected":false},"author":9,"featured_media":661,"comment_status":"open","ping_status":"open","sticky":false,"template":"","format":"standard","meta":{"footnotes":""},"categories":[247],"tags":[73,29,194,272],"class_list":["post-660","post","type-post","status-publish","format-standard","has-post-thumbnail","hentry","category-eixo-capital","tag-centrao","tag-eleicoes-2022","tag-reguffe","tag-trafico-de-drogas"],"_links":{"self":[{"href":"https:\/\/blogs.correiobraziliense.com.br\/eixocapital\/wp-json\/wp\/v2\/posts\/660","targetHints":{"allow":["GET"]}}],"collection":[{"href":"https:\/\/blogs.correiobraziliense.com.br\/eixocapital\/wp-json\/wp\/v2\/posts"}],"about":[{"href":"https:\/\/blogs.correiobraziliense.com.br\/eixocapital\/wp-json\/wp\/v2\/types\/post"}],"author":[{"embeddable":true,"href":"https:\/\/blogs.correiobraziliense.com.br\/eixocapital\/wp-json\/wp\/v2\/users\/9"}],"replies":[{"embeddable":true,"href":"https:\/\/blogs.correiobraziliense.com.br\/eixocapital\/wp-json\/wp\/v2\/comments?post=660"}],"version-history":[{"count":1,"href":"https:\/\/blogs.correiobraziliense.com.br\/eixocapital\/wp-json\/wp\/v2\/posts\/660\/revisions"}],"predecessor-version":[{"id":662,"href":"https:\/\/blogs.correiobraziliense.com.br\/eixocapital\/wp-json\/wp\/v2\/posts\/660\/revisions\/662"}],"wp:featuredmedia":[{"embeddable":true,"href":"https:\/\/blogs.correiobraziliense.com.br\/eixocapital\/wp-json\/wp\/v2\/media\/661"}],"wp:attachment":[{"href":"https:\/\/blogs.correiobraziliense.com.br\/eixocapital\/wp-json\/wp\/v2\/media?parent=660"}],"wp:term":[{"taxonomy":"category","embeddable":true,"href":"https:\/\/blogs.correiobraziliense.com.br\/eixocapital\/wp-json\/wp\/v2\/categories?post=660"},{"taxonomy":"post_tag","embeddable":true,"href":"https:\/\/blogs.correiobraziliense.com.br\/eixocapital\/wp-json\/wp\/v2\/tags?post=660"}],"curies":[{"name":"wp","href":"https:\/\/api.w.org\/{rel}","templated":true}]}}