{"id":654,"date":"2022-01-13T07:51:54","date_gmt":"2022-01-13T10:51:54","guid":{"rendered":"https:\/\/blogs.correiobraziliense.com.br\/eixocapital\/?p=654"},"modified":"2022-01-13T07:51:54","modified_gmt":"2022-01-13T10:51:54","slug":"dignidade-menstrual-falta-regulamentacao-no-df","status":"publish","type":"post","link":"https:\/\/blogs.correiobraziliense.com.br\/eixocapital\/2022\/01\/13\/dignidade-menstrual-falta-regulamentacao-no-df\/","title":{"rendered":"Dignidade menstrual: falta regulamenta\u00e7\u00e3o no DF"},"content":{"rendered":"<p><strong>Coluna Eixo Capital, por Ana Maria Campos<\/strong><\/p>\n<p>Nesta semana, completou um ano da san\u00e7\u00e3o da lei 6.779\/21 que determina a distribui\u00e7\u00e3o gratuita de absorventes em escolas p\u00fablicas e em UBSs para mulheres em situa\u00e7\u00e3o de vulnerabilidade no DF. Um exemplo para o pa\u00eds, onde o projeto de dignidade menstrual foi vetado pelo presidente Jair Bolsonaro. Mas a autora do projeto no DF, deputada distrital Arlete Sampaio (PT), adverte: por falta de regulamenta\u00e7\u00e3o pelo GDF, a lei ainda n\u00e3o saiu do papel. Ela criou a campanha: #REGULAMENTAIBANEIS.<\/p>\n<p><strong>De olho nos n\u00fameros<br \/>\n<\/strong>A gravidade da pandemia fez com que o governador Ibaneis Rocha se envolvesse diretamente em solu\u00e7\u00f5es para impedir a propaga\u00e7\u00e3o da \u00f4micron. Ele conversou com o governador em exerc\u00edcio Paco Britto e tem uma mapa da situa\u00e7\u00e3o. \u00c0 coluna, Ibaneis disse que est\u00e1 preocupado: &#8220;Mesmo tendo baixa letalidade as interna\u00e7\u00f5es cresceram muito esses \u00faltimos dias&#8221;. E afirmou que est\u00e1 de olho nos n\u00fameros de interna\u00e7\u00f5es: &#8220;Por enquanto, estamos dando conta, mas atrapalha todo o sistema de sa\u00fade. Temos que reverter UTI para UTI Covid. E aumentar os leitos de UTI&#8221;. Foi o governador quem decidiu que, neste momento, n\u00e3o haveria lockdown, mas determinou a proibi\u00e7\u00e3o de eventos, como festas e shows.<\/p>\n<p><strong>Mobiliza\u00e7\u00e3o de estudantes contra aulas presenciais nas universidades<br \/>\n<\/strong>Alunos do Ceub est\u00e3o recolhendo assinaturas contra a volta \u00e0s aulas presenciais neste momento de dispara das contamina\u00e7\u00f5es por \u00f4micron e influenza. As aulas voltam em 14 de fevereiro. A UnB, Cat\u00f3lica e IFB seguem pelo mesmo caminho, diferentemente de Universidades federais de Minas Gerais, Rio de Janeiro e Santa Catarina.<\/p>\n<p><strong>Vacinas j\u00e1<br \/>\n<\/strong>Secret\u00e1rio de Sa\u00fade do DF, Manoel Pafiadache: &#8220;87% a 90% das interna\u00e7\u00f5es s\u00e3o de n\u00e3o vacinados ou com imuniza\u00e7\u00e3o incompleta&#8221;. Ou seja, as doses n\u00e3o impedem a infec\u00e7\u00e3o, mas d\u00e3o mais chance de recupera\u00e7\u00e3o para quem adoeceu.<\/p>\n<p><strong>Disputa por imuniza\u00e7\u00e3o infantil<br \/>\n<\/strong>O DF tem 268.206 crian\u00e7as de 5 a 11 anos para vacinar, segundo dados da Codeplan. Com as 16,3 mil doses pedi\u00e1tricas da Pfizer que v\u00e3o chegar amanh\u00e3, s\u00f3 d\u00e1 para aplicar em 40% dos pequenos com 11 anos. E ainda \u00e9 preciso incluir as crian\u00e7as com comorbidades e S\u00edndrome de Down. Ser\u00e3o 10 mil para quem tem 11 anos, ou seja, 25% das crian\u00e7as nessa faixa et\u00e1ria. N\u00e3o vai ser f\u00e1cil. Muita gente vai voltar para casa sem a dose contra covid-19.<\/p>\n<p><strong>Sem servi\u00e7o volunt\u00e1rio na PCDF<br \/>\n<\/strong>Em assembleia nesta semana, delegados sindicalizados do Sindepo decidiram desmarcar toda participa\u00e7\u00e3o no servi\u00e7o volunt\u00e1rio de fevereiro da Pol\u00edcia Civil. O trabalho extra \u00e9 fundamental para manter as delegacias abertas 24 horas. Eles se uniram ao movimento deflagrado pelo Sindicato dos Policiais Civis do DF (Sinpol-DF), que representa agentes e escriv\u00e3es, na campanha pelo reajuste da categoria.<\/p>\n","protected":false},"excerpt":{"rendered":"<p>A autora do projeto no DF, deputada distrital Arlete Sampaio (PT), adverte: por falta de regulamenta\u00e7\u00e3o pelo GDF, a lei ainda n\u00e3o saiu do papel<\/p>\n","protected":false},"author":9,"featured_media":655,"comment_status":"open","ping_status":"open","sticky":false,"template":"","format":"standard","meta":{"footnotes":""},"categories":[247],"tags":[267,268,122,2,270,198,269],"class_list":["post-654","post","type-post","status-publish","format-standard","has-post-thumbnail","hentry","category-eixo-capital","tag-absorventes-intimos","tag-aulas-presenciais","tag-covid-19","tag-pandemia","tag-pcdf","tag-sindepo","tag-vacina-infantil"],"_links":{"self":[{"href":"https:\/\/blogs.correiobraziliense.com.br\/eixocapital\/wp-json\/wp\/v2\/posts\/654","targetHints":{"allow":["GET"]}}],"collection":[{"href":"https:\/\/blogs.correiobraziliense.com.br\/eixocapital\/wp-json\/wp\/v2\/posts"}],"about":[{"href":"https:\/\/blogs.correiobraziliense.com.br\/eixocapital\/wp-json\/wp\/v2\/types\/post"}],"author":[{"embeddable":true,"href":"https:\/\/blogs.correiobraziliense.com.br\/eixocapital\/wp-json\/wp\/v2\/users\/9"}],"replies":[{"embeddable":true,"href":"https:\/\/blogs.correiobraziliense.com.br\/eixocapital\/wp-json\/wp\/v2\/comments?post=654"}],"version-history":[{"count":1,"href":"https:\/\/blogs.correiobraziliense.com.br\/eixocapital\/wp-json\/wp\/v2\/posts\/654\/revisions"}],"predecessor-version":[{"id":656,"href":"https:\/\/blogs.correiobraziliense.com.br\/eixocapital\/wp-json\/wp\/v2\/posts\/654\/revisions\/656"}],"wp:featuredmedia":[{"embeddable":true,"href":"https:\/\/blogs.correiobraziliense.com.br\/eixocapital\/wp-json\/wp\/v2\/media\/655"}],"wp:attachment":[{"href":"https:\/\/blogs.correiobraziliense.com.br\/eixocapital\/wp-json\/wp\/v2\/media?parent=654"}],"wp:term":[{"taxonomy":"category","embeddable":true,"href":"https:\/\/blogs.correiobraziliense.com.br\/eixocapital\/wp-json\/wp\/v2\/categories?post=654"},{"taxonomy":"post_tag","embeddable":true,"href":"https:\/\/blogs.correiobraziliense.com.br\/eixocapital\/wp-json\/wp\/v2\/tags?post=654"}],"curies":[{"name":"wp","href":"https:\/\/api.w.org\/{rel}","templated":true}]}}