{"id":642,"date":"2022-01-11T07:32:56","date_gmt":"2022-01-11T10:32:56","guid":{"rendered":"https:\/\/blogs.correiobraziliense.com.br\/eixocapital\/?p=642"},"modified":"2022-01-11T07:32:56","modified_gmt":"2022-01-11T10:32:56","slug":"paco-britto-avalia-medidas-contra-a-covid","status":"publish","type":"post","link":"https:\/\/blogs.correiobraziliense.com.br\/eixocapital\/2022\/01\/11\/paco-britto-avalia-medidas-contra-a-covid\/","title":{"rendered":"Paco Britto avalia medidas contra a covid"},"content":{"rendered":"<p><strong>Coluna Eixo Capital, por Ana Maria Campos<\/strong><\/p>\n<p>O governador em exerc\u00edcio Paco Britto (Avante) tem reuni\u00e3o hoje (11\/1) para tratar do processo de vacina\u00e7\u00e3o de crian\u00e7as. Mas a alta no cont\u00e1gio de covid-19 vai deixar o clima tenso. Medidas precisam ser definidas com urg\u00eancia.<\/p>\n<p><strong>Aval<br \/>\n<\/strong>Nenhuma medida de restri\u00e7\u00e3o ser\u00e1 adotada sem o aval do 01. O governador Ibaneis Rocha est\u00e1 fora de Bras\u00edlia, mas ser\u00e1 consultado.<\/p>\n<p><strong>Conselho de especialista<br \/>\n<\/strong>Recomenda\u00e7\u00e3o do neurocientista Miguel Nicolelis, um estudioso sobre a pandemia de covid-19: &#8220;Governadores t\u00eam que retomar medidas de isolamento social usadas na primeira onda sob pena de perderem completamente a m\u00e3o da situa\u00e7\u00e3o que j\u00e1 d\u00e1 sinais de estar saindo do controle. Medidas t\u00eam que ser impostas nos primeiros sinais de crescimento exponencial e n\u00e3o depois que hospitais lotarem!&#8221;. Com a taxa de transmiss\u00e3o a 2,01, o momento \u00e9 de refletir os pr\u00f3ximos passos.<\/p>\n<h3>Renova\u00e7\u00e3o<\/h3>\n<p>Entre os 24 deputados distritais, 16 devem disputar a reelei\u00e7\u00e3o. Quantos conseguir\u00e3o?<\/p>\n<p><strong>Ato em defesa do Teatro da Pra\u00e7a<br \/>\n<\/strong>Moradores de Taguatinga realizam hoje, \u00e0s 9h, um ato em defesa de uma reforma do Teatro da Pra\u00e7a, no centro da cidade. A \u00faltima obra de recupera\u00e7\u00e3o ocorreu no governo Cristovam, h\u00e1 25 anos.<\/p>\n","protected":false},"excerpt":{"rendered":"<p>O governador em exerc\u00edcio Paco Britto (Avante) tem reuni\u00e3o nesta ter\u00e7a-feira para tratar do processo de vacina\u00e7\u00e3o de crian\u00e7as<\/p>\n","protected":false},"author":9,"featured_media":643,"comment_status":"open","ping_status":"open","sticky":false,"template":"","format":"standard","meta":{"footnotes":""},"categories":[247],"tags":[70,122,89,2,264],"class_list":["post-642","post","type-post","status-publish","format-standard","has-post-thumbnail","hentry","category-eixo-capital","tag-camara-legislativa","tag-covid-19","tag-paco-britto","tag-pandemia","tag-teatro-da-praca"],"_links":{"self":[{"href":"https:\/\/blogs.correiobraziliense.com.br\/eixocapital\/wp-json\/wp\/v2\/posts\/642","targetHints":{"allow":["GET"]}}],"collection":[{"href":"https:\/\/blogs.correiobraziliense.com.br\/eixocapital\/wp-json\/wp\/v2\/posts"}],"about":[{"href":"https:\/\/blogs.correiobraziliense.com.br\/eixocapital\/wp-json\/wp\/v2\/types\/post"}],"author":[{"embeddable":true,"href":"https:\/\/blogs.correiobraziliense.com.br\/eixocapital\/wp-json\/wp\/v2\/users\/9"}],"replies":[{"embeddable":true,"href":"https:\/\/blogs.correiobraziliense.com.br\/eixocapital\/wp-json\/wp\/v2\/comments?post=642"}],"version-history":[{"count":1,"href":"https:\/\/blogs.correiobraziliense.com.br\/eixocapital\/wp-json\/wp\/v2\/posts\/642\/revisions"}],"predecessor-version":[{"id":644,"href":"https:\/\/blogs.correiobraziliense.com.br\/eixocapital\/wp-json\/wp\/v2\/posts\/642\/revisions\/644"}],"wp:featuredmedia":[{"embeddable":true,"href":"https:\/\/blogs.correiobraziliense.com.br\/eixocapital\/wp-json\/wp\/v2\/media\/643"}],"wp:attachment":[{"href":"https:\/\/blogs.correiobraziliense.com.br\/eixocapital\/wp-json\/wp\/v2\/media?parent=642"}],"wp:term":[{"taxonomy":"category","embeddable":true,"href":"https:\/\/blogs.correiobraziliense.com.br\/eixocapital\/wp-json\/wp\/v2\/categories?post=642"},{"taxonomy":"post_tag","embeddable":true,"href":"https:\/\/blogs.correiobraziliense.com.br\/eixocapital\/wp-json\/wp\/v2\/tags?post=642"}],"curies":[{"name":"wp","href":"https:\/\/api.w.org\/{rel}","templated":true}]}}