{"id":638,"date":"2022-01-07T08:09:09","date_gmt":"2022-01-07T11:09:09","guid":{"rendered":"https:\/\/blogs.correiobraziliense.com.br\/eixocapital\/?p=638"},"modified":"2022-01-07T08:10:52","modified_gmt":"2022-01-07T11:10:52","slug":"paco-britto-entrevista","status":"publish","type":"post","link":"https:\/\/blogs.correiobraziliense.com.br\/eixocapital\/2022\/01\/07\/paco-britto-entrevista\/","title":{"rendered":"Paco Britto: &#8220;Meu foco \u00e9 atuar como vice para resgatarmos aquela Bras\u00edlia que dava orgulho a todos n\u00f3s&#8221;"},"content":{"rendered":"<p><strong>\u00c0 queima-roupa \/\/ Paco Britto, vice-governador do DF<\/strong><\/p>\n<p><strong>por Ana Maria Campos<\/strong><\/p>\n<p><strong>O senhor assumiu o governo v\u00e1rias vezes em licen\u00e7as e f\u00e9rias do governador. Isso demonstra confian\u00e7a de Ibaneis na parceria?<br \/>\n<\/strong>S\u00f3 posso dizer por mim, e eu tenho plena confian\u00e7a no governador Ibaneis e neste governo que est\u00e1 resgatando o Distrito federal que o morador tanto queria ver de volta. N\u00f3s temos uma parceira que, apesar da pandemia da covid-19, est\u00e1 dando certo e tem trazido v\u00e1rios benef\u00edcios ao povo, com grandes obras, um cuidado extremo com a \u00e1rea social, entre outras a\u00e7\u00f5es que a popula\u00e7\u00e3o tem reconhecido dia a dia. Temos dado andamento a obras importantes na capital, como a constru\u00e7\u00e3o do T\u00fanel de Taguatinga, os viadutos do Recanto das Emas, do Sudoeste e do Parano\u00e1 e Itapo\u00e3, entre outras tantas. Os projetos sociais est\u00e3o funcionando, em um momento em que a popula\u00e7\u00e3o est\u00e1 precisando e o governo est\u00e1 presente com o cart\u00e3o Vale-G\u00e1s, o cart\u00e3o Creche, entre outros. Nossos servidores e fornecedores foram pagos regularmente em dia, sem nenhum atraso. Os servi\u00e7os p\u00fablicos n\u00e3o pararam um dia sequer.<\/p>\n<p><strong>Qual \u00e9 a sua expectativa para as elei\u00e7\u00f5es? Acredita que Ibaneis vai mesmo concorrer \u00e0 reelei\u00e7\u00e3o?<br \/>\n<\/strong>Tenho plena convic\u00e7\u00e3o que para a continua\u00e7\u00e3o de projetos importantes que est\u00e3o beneficiando o povo do DF, o governador Ibaneis dever\u00e1 ser candidato sim \u00e0 reelei\u00e7\u00e3o. Sabemos que quem chancela uma chapa \u00e9 o povo, e esta ser\u00e1 uma grande chance de a popula\u00e7\u00e3o mostrar que a cidade est\u00e1 melhor com Ibaneis Rocha e Paco Britto.<\/p>\n<p><strong>J\u00e1 conversaram sobre a vice?<br \/>\n<\/strong>Ainda n\u00e3o. No momento, estamos mais preocupados em continuar os projetos em andamento e em combater a pandemia, avan\u00e7ando ainda mais na vacina\u00e7\u00e3o da popula\u00e7\u00e3o, resgatando a nossa economia e trabalhando pelo povo do DF.<\/p>\n<p><strong>Acredita que a sua perman\u00eancia na chapa seria boa para o projeto de reelei\u00e7\u00e3o? Por qu\u00ea?<br \/>\n<\/strong>N\u00e3o tenho a menor d\u00favida. O governador Ibaneis sabe que estou sempre dispon\u00edvel para ajudar e nunca para atrapalhar. Existe aquele ditado que diz: &#8220;em time que est\u00e1 ganhando n\u00e3o se mexe&#8221;. E este \u00e9 um time vitorioso. Em que o t\u00e9cnico determina o papel de cada um e que, eu, como jogador, respeito as regras e sei exatamente o que fazer, sabendo meu lugar, minhas atribui\u00e7\u00f5es e pronto para fazer &#8220;o gol&#8221; se preciso. N\u00e3o em meu nome, mas em nome de todo um time chamado Governo Ibaneis Rocha! Ou seja, o DF tem uma boa gest\u00e3o com esses nomes nas duas principais cadeiras do GDF.<\/p>\n<p><strong>O Avante vai formar uma federa\u00e7\u00e3o com algum partido?<br \/>\n<\/strong>Este \u00e9 assunto que \u00e9 discutido na esfera nacional, cuja executiva eu fa\u00e7o parte. Mas, no momento, n\u00e3o existe a perspectiva. Teremos uma reuni\u00e3o em fevereiro para tratar sobre o assunto.<\/p>\n<p><strong>Como o partido vai sobreviver nas novas regras pol\u00edticas?<br \/>\n<\/strong>O Avante sempre cumpriu todas as regras eleitorais e continuar\u00e1 cumprindo. Fomos o partido que mais cresceu nas \u00faltimas elei\u00e7\u00f5es e pretendemos repetir os resultados positivos do \u00faltimo pleito quando elegemos deputados federais, dois distritais \u2014 Jo\u00e3o Cardoso e Reginaldo Sardinha \u2014, um prefeito de capital e v\u00e1rios de interior, al\u00e9m de nomes importantes em diversos Estados.<\/p>\n<p><strong>Quem s\u00e3o os principais nomes do Avante para as pr\u00f3ximas elei\u00e7\u00f5es?<br \/>\n<\/strong>Estamos montando uma nominata competitiva com nomes importantes e com bastante chances para todas as disputas, isso eu posso garantir. No DF, temos o nome do deputado distrital Jo\u00e3o Cardoso, por exemplo, entre outros. No cen\u00e1rio nacional, tamb\u00e9m aparecer\u00e3o nomes importantes.<\/p>\n<p><strong>Se o senhor for o vice novamente, pensa em concorrer ao governo em 2026?<br \/>\n<\/strong>Ningu\u00e9m \u00e9 candidato de si mesmo. Estarei sempre \u00e0 disposi\u00e7\u00e3o do nosso grupo pol\u00edtico, tanto para concorrer quanto para trabalhar para um candidato que represente o grupo. Meu foco, como j\u00e1 demonstrei at\u00e9 agora, \u00e9 atuar como vice do governador Ibaneis Rocha para resgatarmos aquela Bras\u00edlia que dava orgulho a todos n\u00f3s e que foi sendo deixada de lado, foi ficando mal cuidada, devido a p\u00e9ssimas gest\u00f5es que passaram pelo governo. Neste momento, \u00e9 no que eu penso.<\/p>\n","protected":false},"excerpt":{"rendered":"<p>Em entrevista, o vice-governador Paco Britto fala sobre a possibilidade de ser vice na chapa de reelei\u00e7\u00e3o de Ibaneis e tra\u00e7a planos para o Avante em 2022<\/p>\n","protected":false},"author":9,"featured_media":639,"comment_status":"open","ping_status":"open","sticky":false,"template":"","format":"standard","meta":{"footnotes":""},"categories":[1],"tags":[90,89],"class_list":["post-638","post","type-post","status-publish","format-standard","has-post-thumbnail","hentry","category-sem-categoria","tag-entrevista","tag-paco-britto"],"_links":{"self":[{"href":"https:\/\/blogs.correiobraziliense.com.br\/eixocapital\/wp-json\/wp\/v2\/posts\/638","targetHints":{"allow":["GET"]}}],"collection":[{"href":"https:\/\/blogs.correiobraziliense.com.br\/eixocapital\/wp-json\/wp\/v2\/posts"}],"about":[{"href":"https:\/\/blogs.correiobraziliense.com.br\/eixocapital\/wp-json\/wp\/v2\/types\/post"}],"author":[{"embeddable":true,"href":"https:\/\/blogs.correiobraziliense.com.br\/eixocapital\/wp-json\/wp\/v2\/users\/9"}],"replies":[{"embeddable":true,"href":"https:\/\/blogs.correiobraziliense.com.br\/eixocapital\/wp-json\/wp\/v2\/comments?post=638"}],"version-history":[{"count":1,"href":"https:\/\/blogs.correiobraziliense.com.br\/eixocapital\/wp-json\/wp\/v2\/posts\/638\/revisions"}],"predecessor-version":[{"id":640,"href":"https:\/\/blogs.correiobraziliense.com.br\/eixocapital\/wp-json\/wp\/v2\/posts\/638\/revisions\/640"}],"wp:featuredmedia":[{"embeddable":true,"href":"https:\/\/blogs.correiobraziliense.com.br\/eixocapital\/wp-json\/wp\/v2\/media\/639"}],"wp:attachment":[{"href":"https:\/\/blogs.correiobraziliense.com.br\/eixocapital\/wp-json\/wp\/v2\/media?parent=638"}],"wp:term":[{"taxonomy":"category","embeddable":true,"href":"https:\/\/blogs.correiobraziliense.com.br\/eixocapital\/wp-json\/wp\/v2\/categories?post=638"},{"taxonomy":"post_tag","embeddable":true,"href":"https:\/\/blogs.correiobraziliense.com.br\/eixocapital\/wp-json\/wp\/v2\/tags?post=638"}],"curies":[{"name":"wp","href":"https:\/\/api.w.org\/{rel}","templated":true}]}}