{"id":635,"date":"2022-01-07T07:52:23","date_gmt":"2022-01-07T10:52:23","guid":{"rendered":"https:\/\/blogs.correiobraziliense.com.br\/eixocapital\/?p=635"},"modified":"2022-01-07T07:52:23","modified_gmt":"2022-01-07T10:52:23","slug":"ibaneis-tira-ferias-e-se-prepara-para-2022","status":"publish","type":"post","link":"https:\/\/blogs.correiobraziliense.com.br\/eixocapital\/2022\/01\/07\/ibaneis-tira-ferias-e-se-prepara-para-2022\/","title":{"rendered":"Ibaneis tira f\u00e9rias e se prepara para 2022"},"content":{"rendered":"<p><strong>Coluna Eixo Capital, por Ana Maria Campos<\/strong><\/p>\n<p>O governador Ibaneis Rocha (MDB) entra, nesta sexta-feira (7\/1), de f\u00e9rias e retorna em 15 dias. Na volta, precisa definir seu destino pol\u00edtico. Deve concorrer \u00e0 reelei\u00e7\u00e3o, mas tem de escolher o vice ou a vice, os candidatos ao Senado e distribuir os aliados nos partidos da base, de olho nas contas eleitorais de coeficiente e na cl\u00e1usula de barreira. At\u00e9 o fim de mar\u00e7o, a nominata dos partidos ser\u00e1 definida. Mas a chapa completa s\u00f3 deve sair em junho.<\/p>\n<h3><strong>Neutralidade no DF<\/strong><\/h3>\n<p>Os palanques nacionais n\u00e3o dever\u00e3o fazer muito sucesso no DF entre os candidatos ao governo e ao Senado. Com exce\u00e7\u00e3o dos nomes totalmente identificados com o presidente Jair Bolsonaro ou com o ex-presidente Lula, os demais pol\u00edticos dever\u00e3o exibir pouca vincula\u00e7\u00e3o nacional. Pesquisas que circulam nas campanhas apontam que Lula, Bolsonaro e um nome alternativo, como Sergio Moro, dividem igualmente a prefer\u00eancia, cerca de 30% para cada um. Mas quem gosta de Lula rejeita Bolsonaro e Moro. O mesmo ocorre com os bolsonaristas que vetam Lula e Moro. Quem vai de Moro repudia os outros dois. Para quem disputa cargo de governador ou senador, puxar uma rejei\u00e7\u00e3o t\u00e3o grande pode ser fatal. Melhor a neutralidade.<\/p>\n<p><strong>Positivo<\/strong><br \/>\nDepois de uma campanha intensa para \u00e0 reelei\u00e7\u00e3o, em que circulou muito e ficou ileso na pandemia, o presidente da OAB-DF, Delio Lins e Silva J\u00fanior, testou positivo para covid-19. Est\u00e1 com alguns sintomas, mas bem. Ele tomou posse no segundo mandato na \u00faltima segunda-feira.<\/p>\n<p><strong>Hora de aumentar os cuidados<\/strong><br \/>\nQuando se imaginava que a pandemia estaria pr\u00f3xima de arrefecer, o que se v\u00ea no Distrito Federal \u00e9 uma multiplica\u00e7\u00e3o de casos de covid-19. Com a complica\u00e7\u00e3o da influenza, que tem sintomas parecidos. Dif\u00edcil encontrar algu\u00e9m que n\u00e3o tem, pelo menos, um conhecido contaminado. Hora de recuar. Usar m\u00e1scaras e evitar aglomera\u00e7\u00f5es e festas. Mais um ano sem carnaval.<\/p>\n<p><strong>Atleta com c\u00e2ncer inspira lei que garante pontua\u00e7\u00e3o no ranking<\/strong><br \/>\nDenominada Lei Fab\u00edola Const\u00e2ncio, a Lei n\u00ba 7.050\/ 2022, publicada nesta semana, garante a manuten\u00e7\u00e3o da pontua\u00e7\u00e3o no ranking de competi\u00e7\u00f5es realizadas no DF aos atletas licenciados para o tratamento de c\u00e2ncer e patologias que impliquem longos afastamentos. Segundo o autor da lei, o deputado distrital Rodrigo Delmasso (Republicanos), a hist\u00f3ria de Fab\u00edola foi a inspira\u00e7\u00e3o. A atleta de v\u00f4lei de praia ficou mais de dois anos afastada das quadras, tratando de c\u00e2ncer de mama, e, ao retornar, soube que teve a pontua\u00e7\u00e3o zerada no ranking por falta de jogos.<\/p>\n","protected":false},"excerpt":{"rendered":"<p>Na volta, deve concorrer \u00e0 reelei\u00e7\u00e3o, mas tem de escolher o vice ou a vice, os candidatos ao Senado e distribuir os aliados nos partidos da base<\/p>\n","protected":false},"author":9,"featured_media":636,"comment_status":"open","ping_status":"open","sticky":false,"template":"","format":"standard","meta":{"footnotes":""},"categories":[247],"tags":[263,29,53,54],"class_list":["post-635","post","type-post","status-publish","format-standard","has-post-thumbnail","hentry","category-eixo-capital","tag-carnaval","tag-eleicoes-2022","tag-ibaneis-rocha","tag-oab-df"],"_links":{"self":[{"href":"https:\/\/blogs.correiobraziliense.com.br\/eixocapital\/wp-json\/wp\/v2\/posts\/635","targetHints":{"allow":["GET"]}}],"collection":[{"href":"https:\/\/blogs.correiobraziliense.com.br\/eixocapital\/wp-json\/wp\/v2\/posts"}],"about":[{"href":"https:\/\/blogs.correiobraziliense.com.br\/eixocapital\/wp-json\/wp\/v2\/types\/post"}],"author":[{"embeddable":true,"href":"https:\/\/blogs.correiobraziliense.com.br\/eixocapital\/wp-json\/wp\/v2\/users\/9"}],"replies":[{"embeddable":true,"href":"https:\/\/blogs.correiobraziliense.com.br\/eixocapital\/wp-json\/wp\/v2\/comments?post=635"}],"version-history":[{"count":1,"href":"https:\/\/blogs.correiobraziliense.com.br\/eixocapital\/wp-json\/wp\/v2\/posts\/635\/revisions"}],"predecessor-version":[{"id":637,"href":"https:\/\/blogs.correiobraziliense.com.br\/eixocapital\/wp-json\/wp\/v2\/posts\/635\/revisions\/637"}],"wp:featuredmedia":[{"embeddable":true,"href":"https:\/\/blogs.correiobraziliense.com.br\/eixocapital\/wp-json\/wp\/v2\/media\/636"}],"wp:attachment":[{"href":"https:\/\/blogs.correiobraziliense.com.br\/eixocapital\/wp-json\/wp\/v2\/media?parent=635"}],"wp:term":[{"taxonomy":"category","embeddable":true,"href":"https:\/\/blogs.correiobraziliense.com.br\/eixocapital\/wp-json\/wp\/v2\/categories?post=635"},{"taxonomy":"post_tag","embeddable":true,"href":"https:\/\/blogs.correiobraziliense.com.br\/eixocapital\/wp-json\/wp\/v2\/tags?post=635"}],"curies":[{"name":"wp","href":"https:\/\/api.w.org\/{rel}","templated":true}]}}