{"id":632,"date":"2022-01-06T07:49:09","date_gmt":"2022-01-06T10:49:09","guid":{"rendered":"https:\/\/blogs.correiobraziliense.com.br\/eixocapital\/?p=632"},"modified":"2022-01-06T07:49:09","modified_gmt":"2022-01-06T10:49:09","slug":"robson-rodovalho-entrevista","status":"publish","type":"post","link":"https:\/\/blogs.correiobraziliense.com.br\/eixocapital\/2022\/01\/06\/robson-rodovalho-entrevista\/","title":{"rendered":"Robson Rodovalho: &#8220;A base evang\u00e9lica vai ser preponderante para a reelei\u00e7\u00e3o de Bolsonaro&#8221;"},"content":{"rendered":"<p><strong>\u00c0 queima roupa \/\/ Bispo Robson Rodovalho, l\u00edder da igreja Sara Nossa Terra<\/strong><\/p>\n<p><strong>por Ana Maria Campos<\/strong><\/p>\n<p><strong>Sempre h\u00e1 incentivos para que voc\u00ea volte a disputar elei\u00e7\u00f5es. Voc\u00ea tem essa disposi\u00e7\u00e3o?<br \/>\n<\/strong>Teria disposi\u00e7\u00e3o para voltar se sentisse que tenho as condi\u00e7\u00f5es b\u00e1sicas para isso. Voc\u00ea sabe que eu tenho uma igreja grande n\u00e3o s\u00f3 no DF, mas no Brasil e no mundo, e a responsabilidade como l\u00edder \u00e9 importante, primordial. Eu amo meu pa\u00eds. Gostaria muito de contribuir para uma sociedade melhor, mais justa e que encontre solu\u00e7\u00f5es para todos os problemas que enfrentamos, mas tenho uma prioridade na vida que \u00e9 o nosso minist\u00e9rio. N\u00e3o posso fazer qualquer movimento que venha a machucar ou ferir esse que \u00e9 o maior legado da nossa vida.<\/p>\n<p><strong>Recebeu convite para ser vice na chapa de Ibaneis Rocha?<br \/>\n<\/strong>Recebi tratativas de amigos comuns para pensar nessa possibilidade de ser um eventual vice. Mas nada oficial, nada formal. Acho que o governador n\u00e3o est\u00e1 pensando nisso, neste momento. E ele est\u00e1 corret\u00edssimo. O governador tem feito um grande trabalho pelo DF. Ele \u00e9 uma pessoa de car\u00e1ter, de palavra, tem uma vis\u00e3o muito boa. Impressionante por ser primeiro mandato e foi de cara no Executivo, como governador, e desempenhou muito bem.<\/p>\n<p><strong>Quem pode representar a sua for\u00e7a eleitoral na disputa de 2022?<br \/>\n<\/strong>N\u00f3s temos um grupo de amigos que n\u00e3o s\u00e3o apenas da Sara. A Sara Nossa Terra \u00e9 uma igreja expressiva no DF, mas n\u00e3o \u00e9 suficiente. E pela pr\u00f3pria natureza da pol\u00edtica, n\u00f3s estamos tentando construir uma coaliz\u00e3o que pensa de maneira igual, que tem os mesmos objetivos. N\u00f3s temos o Rodrigo Delmasso que \u00e9 um deputado da pr\u00f3pria Sara Nossa Terra. O Rafael Prudente tamb\u00e9m que \u00e9 da Sara, al\u00e9m de muitos amigos e irm\u00e3os. Estamos no PRB, que \u00e9 partido que agrega v\u00e1rios crist\u00e3os da Igreja Universal e Assembleia de Deus. Nosso intento \u00e9 fazer crescer essa base e podermos somar de maneira inteligente, organizada, onde cada um pode ter seus votos e a gente possa contribuir para a elei\u00e7\u00e3o da chapa majorit\u00e1ria.<\/p>\n<p><strong>E na disputa presidencial? Acredita que a base evang\u00e9lica vai impulsionar a candidatura de Bolsonaro \u00e0 reelei\u00e7\u00e3o?<br \/>\n<\/strong>Acredito que sim. A base evang\u00e9lica vai ser preponderante para a reelei\u00e7\u00e3o do presidente Bolsonaro. O ano nem come\u00e7ou ainda. Vai depender muito do desempenho da economia. O jogo est\u00e1 sendo jogado. Ent\u00e3o, temos que esperar. Mas h\u00e1 uma tend\u00eancia majorit\u00e1ria de os evang\u00e9licos permanecerem e apoiarem a reelei\u00e7\u00e3o do presidente. Agora podem surgir defec\u00e7\u00f5es, grupos que acabem tomando outro caminho. Mas esse movimento em prol da candidatura do presidente n\u00e3o \u00e9 necessariamente organizado. \u00c9 espont\u00e2neo porque o presidente \u00e9 muito afinado com os valores e princ\u00edpios crist\u00e3os. Ele \u00e9 praticamente de dentro da igreja, embora professe uma f\u00e9 cat\u00f3lica e a mulher dele seja evang\u00e9lica. Isso \u00e9 muito natural. A maioria vai ser base para a candidatura do presidente.<\/p>\n<p><strong>Bolsonaro ainda \u00e9 forte no DF? Ter\u00e1 peso na disputa local?<br \/>\n<\/strong>O presidente Bolsonaro tem no DF a mesma amostra que tem no pa\u00eds, talvez um pouquinho menos, por ser uma cidade de funcion\u00e1rios p\u00fablicos. O governo ainda n\u00e3o atendeu alguns pleitos dos funcion\u00e1rios p\u00fablicos. N\u00e3o sei se sai neste ano, se sai uma promessa para depois. Mas o presidente no DF est\u00e1 bem sim. Os n\u00fameros que temos n\u00e3o fogem da expectativa at\u00e9 pela base evang\u00e9lica que est\u00e1 no DF e d\u00e1 sustenta\u00e7\u00e3o ao projeto pol\u00edtico dele.<\/p>\n<p><strong>Andr\u00e9 Mendon\u00e7a deve em grande parte aos evang\u00e9licos a posse no STF. Ele foi abandonado por Bolsonaro?<br \/>\n<\/strong>O ministro Andr\u00e9 Mendon\u00e7a teve apoio das lideran\u00e7as, muito em ora\u00e7\u00e3o, e alguns aspectos um pouco de trabalho tamb\u00e9m. Era um pouco complicado, porque os poderes da Rep\u00fablica t\u00eam independ\u00eancia. A CCJ do Senado postergou quatro meses, uma coisa nunca vista antes, mas faz parte da independ\u00eancia. N\u00e3o sei os motivos, mas temos que respeitar. Acredito eu que o presidente Bolsonaro fez o mesmo. Ele j\u00e1 deu v\u00e1rios sinais que n\u00e3o interfere nos poderes fora do Executivo. N\u00e3o acredito que ele tenha abandonado o ministro Andr\u00e9. N\u00e3o podia fazer mais do que fez. Simplesmente foi coerente. O Fl\u00e1vio Bolsonaro, que \u00e9 senador, se empenhou, trabalhou. Sou testemunha disso. Acho que muita gente fez um pouquinho. O importante \u00e9 que deu certo. Acho que no final, como disse Romanos 8, Deus faz com que todas as coisas contribuam para o bem. Com isso tudo, o STF cresceu por receber uma pessoa do calibre do Andr\u00e9. O Brasil cresceu. Todos sa\u00edram ganhando.<\/p>\n<p><strong>Acredita na reelei\u00e7\u00e3o de Bolsonaro?<br \/>\n<\/strong>Acredito. Sei que passamos dois anos muito dif\u00edceis, realmente inimagin\u00e1veis. Perdemos 600 mil pessoas para a pandemia, a economia foi extremamente chacoalhada, e o Brasil est\u00e1 se saindo melhor que as demais na\u00e7\u00f5es gra\u00e7as ao empenho e o trabalho do presidente Bolsonaro. Ent\u00e3o, eu acredito. Vai depender muito do desempenho deste ano, mas o presidente tomou as atitudes que precisavam ser tomadas do ponto de vista da economia, aprovou o Vale G\u00e1s, o Aux\u00edlio Brasil, e isso vai amortecer muito o impacto social nas camadas mais carentes. O presidente tem uma ficha de trabalho, de resultados fant\u00e1sticos, a equipe de ministros dele \u00e9 muito boa. Em tr\u00eas anos, ele fez muito e foram os anos mais dif\u00edceis da nossa hist\u00f3ria contempor\u00e2nea. Acredito na reelei\u00e7\u00e3o e vamos trabalhar por isso.<\/p>\n","protected":false},"excerpt":{"rendered":"<p>Em entrevista, o l\u00edder da Sara Nossa Terra, Robson Rodovalho fala sobre as pretens\u00f5es pol\u00edticas da igreja, que incluem apoio \u00e0 reelei\u00e7\u00e3o de Jair Bolsonaro<\/p>\n","protected":false},"author":9,"featured_media":633,"comment_status":"open","ping_status":"open","sticky":false,"template":"","format":"standard","meta":{"footnotes":""},"categories":[1],"tags":[90,261],"class_list":["post-632","post","type-post","status-publish","format-standard","has-post-thumbnail","hentry","category-sem-categoria","tag-entrevista","tag-robson-rodovalho"],"_links":{"self":[{"href":"https:\/\/blogs.correiobraziliense.com.br\/eixocapital\/wp-json\/wp\/v2\/posts\/632","targetHints":{"allow":["GET"]}}],"collection":[{"href":"https:\/\/blogs.correiobraziliense.com.br\/eixocapital\/wp-json\/wp\/v2\/posts"}],"about":[{"href":"https:\/\/blogs.correiobraziliense.com.br\/eixocapital\/wp-json\/wp\/v2\/types\/post"}],"author":[{"embeddable":true,"href":"https:\/\/blogs.correiobraziliense.com.br\/eixocapital\/wp-json\/wp\/v2\/users\/9"}],"replies":[{"embeddable":true,"href":"https:\/\/blogs.correiobraziliense.com.br\/eixocapital\/wp-json\/wp\/v2\/comments?post=632"}],"version-history":[{"count":1,"href":"https:\/\/blogs.correiobraziliense.com.br\/eixocapital\/wp-json\/wp\/v2\/posts\/632\/revisions"}],"predecessor-version":[{"id":634,"href":"https:\/\/blogs.correiobraziliense.com.br\/eixocapital\/wp-json\/wp\/v2\/posts\/632\/revisions\/634"}],"wp:featuredmedia":[{"embeddable":true,"href":"https:\/\/blogs.correiobraziliense.com.br\/eixocapital\/wp-json\/wp\/v2\/media\/633"}],"wp:attachment":[{"href":"https:\/\/blogs.correiobraziliense.com.br\/eixocapital\/wp-json\/wp\/v2\/media?parent=632"}],"wp:term":[{"taxonomy":"category","embeddable":true,"href":"https:\/\/blogs.correiobraziliense.com.br\/eixocapital\/wp-json\/wp\/v2\/categories?post=632"},{"taxonomy":"post_tag","embeddable":true,"href":"https:\/\/blogs.correiobraziliense.com.br\/eixocapital\/wp-json\/wp\/v2\/tags?post=632"}],"curies":[{"name":"wp","href":"https:\/\/api.w.org\/{rel}","templated":true}]}}