{"id":629,"date":"2022-01-06T07:38:13","date_gmt":"2022-01-06T10:38:13","guid":{"rendered":"https:\/\/blogs.correiobraziliense.com.br\/eixocapital\/?p=629"},"modified":"2022-01-06T07:38:13","modified_gmt":"2022-01-06T10:38:13","slug":"bolsonaro-flavia-nao-sera-demitida-pela-imprensa","status":"publish","type":"post","link":"https:\/\/blogs.correiobraziliense.com.br\/eixocapital\/2022\/01\/06\/bolsonaro-flavia-nao-sera-demitida-pela-imprensa\/","title":{"rendered":"Bolsonaro: &#8220;Fl\u00e1via n\u00e3o ser\u00e1 demitida pela imprensa&#8221;"},"content":{"rendered":"<p><strong>Coluna Eixo Capital, por Ana Maria Campos<\/strong><\/p>\n<p>N\u00e3o \u00e9 a primeira vez que Fl\u00e1via Arruda recebe petardos de integrantes do Centr\u00e3o, como vem ocorrendo, agora, com declara\u00e7\u00f5es p\u00fablicas do l\u00edder do Republicanos, o deputado Hugo Motta (PB). Desde que assumiu a Secretaria de Governo da Presid\u00eancia da Rep\u00fablica, a deputada federal do DF costurou acordos para projetos importantes, mas tamb\u00e9m desagradou parlamentares que o pr\u00f3prio presidente Jair Bolsonaro n\u00e3o queria atender. No entanto, Fl\u00e1via dificilmente deixar\u00e1 o governo antes do prazo de desincompatibiliza\u00e7\u00e3o, em abril. Ela tem o apoio dos presidentes da C\u00e2mara, Arthur Lira (PL-AL), e do PL, Valdemar Costa Neto, que comanda o partido de Bolsonaro. Costa Neto gravou mensagem, ontem, em defesa de Fl\u00e1via, e Bolsonaro avisou: &#8220;Ela n\u00e3o ser\u00e1 demitida, jamais, pela imprensa&#8221;.<\/p>\n<h3>Rollemberg defende M\u00e1rcio Fran\u00e7a<\/h3>\n<p>O ex-governador Rodrigo Rollemberg (PSB) saiu, ontem (5\/1), em defesa do correligion\u00e1rio M\u00e1rcio Fran\u00e7a, alvo de uma opera\u00e7\u00e3o da Pol\u00edcia Civil de S\u00e3o Paulo, por supostos desvios de recursos da sa\u00fade. &#8220;Conhe\u00e7o Marcio Fran\u00e7a. Confio nele. Eventuais irregularidades devem ser apuradas com isen\u00e7\u00e3o e pleno direito de defesa. Essa opera\u00e7\u00e3o, no ano da elei\u00e7\u00e3o, tem muita pinta de arma\u00e7\u00e3o do governo Doria&#8221;, afirmou nas redes sociais.<\/p>\n<p><strong>&#8230; E Fl\u00e1via Arruda<br \/>\n<\/strong>Al\u00e9m de defender o ex-governador de S\u00e3o Paulo de seu partido, Rollemberg tamb\u00e9m fez um depoimento a favor da ministra-chefe da Secretaria de Governo da Presid\u00eancia da Rep\u00fablica, Fl\u00e1via Arruda, bombardeada pelo l\u00edder do Republicanos, Hugo Motta. Disse que Fl\u00e1via sempre foi atenciosa com pleitos para o or\u00e7amento de 2021.<\/p>\n<p><strong>Alta ades\u00e3o<br \/>\n<\/strong>Levantamento do Sindicato dos Policiais Civis do DF (Sinpol) aponta que foi de 95% a ades\u00e3o da categoria ao movimento deflagrado para pressionar o governo em torno da reivindica\u00e7\u00e3o de reajuste salarial. Muitos policiais est\u00e3o se recusando a se apresentar para o servi\u00e7o volunt\u00e1rio.<\/p>\n","protected":false},"excerpt":{"rendered":"<p>Fl\u00e1via dificilmente deixar\u00e1 o governo antes do prazo de desincompatibiliza\u00e7\u00e3o, em abril. Ela tem o apoio dos presidentes da C\u00e2mara e do PL<\/p>\n","protected":false},"author":9,"featured_media":630,"comment_status":"open","ping_status":"open","sticky":false,"template":"","format":"standard","meta":{"footnotes":""},"categories":[247],"tags":[107,189],"class_list":["post-629","post","type-post","status-publish","format-standard","has-post-thumbnail","hentry","category-eixo-capital","tag-flavia-arruda","tag-sinpol"],"_links":{"self":[{"href":"https:\/\/blogs.correiobraziliense.com.br\/eixocapital\/wp-json\/wp\/v2\/posts\/629","targetHints":{"allow":["GET"]}}],"collection":[{"href":"https:\/\/blogs.correiobraziliense.com.br\/eixocapital\/wp-json\/wp\/v2\/posts"}],"about":[{"href":"https:\/\/blogs.correiobraziliense.com.br\/eixocapital\/wp-json\/wp\/v2\/types\/post"}],"author":[{"embeddable":true,"href":"https:\/\/blogs.correiobraziliense.com.br\/eixocapital\/wp-json\/wp\/v2\/users\/9"}],"replies":[{"embeddable":true,"href":"https:\/\/blogs.correiobraziliense.com.br\/eixocapital\/wp-json\/wp\/v2\/comments?post=629"}],"version-history":[{"count":1,"href":"https:\/\/blogs.correiobraziliense.com.br\/eixocapital\/wp-json\/wp\/v2\/posts\/629\/revisions"}],"predecessor-version":[{"id":631,"href":"https:\/\/blogs.correiobraziliense.com.br\/eixocapital\/wp-json\/wp\/v2\/posts\/629\/revisions\/631"}],"wp:featuredmedia":[{"embeddable":true,"href":"https:\/\/blogs.correiobraziliense.com.br\/eixocapital\/wp-json\/wp\/v2\/media\/630"}],"wp:attachment":[{"href":"https:\/\/blogs.correiobraziliense.com.br\/eixocapital\/wp-json\/wp\/v2\/media?parent=629"}],"wp:term":[{"taxonomy":"category","embeddable":true,"href":"https:\/\/blogs.correiobraziliense.com.br\/eixocapital\/wp-json\/wp\/v2\/categories?post=629"},{"taxonomy":"post_tag","embeddable":true,"href":"https:\/\/blogs.correiobraziliense.com.br\/eixocapital\/wp-json\/wp\/v2\/tags?post=629"}],"curies":[{"name":"wp","href":"https:\/\/api.w.org\/{rel}","templated":true}]}}