{"id":623,"date":"2022-01-04T10:05:30","date_gmt":"2022-01-04T13:05:30","guid":{"rendered":"https:\/\/blogs.correiobraziliense.com.br\/eixocapital\/?p=623"},"modified":"2022-01-04T10:05:30","modified_gmt":"2022-01-04T13:05:30","slug":"rodrigo-rollemberg-o-apoio-a-qualquer-candidato-presidencial-trara-apoios-e-rejeicoes","status":"publish","type":"post","link":"https:\/\/blogs.correiobraziliense.com.br\/eixocapital\/2022\/01\/04\/rodrigo-rollemberg-o-apoio-a-qualquer-candidato-presidencial-trara-apoios-e-rejeicoes\/","title":{"rendered":"Rodrigo Rollemberg: &#8220;O apoio a qualquer candidato presidencial trar\u00e1 apoios e rejei\u00e7\u00f5es&#8221;"},"content":{"rendered":"<p><strong>\u00c0 queima-roupa \\\\ Rodrigo Rollemberg, ex-governador do DF<\/strong><\/p>\n<p><strong>por Ana Maria Campos<\/strong><\/p>\n<p><strong>Voc\u00ea est\u00e1 mesmo decidido a ser candidato a deputado federal ou cogita disputar o GDF?<\/strong><br \/>\nEstou sim decidido. Logo no in\u00edcio do governo, quando me dei conta da grav\u00edssima situa\u00e7\u00e3o econ\u00f4mica do DF, tomei uma decis\u00e3o: faria tudo o que fosse preciso para tirar o DF daquela situa\u00e7\u00e3o e n\u00e3o pensaria em reelei\u00e7\u00e3o. N\u00e3o queria disputar a reelei\u00e7\u00e3o. Fui convencido a disputar para defender meu governo. Se hoje o governador Ibaneis est\u00e1 realizando obras importantes para o DF \u00e9 em grande parte devido \u00e0 arruma\u00e7\u00e3o da casa que fizemos.<\/p>\n<p><strong>Por que voc\u00ea tomou essa decis\u00e3o?<\/strong><br \/>\nA decis\u00e3o de n\u00e3o disputar essa elei\u00e7\u00e3o foi tomada logo ap\u00f3s o final do governo. Dei minha contribui\u00e7\u00e3o num tempo de muito sacrif\u00edcio. Enfrentei crise econ\u00f4mica, pol\u00edtica e h\u00eddrica. Saneamos as contas do DF, passamos toda a tens\u00e3o do impeachment sem nenhum problema mais grave e resolvemos a crise h\u00eddrica definitivamente. Deixamos um legado. Democratizamos a Orla do Lago, fechamos o Lix\u00e3o da Estrutural e demos dignidade aos catadores; constru\u00edmos um belo hospital, transformamos em cidades \u00e1reas que eram tratadas como favelas. E fizemos um governo sem corrup\u00e7\u00e3o. Aprovei todas as minhas contas e n\u00e3o respondo a nenhum processo. Agora \u00e9 hora de renovar.<\/p>\n<p><strong>Acredita que Lula ter\u00e1 for\u00e7a na elei\u00e7\u00e3o ao Buriti?<\/strong><br \/>\nEssa elei\u00e7\u00e3o ser\u00e1 muito polarizada. O apoio a qualquer candidato presidencial trar\u00e1 apoios e rejei\u00e7\u00f5es. Mas certamente Lula ter\u00e1 um peso importante na elei\u00e7\u00e3o de qualquer unidade da federa\u00e7\u00e3o. Em Bras\u00edlia n\u00e3o ser\u00e1 diferente.<\/p>\n<p><strong>Reguffe ainda n\u00e3o declarou publicamente pretens\u00e3o em concorrer ao GDF. Acha que ele ser\u00e1 candidato ao governo?<\/strong><br \/>\nN\u00e3o sei. Cabe a ele decidir. O PSB tem um pr\u00e9-candidato: Rafael Parente. \u00c9 jovem, preparado, comprometido e est\u00e1 com muita vontade de servir a Bras\u00edlia. Reguffe \u00e9 um personagem muito importante da pol\u00edtica local. Tem grande express\u00e3o eleitoral. O ideal seria que viesse para um partido do campo progressista. Ele ser\u00e1 fundamental para a constru\u00e7\u00e3o de uma frente ampla para disputar o governo do DF.<\/p>\n<p><strong>Se Reguffe for candidato ao governo, Rafael Parente abrir\u00e1 a cabe\u00e7a de chapa para formar uma alian\u00e7a?<\/strong><br \/>\nEntendo que devemos construir uma frente ampla com o objetivo de governar o DF. Devemos ter partidos de esquerda, de centro e de centro direita, se defenderem a democracia. Isso deve se dar em torno de um programa m\u00ednimo. Como j\u00e1 disse, entendo que o senador Reguffe, num partido progressista, ajudaria a montar essa equa\u00e7\u00e3o. Figuras como Leandro Grass, Reginaldo Veras, professor Israel, Arlete Sampaio, professora Rosilene e muitas outras lideran\u00e7as pol\u00edticas ser\u00e3o importantes nessa constru\u00e7\u00e3o. A posi\u00e7\u00e3o que Rafael Parente e Reguffe ocupar\u00e3o nessa constru\u00e7\u00e3o depende de entendimento entre os dois, tendo, \u00e9 claro, a concord\u00e2ncia dos partidos aliados.<\/p>\n<p><strong>Voc\u00ea \u00e9 favor\u00e1vel a uma alian\u00e7a do PSB com o PT em torno da elei\u00e7\u00e3o do Lula?<\/strong><br \/>\nDefendo tamb\u00e9m no plano nacional uma constru\u00e7\u00e3o de uma frente ampla que permita o enfrentamento e a supera\u00e7\u00e3o da fome, da pobreza e das desigualdades sociais no pa\u00eds. O Brasil precisar\u00e1 de um grande esfor\u00e7o de uni\u00e3o para recuperar as institui\u00e7\u00f5es do Estado que foram aniquiladas, como na Sa\u00fade, Meio Ambiente, Educa\u00e7\u00e3o, na Cultura, na Ci\u00eancia e Tecnologia, etc. At\u00e9 aqui o \u00fanico nome aparentemente capaz de derrotar Bolsonaro \u00e9 o do ex-presidente Lula.<\/p>\n<p><strong>Qual \u00e9 a sua opini\u00e3o sobre poss\u00edvel federa\u00e7\u00e3o com PT, PSB e PCdoB?<\/strong><br \/>\nA federa\u00e7\u00e3o pode ser primordial para a forma\u00e7\u00e3o de uma frente democr\u00e1tica progressista. Mas cabe ao PSB avaliar a conveni\u00eancia da federa\u00e7\u00e3o sopesando a necessidade de preservar sua identidade.<\/p>\n","protected":false},"excerpt":{"rendered":"<p>O ex-governador do DF e ex-senador Rodrigo Rollemberg fala em entrevista que n\u00e3o vai concorrer ao GDF em 2022, mas, sim, a uma vaga na C\u00e2mara dos Deputados<\/p>\n","protected":false},"author":57,"featured_media":624,"comment_status":"open","ping_status":"open","sticky":false,"template":"","format":"standard","meta":{"footnotes":""},"categories":[1],"tags":[29,90,85],"class_list":["post-623","post","type-post","status-publish","format-standard","has-post-thumbnail","hentry","category-sem-categoria","tag-eleicoes-2022","tag-entrevista","tag-rodrigo-rollemberg"],"_links":{"self":[{"href":"https:\/\/blogs.correiobraziliense.com.br\/eixocapital\/wp-json\/wp\/v2\/posts\/623","targetHints":{"allow":["GET"]}}],"collection":[{"href":"https:\/\/blogs.correiobraziliense.com.br\/eixocapital\/wp-json\/wp\/v2\/posts"}],"about":[{"href":"https:\/\/blogs.correiobraziliense.com.br\/eixocapital\/wp-json\/wp\/v2\/types\/post"}],"author":[{"embeddable":true,"href":"https:\/\/blogs.correiobraziliense.com.br\/eixocapital\/wp-json\/wp\/v2\/users\/57"}],"replies":[{"embeddable":true,"href":"https:\/\/blogs.correiobraziliense.com.br\/eixocapital\/wp-json\/wp\/v2\/comments?post=623"}],"version-history":[{"count":1,"href":"https:\/\/blogs.correiobraziliense.com.br\/eixocapital\/wp-json\/wp\/v2\/posts\/623\/revisions"}],"predecessor-version":[{"id":625,"href":"https:\/\/blogs.correiobraziliense.com.br\/eixocapital\/wp-json\/wp\/v2\/posts\/623\/revisions\/625"}],"wp:featuredmedia":[{"embeddable":true,"href":"https:\/\/blogs.correiobraziliense.com.br\/eixocapital\/wp-json\/wp\/v2\/media\/624"}],"wp:attachment":[{"href":"https:\/\/blogs.correiobraziliense.com.br\/eixocapital\/wp-json\/wp\/v2\/media?parent=623"}],"wp:term":[{"taxonomy":"category","embeddable":true,"href":"https:\/\/blogs.correiobraziliense.com.br\/eixocapital\/wp-json\/wp\/v2\/categories?post=623"},{"taxonomy":"post_tag","embeddable":true,"href":"https:\/\/blogs.correiobraziliense.com.br\/eixocapital\/wp-json\/wp\/v2\/tags?post=623"}],"curies":[{"name":"wp","href":"https:\/\/api.w.org\/{rel}","templated":true}]}}