{"id":606,"date":"2021-12-29T09:43:41","date_gmt":"2021-12-29T12:43:41","guid":{"rendered":"https:\/\/blogs.correiobraziliense.com.br\/eixocapital\/?p=606"},"modified":"2021-12-29T09:43:41","modified_gmt":"2021-12-29T12:43:41","slug":"itamar-feitosa-entrevista","status":"publish","type":"post","link":"https:\/\/blogs.correiobraziliense.com.br\/eixocapital\/2021\/12\/29\/itamar-feitosa-entrevista\/","title":{"rendered":"Itamar Feitosa: &#8220;O ambiente econ\u00f4mico do DF est\u00e1 bastante favor\u00e1vel para a continuidade do crescimento&#8221;"},"content":{"rendered":"<p>\u00c0 queima-roupa \/\/ Itamar Feitosa, secret\u00e1rio de Economia do DF<\/p>\n<p><strong>por J\u00e9ssica Eufr\u00e1sio<\/strong><\/p>\n<p><strong>Quais ser\u00e3o as prioridades da pasta para 2022?<br \/>\n<\/strong>Continuar o trabalho que vem sendo realizado desde 2019 e tratar as contas do GDF com muita austeridade, para encerrar o exerc\u00edcio financeiro de 2022 com resultado bastante positivo. Assim, conseguiremos garantir ainda mais avan\u00e7os nas \u00e1reas econ\u00f4mica, social e de obras, al\u00e9m de investimentos nas mais diversas \u00e1reas.<\/p>\n<p><strong>O senhor pretende fazer trocas em cargos da secretaria?<br \/>\n<\/strong>Nossa equipe est\u00e1 muito bem estruturada e vamos buscar manter o trabalho desenvolvido desde 2019, que trouxe tantos avan\u00e7os para o Distrito Federal, mesmo no contexto da pandemia.<\/p>\n<p><strong>Que planos poder\u00e3o ajudar no processo de recupera\u00e7\u00e3o do DF no ano que vem?<br \/>\n<\/strong>A economia do DF est\u00e1 crescendo e, para manter isso, acreditamos que as mais de 50 medidas dos pacotes Pr\u00f3-Economia 1 e 2 ser\u00e3o fundamentais. S\u00e3o medidas estudadas e implantadas para apoiar o setor produtivo no momento p\u00f3s-pandemia e incentivar ainda mais o aquecimento econ\u00f4mico.<\/p>\n<p><strong>O senhor acredita que o setor econ\u00f4mico do DF est\u00e1 preparado para lidar com uma eventual nova alta de casos da covid-19?<br \/>\n<\/strong>Al\u00e9m do constante di\u00e1logo e das in\u00fameras a\u00e7\u00f5es de apoio ao setor produtivo, conseguimos construir um ambiente de credibilidade econ\u00f4mica para o DF, o que tem atra\u00eddo grandes empresas e garantido um ambiente mais seguro aos empreendedores. Mantivemos investimentos nas mais diversas \u00e1reas, garantimos a qualidade do gasto p\u00fablico e o pagamento dos sal\u00e1rios em dia. Acreditamos que o ambiente econ\u00f4mico do DF est\u00e1 bastante favor\u00e1vel para a continuidade do crescimento.<\/p>\n<p><strong>Dos projetos apresentados pela secretaria em 2021 e aprovados na C\u00e2mara Legislativa, quais devem trazer retornos mais rapidamente?<br \/>\n<\/strong>V\u00e1rias a\u00e7\u00f5es ser\u00e3o importantes para diversas \u00e1reas. Mas podemos destacar as redu\u00e7\u00f5es de al\u00edquotas (de impostos) e, tamb\u00e9m, o Refis 2021, que deve atingir a marca de R$ 1,5 bilh\u00e3o em d\u00edvidas refinanciadas.<\/p>\n<p><strong>Quais s\u00e3o suas expectativas ao assumir a nova fun\u00e7\u00e3o?<br \/>\n<\/strong>As mais otimistas poss\u00edveis. O DF tem um ambiente econ\u00f4mico com credibilidade e em crescimento. Saltamos de um or\u00e7amento de R$ 42 bilh\u00f5es, em 2019, para R$ 44,2 bilh\u00f5es em 2021 e, agora, para R$ 48,2 bilh\u00f5es em 2022. E, hoje, o Distrito Federal tem o oitavo (maior) PIB (Produto Interno Bruto) do pa\u00eds.<\/p>\n","protected":false},"excerpt":{"rendered":"<p>Em entrevista, o novo secret\u00e1rio de Economia, Itamar Feitosa, fala sobre os planos \u00e0 frente da pasta. Segundo ele, o DF continuar\u00e1 no caminho do crescimento<\/p>\n","protected":false},"author":9,"featured_media":607,"comment_status":"open","ping_status":"open","sticky":false,"template":"","format":"standard","meta":{"footnotes":""},"categories":[1],"tags":[],"class_list":["post-606","post","type-post","status-publish","format-standard","has-post-thumbnail","hentry","category-sem-categoria"],"_links":{"self":[{"href":"https:\/\/blogs.correiobraziliense.com.br\/eixocapital\/wp-json\/wp\/v2\/posts\/606","targetHints":{"allow":["GET"]}}],"collection":[{"href":"https:\/\/blogs.correiobraziliense.com.br\/eixocapital\/wp-json\/wp\/v2\/posts"}],"about":[{"href":"https:\/\/blogs.correiobraziliense.com.br\/eixocapital\/wp-json\/wp\/v2\/types\/post"}],"author":[{"embeddable":true,"href":"https:\/\/blogs.correiobraziliense.com.br\/eixocapital\/wp-json\/wp\/v2\/users\/9"}],"replies":[{"embeddable":true,"href":"https:\/\/blogs.correiobraziliense.com.br\/eixocapital\/wp-json\/wp\/v2\/comments?post=606"}],"version-history":[{"count":1,"href":"https:\/\/blogs.correiobraziliense.com.br\/eixocapital\/wp-json\/wp\/v2\/posts\/606\/revisions"}],"predecessor-version":[{"id":608,"href":"https:\/\/blogs.correiobraziliense.com.br\/eixocapital\/wp-json\/wp\/v2\/posts\/606\/revisions\/608"}],"wp:featuredmedia":[{"embeddable":true,"href":"https:\/\/blogs.correiobraziliense.com.br\/eixocapital\/wp-json\/wp\/v2\/media\/607"}],"wp:attachment":[{"href":"https:\/\/blogs.correiobraziliense.com.br\/eixocapital\/wp-json\/wp\/v2\/media?parent=606"}],"wp:term":[{"taxonomy":"category","embeddable":true,"href":"https:\/\/blogs.correiobraziliense.com.br\/eixocapital\/wp-json\/wp\/v2\/categories?post=606"},{"taxonomy":"post_tag","embeddable":true,"href":"https:\/\/blogs.correiobraziliense.com.br\/eixocapital\/wp-json\/wp\/v2\/tags?post=606"}],"curies":[{"name":"wp","href":"https:\/\/api.w.org\/{rel}","templated":true}]}}