{"id":603,"date":"2021-12-29T09:34:45","date_gmt":"2021-12-29T12:34:45","guid":{"rendered":"https:\/\/blogs.correiobraziliense.com.br\/eixocapital\/?p=603"},"modified":"2021-12-29T09:34:45","modified_gmt":"2021-12-29T12:34:45","slug":"com-sinal-verde-para-concessao-do-cave-moradores-do-guara-temem-efeitos-de-ppp","status":"publish","type":"post","link":"https:\/\/blogs.correiobraziliense.com.br\/eixocapital\/2021\/12\/29\/com-sinal-verde-para-concessao-do-cave-moradores-do-guara-temem-efeitos-de-ppp\/","title":{"rendered":"Com sinal verde para concess\u00e3o do Cave, moradores do Guar\u00e1 temem efeitos de PPP"},"content":{"rendered":"<p><strong>Coluna Eixo Capital, por J\u00e9ssica Eufr\u00e1sio (interina)<\/strong><\/p>\n<p>Uma parceria p\u00fablico-privada (PPP) em discuss\u00e3o desde 2016 recebeu autoriza\u00e7\u00e3o \u2014 com orienta\u00e7\u00f5es espec\u00edficas \u2014 do Tribunal de Contas do Distrito Federal (TCDF) para sair do papel. Agora, o projeto de concess\u00e3o do Complexo Esportivo e de Lazer do Guar\u00e1 (Cave) aguarda edital de licita\u00e7\u00e3o para concorr\u00eancia das empresas interessadas em assumir a gest\u00e3o do espa\u00e7o, que inclui o Est\u00e1dio Ant\u00f4nio Otoni Filho, o Gin\u00e1sio Esportivo do Parque do Guar\u00e1 e o Clube Vizinhan\u00e7a.<\/p>\n<p><strong>Atraso<br \/>\n<\/strong>Com a libera\u00e7\u00e3o para prosseguimento do processo, publicada no \u00faltimo dia 15, a vencedora do certame ficar\u00e1 respons\u00e1vel pela reforma, moderniza\u00e7\u00e3o, manuten\u00e7\u00e3o de equipamentos p\u00fablicos e pelo repasse do valor referente \u00e0 outorga aos cofres do DF. O contrato ficar\u00e1 em vigor por 30 anos, com possibilidade de prorroga\u00e7\u00e3o por mais cinco. As obras, que tinham previs\u00e3o de come\u00e7ar at\u00e9 dezembro de 2020, est\u00e3o estimadas em R$ 27 milh\u00f5es.<\/p>\n<p><strong>Protesto<\/strong><br \/>\nDurante as idas e vindas do projeto, associa\u00e7\u00f5es de moradores do Guar\u00e1 fizeram duras cr\u00edticas \u00e0 proposta, por considerarem que a \u00e1rea \u2014 celeiro de nomes da m\u00fasica e do esporte \u2014 ser\u00e1 concedida \u00e0 iniciativa privada por valor irris\u00f3rio. Al\u00e9m disso, eles temem pela cobran\u00e7a de pre\u00e7os abusivos ap\u00f3s a revitaliza\u00e7\u00e3o para acesso a uma \u00e1rea atualmente p\u00fablica. Por isso, cobram a suspens\u00e3o do processo, novas consultas p\u00fablicas e prometem uma manifesta\u00e7\u00e3o para 7 de janeiro.<\/p>\n<h3>Dignidade menstrual<\/h3>\n<p>A deputada distrital Arlete Sampaio (PT) come\u00e7ou uma mobiliza\u00e7\u00e3o junto a coletivos de mulheres e a parlamentares para conseguir a regulamenta\u00e7\u00e3o da lei que prev\u00ea o acesso gratuito a absorventes no DF. A norma, sancionada em 12 de janeiro, carece de normaliza\u00e7\u00e3o para n\u00e3o virar letra morta. O texto altera a Pol\u00edtica de Aten\u00e7\u00e3o Integral \u00e0 Sa\u00fade da Mulher (PAISM) no Distrito Federal e estabelece, entre outros pontos, a distribui\u00e7\u00e3o dos itens de higiene a pessoas em situa\u00e7\u00e3o de vulnerabilidade social, tanto em unidades b\u00e1sicas de sa\u00fade quanto em escolas da rede p\u00fablica.<\/p>\n<p><strong>An\u00e1lise do veto adiada<br \/>\n<\/strong>Em n\u00edvel federal, um projeto de lei com proposta semelhante aprovado pelo Congresso Nacional teve os itens relacionados \u00e0 distribui\u00e7\u00e3o gratuita de absorventes vetados pelo presidente Jair Bolsonaro (PL). O governo justificou que n\u00e3o houve detalhamento sobre a fonte de custeio dos insumos nem de medida compensat\u00f3ria. No entanto, em fevereiro, os parlamentares v\u00e3o avaliar se mant\u00eam a previs\u00e3o de fora da lei, sancionada em 6 de outubro.<\/p>\n<p><strong>Incentivo<br \/>\n<\/strong>A partir de agora, donos de ve\u00edculos el\u00e9tricos ou h\u00edbridos est\u00e3o isentos do pagamento do Imposto sobre a Propriedade de Ve\u00edculos Automotores (IPVA) no DF. A lei, publicada ontem, teve origem com um projeto apresentado pelos deputados distritais Rafael Prudente (MDB), Eduardo Pedrosa (PTC) e Rodrigo Delmasso (Republicanos).<\/p>\n<p><strong>Seis casos da H3N2<br \/>\n<\/strong>O Distrito Federal tem, ao menos, seis casos de gripe provocada pela nova cepa do v\u00edrus influenza, a H3N2. Os registros, confirmados pelo Minist\u00e9rio da Sa\u00fade, acendem o alerta para a possibilidade de um surto, como ocorre em outras partes do pa\u00eds.<\/p>\n<p><strong>Fechar das cortinas<br \/>\n<\/strong>Em fase de encerramento dos trabalhos do ano, o governador Ibaneis Rocha (MDB) e o novo secret\u00e1rio de Economia, Jos\u00e9 Itamar Feitosa, re\u00fanem-se, hoje, no Pal\u00e1cio do Buriti. Na pauta, planos do Executivo local para os primeiros dias de 2022.<\/p>\n","protected":false},"excerpt":{"rendered":"<p>O projeto de concess\u00e3o do Cave aguarda edital de licita\u00e7\u00e3o para concorr\u00eancia das empresas interessadas em assumir a gest\u00e3o do espa\u00e7o<\/p>\n","protected":false},"author":9,"featured_media":604,"comment_status":"open","ping_status":"open","sticky":false,"template":"","format":"standard","meta":{"footnotes":""},"categories":[247],"tags":[250,251,253,53,252,3],"class_list":["post-603","post","type-post","status-publish","format-standard","has-post-thumbnail","hentry","category-eixo-capital","tag-cave","tag-guara","tag-h3n2","tag-ibaneis-rocha","tag-ipva","tag-tcdf"],"_links":{"self":[{"href":"https:\/\/blogs.correiobraziliense.com.br\/eixocapital\/wp-json\/wp\/v2\/posts\/603","targetHints":{"allow":["GET"]}}],"collection":[{"href":"https:\/\/blogs.correiobraziliense.com.br\/eixocapital\/wp-json\/wp\/v2\/posts"}],"about":[{"href":"https:\/\/blogs.correiobraziliense.com.br\/eixocapital\/wp-json\/wp\/v2\/types\/post"}],"author":[{"embeddable":true,"href":"https:\/\/blogs.correiobraziliense.com.br\/eixocapital\/wp-json\/wp\/v2\/users\/9"}],"replies":[{"embeddable":true,"href":"https:\/\/blogs.correiobraziliense.com.br\/eixocapital\/wp-json\/wp\/v2\/comments?post=603"}],"version-history":[{"count":1,"href":"https:\/\/blogs.correiobraziliense.com.br\/eixocapital\/wp-json\/wp\/v2\/posts\/603\/revisions"}],"predecessor-version":[{"id":605,"href":"https:\/\/blogs.correiobraziliense.com.br\/eixocapital\/wp-json\/wp\/v2\/posts\/603\/revisions\/605"}],"wp:featuredmedia":[{"embeddable":true,"href":"https:\/\/blogs.correiobraziliense.com.br\/eixocapital\/wp-json\/wp\/v2\/media\/604"}],"wp:attachment":[{"href":"https:\/\/blogs.correiobraziliense.com.br\/eixocapital\/wp-json\/wp\/v2\/media?parent=603"}],"wp:term":[{"taxonomy":"category","embeddable":true,"href":"https:\/\/blogs.correiobraziliense.com.br\/eixocapital\/wp-json\/wp\/v2\/categories?post=603"},{"taxonomy":"post_tag","embeddable":true,"href":"https:\/\/blogs.correiobraziliense.com.br\/eixocapital\/wp-json\/wp\/v2\/tags?post=603"}],"curies":[{"name":"wp","href":"https:\/\/api.w.org\/{rel}","templated":true}]}}