{"id":560,"date":"2021-12-20T16:04:23","date_gmt":"2021-12-20T19:04:23","guid":{"rendered":"https:\/\/blogs.correiobraziliense.com.br\/eixocapital\/?p=560"},"modified":"2021-12-20T16:06:26","modified_gmt":"2021-12-20T19:06:26","slug":"presidente-do-novo-df-reforma-e-privatizacao-sao-temas-totalmente-pacificados-dentro-do-partido-e-sempre-vamos-defende-las","status":"publish","type":"post","link":"https:\/\/blogs.correiobraziliense.com.br\/eixocapital\/2021\/12\/20\/presidente-do-novo-df-reforma-e-privatizacao-sao-temas-totalmente-pacificados-dentro-do-partido-e-sempre-vamos-defende-las\/","title":{"rendered":"Presidente do Novo-DF: \u201cReforma e privatiza\u00e7\u00e3o s\u00e3o temas totalmente pacificados dentro do partido e sempre vamos defend\u00ea-las\u201d"},"content":{"rendered":"<h4>\u00c0 Queima Roupa<\/h4>\n<h4>Presidente do NOVO-DF, N\u00e9lio Domingues<\/h4>\n<p class=\"p1\"><strong><span class=\"s1\">Quais s\u00e3o os planos do Novo para o DF em 2022? Ter\u00e1 candidato pr\u00f3prio ao governo, como na \u00faltima elei\u00e7\u00e3o?<\/span><\/strong><\/p>\n<p class=\"p1\"><span class=\"s1\">Para escolher seus futuros candidatos, o Novo tem procedimentos completamente diferentes das pr\u00e1ticas de outros partidos, formando sua nominata atrav\u00e9s de processo de forma\u00e7\u00e3o e sele\u00e7\u00e3o. Al\u00e9m de trazer novos candidatos para renovar a pol\u00edtica brasileira, queremos oferecer candidatos preparados, que tragam solu\u00e7\u00f5es adequadas para as dores da popula\u00e7\u00e3o e que estejam alinhados com nossos princ\u00edpios e valores. A inten\u00e7\u00e3o \u00e9 trazer uma nominata completa, (com nomes) que representem os anseios da popula\u00e7\u00e3o e que estar\u00e3o aprovados no nosso processo de forma\u00e7\u00e3o e sele\u00e7\u00e3o, durante o pr\u00f3ximo ano. Enquanto o processo n\u00e3o finaliza, os procedimentos s\u00e3o reservados. Aproveitamos para informar que o processo de sele\u00e7\u00e3o para distrital e federal continua aberto, at\u00e9 mar\u00e7o de 2022, para a inscri\u00e7\u00e3o dos interessados a iniciar uma carreira pol\u00edtica.<\/span><\/p>\n<p>&nbsp;<\/p>\n<p class=\"p1\"><strong><span class=\"s1\">O partido ter\u00e1 candidato \u00e0 Presid\u00eancia, cientista pol\u00edtico Felipe D&#8217;\u00c1vila. Para esse projeto nacional, \u00e9 importante ter um palanque nos estados com candidatos ao governo?<\/span><\/strong><\/p>\n<p class=\"p1\"><span class=\"s1\">N\u00e3o \u00e9 determinante. Se n\u00e3o tivermos candidato ao GDF, nosso candidato \u00e0 presid\u00eancia segue na campanha normalmente e n\u00f3s nos esfor\u00e7aremos em dobro para dar-lhe visibilidade.<\/span><\/p>\n<p>&nbsp;<\/p>\n<p class=\"p1\"><strong><span class=\"s1\">Quem s\u00e3o os potenciais candidatos do Novo ao Buriti?<\/span><\/strong><\/p>\n<p class=\"p1\"><span class=\"s1\">O processo seletivo \u00e9 reservado. Havendo aprova\u00e7\u00e3o, o nome ser\u00e1 divulgado \u00e0 popula\u00e7\u00e3o. Se n\u00e3o for aprovado, a informa\u00e7\u00e3o ser\u00e1 individual e reservada apenas ao postulante do processo seletivo.<\/span><\/p>\n<p>&nbsp;<\/p>\n<p class=\"p1\"><span class=\"s1\"><b>E ao Senado?<\/b><\/span><\/p>\n<p class=\"p1\"><span class=\"s1\">O nome do nosso ex-candidato, Paulo Roque, que recebeu 202 mil votos da popula\u00e7\u00e3o do DF em 2018, novamente bem avaliado em pesquisas, j\u00e1 est\u00e1 formalmente aprovado pelo processo seletivo do Novo.<\/span><\/p>\n<p class=\"p1\"><span class=\"s1\"><br \/>\n<strong>O partido est\u00e1 satisfeito com o desempenho da deputada J\u00falia Lucy, \u00fanica eleita pelo Novo no DF?<\/strong><\/span><\/p>\n<p class=\"p1\"><span class=\"s1\">Ela realiza um trabalho dedicado, produtivo, ec\u00f4nomico, que se traduz em projetos que respeitam o dinheiro do pagador de impostos, com as dificuldades pr\u00f3prias de ser uma das poucas mulheres na C\u00e2mara Legislativa, sozinha representando o partido e em primeiro mandato.<span class=\"Apple-converted-space\">\u00a0 <\/span>Ela \u00e9 aguerrida e trabalhadora, representa bem a garra das mulheres e renova os quadros.<\/span><\/p>\n<p class=\"p1\"><span class=\"s1\"><br \/>\n<b>J\u00falia Lucy ser\u00e1 candidata \u00e0 reelei\u00e7\u00e3o?<\/b><\/span><\/p>\n<p class=\"p1\"><span class=\"s1\">A deputada se inscreveu no processo seletivo requerendo a reelei\u00e7\u00e3o. O diret\u00f3rio distrital deliberou ser conveniente requerer ao comit\u00ea de avalia\u00e7\u00e3o, \u00f3rg\u00e3o do partido que conduz o processo seletivo, que tamb\u00e9m a avalie para o cargo de deputada federal. Neste momento, o comit\u00ea de avalia\u00e7\u00e3o n\u00e3o finalizou seus procedimentos.<\/span><\/p>\n<p class=\"p1\"><span class=\"s1\"><br \/>\n<strong>No lan\u00e7amento da pr\u00e9-candidatura \u00e0 presid\u00eancia, D\u2019Avila defendeu o Estado m\u00ednimo, reformas e a privatiza\u00e7\u00e3o de todas as empresas estatais. Esse \u00e9 o projeto para o DF?<\/strong><\/span><\/p>\n<p class=\"p1\"><span class=\"s1\">Felipe D&#8217;Avila defendeu um Estado que funcione e que atenda \u00e0s demandas b\u00e1sicas do cidad\u00e3o:<span class=\"Apple-converted-space\">\u00a0 <\/span>educa\u00e7\u00e3o, sa\u00fade, seguran\u00e7a, justi\u00e7a. Reforma e privatiza\u00e7\u00e3o s\u00e3o temas totalmente pacificados dentro do partido e sempre vamos defend\u00ea-las. Esta defesa ocorrer\u00e1 em \u00e2mbito estadual e nacional.\u00a0<\/span>O Estado n\u00e3o deve se ocupar de atividades econ\u00f4micas que podem ser perfeitamente desenvolvidas pelo mercado. O palco econ\u00f4mico \u00e9 onde a popula\u00e7\u00e3o ganha o p\u00e3o do dia-a-dia. Este palco n\u00e3o deve ser ocupado pelo Estado.<\/p>\n<p class=\"p1\"><span class=\"s1\"><br \/>\n<strong>O Novo vai fazer alian\u00e7as?<\/strong><\/span><\/p>\n<p class=\"p1\"><span class=\"s1\">Nada no Estatuto do Novo pro\u00edbe poss\u00edveis alian\u00e7as. Se forem feitas, ser\u00e3o estruturadas com base nos princ\u00edpios e valores do partido, sem negociatas, com transpar\u00eancia. Enquanto o processo seletivo n\u00e3o finalizar, este tema n\u00e3o ser\u00e1 deliberado.<\/span><\/p>\n","protected":false},"excerpt":{"rendered":"<p>\u00c0 Queima Roupa Presidente do NOVO-DF, N\u00e9lio Domingues Quais s\u00e3o os planos do Novo para o DF em 2022? Ter\u00e1 candidato pr\u00f3prio ao governo, como na \u00faltima elei\u00e7\u00e3o? Para escolher seus futuros candidatos, o Novo tem procedimentos completamente diferentes das pr\u00e1ticas de outros partidos, formando sua nominata atrav\u00e9s de processo de forma\u00e7\u00e3o e sele\u00e7\u00e3o. Al\u00e9m de trazer novos candidatos para [&hellip;]<\/p>\n","protected":false},"author":9,"featured_media":561,"comment_status":"open","ping_status":"open","sticky":false,"template":"","format":"standard","meta":{"footnotes":""},"categories":[1],"tags":[244,242,241,243],"class_list":["post-560","post","type-post","status-publish","format-standard","has-post-thumbnail","hentry","category-sem-categoria","tag-julia-lucy","tag-nelio-domingues","tag-novo","tag-paulo-roque"],"_links":{"self":[{"href":"https:\/\/blogs.correiobraziliense.com.br\/eixocapital\/wp-json\/wp\/v2\/posts\/560","targetHints":{"allow":["GET"]}}],"collection":[{"href":"https:\/\/blogs.correiobraziliense.com.br\/eixocapital\/wp-json\/wp\/v2\/posts"}],"about":[{"href":"https:\/\/blogs.correiobraziliense.com.br\/eixocapital\/wp-json\/wp\/v2\/types\/post"}],"author":[{"embeddable":true,"href":"https:\/\/blogs.correiobraziliense.com.br\/eixocapital\/wp-json\/wp\/v2\/users\/9"}],"replies":[{"embeddable":true,"href":"https:\/\/blogs.correiobraziliense.com.br\/eixocapital\/wp-json\/wp\/v2\/comments?post=560"}],"version-history":[{"count":2,"href":"https:\/\/blogs.correiobraziliense.com.br\/eixocapital\/wp-json\/wp\/v2\/posts\/560\/revisions"}],"predecessor-version":[{"id":565,"href":"https:\/\/blogs.correiobraziliense.com.br\/eixocapital\/wp-json\/wp\/v2\/posts\/560\/revisions\/565"}],"wp:featuredmedia":[{"embeddable":true,"href":"https:\/\/blogs.correiobraziliense.com.br\/eixocapital\/wp-json\/wp\/v2\/media\/561"}],"wp:attachment":[{"href":"https:\/\/blogs.correiobraziliense.com.br\/eixocapital\/wp-json\/wp\/v2\/media?parent=560"}],"wp:term":[{"taxonomy":"category","embeddable":true,"href":"https:\/\/blogs.correiobraziliense.com.br\/eixocapital\/wp-json\/wp\/v2\/categories?post=560"},{"taxonomy":"post_tag","embeddable":true,"href":"https:\/\/blogs.correiobraziliense.com.br\/eixocapital\/wp-json\/wp\/v2\/tags?post=560"}],"curies":[{"name":"wp","href":"https:\/\/api.w.org\/{rel}","templated":true}]}}