{"id":550,"date":"2021-12-17T14:03:12","date_gmt":"2021-12-17T17:03:12","guid":{"rendered":"https:\/\/blogs.correiobraziliense.com.br\/eixocapital\/?p=550"},"modified":"2021-12-17T14:46:10","modified_gmt":"2021-12-17T17:46:10","slug":"camara-derruba-veto-de-bolsonaro-a-plano-de-saude-da-policia-civil-do-df","status":"publish","type":"post","link":"https:\/\/blogs.correiobraziliense.com.br\/eixocapital\/2021\/12\/17\/camara-derruba-veto-de-bolsonaro-a-plano-de-saude-da-policia-civil-do-df\/","title":{"rendered":"C\u00e2mara derruba veto de Bolsonaro a plano de sa\u00fade da Pol\u00edcia Civil do DF"},"content":{"rendered":"<p>A C\u00e2mara dos Deputados derrubou o veto do presidente Jair Bolsonaro \u00e0 emenda inclu\u00edda na reestrutura\u00e7\u00e3o da Pol\u00edcia Civil do DF que autoriza a cria\u00e7\u00e3o de um plano de assist\u00eancia \u00e0 sa\u00fade para a categoria.<\/p>\n<p>&nbsp;<\/p>\n<p>O veto foi derrubado nesta manh\u00e3 (17). Foram 431 votos pela cria\u00e7\u00e3o do plano de sa\u00fade e 22 contr\u00e1rios.<\/p>\n<p>&nbsp;<\/p>\n<p>Falta ainda ser apreciado pelo Senado, o que deve ocorrer nesta tarde. Os senadores devem tamb\u00e9m votar em maioria pela derrubada.<\/p>\n<p>&nbsp;<\/p>\n<p>Se isso ocorrer, a emenda, de autoria do deputado Lu\u00eds Miranda (DEM-DF), quando esteve na relatoria da MP 1014, passar\u00e1 a valer.<\/p>\n<p>&nbsp;<\/p>\n<p>Caber\u00e1 ao Governo do Distrito Federal implementar o plano.<\/p>\n<p>&nbsp;<\/p>\n<p>A derrubada do veto foi trabalhada pelo presidente do Sindicato dos Delegados de Pol\u00edcia Civil do DF, Rafael Sampaio, quando ainda estava na assessoria da ministra-chefe da Secretaria de Governo da Presid\u00eancia da Rep\u00fablica, Fl\u00e1via Arruda.<\/p>\n<p>&nbsp;<\/p>\n<p>N\u00e3o houve interfer\u00eancias do Pal\u00e1cio do Planalto para manter o veto, tanto que o projeto foi inclu\u00eddo na pauta da sess\u00e3o conjunta do Congresso desta sexta-feira entre as mat\u00e9rias em que havia consenso entre os l\u00edderes.<\/p>\n","protected":false},"excerpt":{"rendered":"<p>A C\u00e2mara dos Deputados derrubou o veto do presidente Jair Bolsonaro \u00e0 emenda inclu\u00edda na reestrutura\u00e7\u00e3o da Pol\u00edcia Civil do DF que autoriza a cria\u00e7\u00e3o de um plano de assist\u00eancia \u00e0 sa\u00fade para a categoria. &nbsp; O veto foi derrubado nesta manh\u00e3 (17). Foram 431 votos pela cria\u00e7\u00e3o do plano de sa\u00fade e 22 contr\u00e1rios. &nbsp; Falta ainda ser apreciado [&hellip;]<\/p>\n","protected":false},"author":9,"featured_media":240,"comment_status":"open","ping_status":"open","sticky":false,"template":"","format":"standard","meta":{"footnotes":""},"categories":[1],"tags":[56,239,240,238],"class_list":["post-550","post","type-post","status-publish","format-standard","has-post-thumbnail","hentry","category-sem-categoria","tag-bolsonaro","tag-plano-de-saude","tag-policia-civil-do-df","tag-veto"],"_links":{"self":[{"href":"https:\/\/blogs.correiobraziliense.com.br\/eixocapital\/wp-json\/wp\/v2\/posts\/550","targetHints":{"allow":["GET"]}}],"collection":[{"href":"https:\/\/blogs.correiobraziliense.com.br\/eixocapital\/wp-json\/wp\/v2\/posts"}],"about":[{"href":"https:\/\/blogs.correiobraziliense.com.br\/eixocapital\/wp-json\/wp\/v2\/types\/post"}],"author":[{"embeddable":true,"href":"https:\/\/blogs.correiobraziliense.com.br\/eixocapital\/wp-json\/wp\/v2\/users\/9"}],"replies":[{"embeddable":true,"href":"https:\/\/blogs.correiobraziliense.com.br\/eixocapital\/wp-json\/wp\/v2\/comments?post=550"}],"version-history":[{"count":4,"href":"https:\/\/blogs.correiobraziliense.com.br\/eixocapital\/wp-json\/wp\/v2\/posts\/550\/revisions"}],"predecessor-version":[{"id":559,"href":"https:\/\/blogs.correiobraziliense.com.br\/eixocapital\/wp-json\/wp\/v2\/posts\/550\/revisions\/559"}],"wp:featuredmedia":[{"embeddable":true,"href":"https:\/\/blogs.correiobraziliense.com.br\/eixocapital\/wp-json\/wp\/v2\/media\/240"}],"wp:attachment":[{"href":"https:\/\/blogs.correiobraziliense.com.br\/eixocapital\/wp-json\/wp\/v2\/media?parent=550"}],"wp:term":[{"taxonomy":"category","embeddable":true,"href":"https:\/\/blogs.correiobraziliense.com.br\/eixocapital\/wp-json\/wp\/v2\/categories?post=550"},{"taxonomy":"post_tag","embeddable":true,"href":"https:\/\/blogs.correiobraziliense.com.br\/eixocapital\/wp-json\/wp\/v2\/tags?post=550"}],"curies":[{"name":"wp","href":"https:\/\/api.w.org\/{rel}","templated":true}]}}