{"id":517,"date":"2021-12-15T14:43:16","date_gmt":"2021-12-15T17:43:16","guid":{"rendered":"https:\/\/blogs.correiobraziliense.com.br\/eixocapital\/?p=517"},"modified":"2021-12-15T14:43:16","modified_gmt":"2021-12-15T17:43:16","slug":"ibaneis-cria-comissao-para-apurar-denuncia-da-operacao-mare-alta","status":"publish","type":"post","link":"https:\/\/blogs.correiobraziliense.com.br\/eixocapital\/2021\/12\/15\/ibaneis-cria-comissao-para-apurar-denuncia-da-operacao-mare-alta\/","title":{"rendered":"Ibaneis cria comiss\u00e3o para apurar den\u00fancia da Opera\u00e7\u00e3o Mar\u00e9 Alta"},"content":{"rendered":"<h4>ANA MARIA CAMPOS<\/h4>\n<p>O governador Ibaneis Rocha (MDB) criou uma comiss\u00e3o que ficar\u00e1 encarregada de acompanhar as suspeitas, apontadas pelo Minist\u00e9rio P\u00fablico do Distrito Federal e Territ\u00f3rios (MPDFT), de irregularidades no contrato de aluguel do pr\u00e9dio-sede da Secretaria de Administra\u00e7\u00e3o Penitenci\u00e1ria, no Setor Banc\u00e1rio Sul.<\/p>\n<p>&nbsp;<\/p>\n<p>A comiss\u00e3o \u00e9 composta pelos seguintes integrantes:\u00a0Reinaldo Cosme Vilar de Oliveira Junior, representante da Consultoria Jur\u00eddica do Distrito federal;\u00a0Breno Rocha Pires e Albuquerque, representante da Controladoria-Geral do Distrito Federal; e o delegado\u00a0Jonas Bessa de Paula, representante da Secretaria de Seguran\u00e7a P\u00fablica do Distrito Federal.<\/p>\n<p>&nbsp;<\/p>\n<p>Presidida pelo representante da Consultoria Jur\u00eddica, a comiss\u00e3o ter\u00e1 a primeira reuni\u00e3o nesta tarde (15).<\/p>\n<p>&nbsp;<\/p>\n<p>Nesta tarde, Ibaneis tamb\u00e9m exonerou do cargo de secret\u00e1rio de Administra\u00e7\u00e3o Penitenci\u00e1ria (SEAPA) o delegado aposentado da Pol\u00edcia Civil do DF Geraldo Nugoli Costa, alvo nesta manh\u00e3 (15) da Opera\u00e7\u00e3o Mar\u00e9 Alta, deflagrada pelo Minist\u00e9rio P\u00fablico do Distrito Federal e Territ\u00f3rios (MPDFT).<\/p>\n<p>&nbsp;<\/p>\n<p>No ato, publicado em edi\u00e7\u00e3o extra nesta tarde, Ibaneis exonerou ainda a subsecret\u00e1ria de Administra\u00e7\u00e3o-geral da SEAPA, Rosimeire Paiva da Silva. Ela tamb\u00e9m \u00e9 investigada e foi alvo de mandado de busca e apreens\u00e3o.<\/p>\n<p>&nbsp;<\/p>\n<p>Todas as dilig\u00eancias da Opera\u00e7\u00e3o Mar\u00e9 Alta foram autorizadas pela desembargadora Ana Cantarino, do Tribunal de Justi\u00e7a do Distrito Federal e Territ\u00f3rios (TJDFT).<\/p>\n<p>&nbsp;<\/p>\n<figure id=\"attachment_521\" aria-describedby=\"caption-attachment-521\" style=\"width: 217px\" class=\"wp-caption aligncenter\"><img loading=\"lazy\" decoding=\"async\" class=\"size-medium wp-image-521\" src=\"https:\/\/blogs.correiobraziliense.com.br\/eixocapital\/wp-content\/uploads\/sites\/61\/2021\/12\/29BECDA3-BD66-4F93-B892-82E11FA5229F-217x300.jpeg\" alt=\"\" width=\"217\" height=\"300\" srcset=\"https:\/\/blogs.correiobraziliense.com.br\/eixocapital\/wp-content\/uploads\/sites\/61\/2021\/12\/29BECDA3-BD66-4F93-B892-82E11FA5229F-217x300.jpeg 217w, https:\/\/blogs.correiobraziliense.com.br\/eixocapital\/wp-content\/uploads\/sites\/61\/2021\/12\/29BECDA3-BD66-4F93-B892-82E11FA5229F-768x1064.jpeg 768w, https:\/\/blogs.correiobraziliense.com.br\/eixocapital\/wp-content\/uploads\/sites\/61\/2021\/12\/29BECDA3-BD66-4F93-B892-82E11FA5229F-739x1024.jpeg 739w, https:\/\/blogs.correiobraziliense.com.br\/eixocapital\/wp-content\/uploads\/sites\/61\/2021\/12\/29BECDA3-BD66-4F93-B892-82E11FA5229F-800x1108.jpeg 800w, https:\/\/blogs.correiobraziliense.com.br\/eixocapital\/wp-content\/uploads\/sites\/61\/2021\/12\/29BECDA3-BD66-4F93-B892-82E11FA5229F-550x762.jpeg 550w, https:\/\/blogs.correiobraziliense.com.br\/eixocapital\/wp-content\/uploads\/sites\/61\/2021\/12\/29BECDA3-BD66-4F93-B892-82E11FA5229F-230x319.jpeg 230w, https:\/\/blogs.correiobraziliense.com.br\/eixocapital\/wp-content\/uploads\/sites\/61\/2021\/12\/29BECDA3-BD66-4F93-B892-82E11FA5229F.jpeg 1214w\" sizes=\"auto, (max-width: 217px) 100vw, 217px\" \/><figcaption id=\"caption-attachment-521\" class=\"wp-caption-text\">Di\u00e1rio Oficial de 15 de dezembro de 2021, edi\u00e7\u00e3o extra<\/figcaption><\/figure>\n<p>.<\/p>\n<p><strong>FOTO: ED ALVES\/CORREIO BRAZILIENSE\u00a0<\/strong><\/p>\n","protected":false},"excerpt":{"rendered":"<p>ANA MARIA CAMPOS O governador Ibaneis Rocha (MDB) criou uma comiss\u00e3o que ficar\u00e1 encarregada de acompanhar as suspeitas, apontadas pelo Minist\u00e9rio P\u00fablico do Distrito Federal e Territ\u00f3rios (MPDFT), de irregularidades no contrato de aluguel do pr\u00e9dio-sede da Secretaria de Administra\u00e7\u00e3o Penitenci\u00e1ria, no Setor Banc\u00e1rio Sul. &nbsp; A comiss\u00e3o \u00e9 composta pelos seguintes integrantes:\u00a0Reinaldo Cosme Vilar de Oliveira Junior, representante da [&hellip;]<\/p>\n","protected":false},"author":9,"featured_media":522,"comment_status":"open","ping_status":"open","sticky":false,"template":"","format":"standard","meta":{"footnotes":""},"categories":[1],"tags":[232,220,218,221],"class_list":["post-517","post","type-post","status-publish","format-standard","has-post-thumbnail","hentry","category-sem-categoria","tag-comissao","tag-geraldo-nugoli","tag-operacao-mare-alta","tag-secretaria-de-administracao-penitenciaria"],"_links":{"self":[{"href":"https:\/\/blogs.correiobraziliense.com.br\/eixocapital\/wp-json\/wp\/v2\/posts\/517","targetHints":{"allow":["GET"]}}],"collection":[{"href":"https:\/\/blogs.correiobraziliense.com.br\/eixocapital\/wp-json\/wp\/v2\/posts"}],"about":[{"href":"https:\/\/blogs.correiobraziliense.com.br\/eixocapital\/wp-json\/wp\/v2\/types\/post"}],"author":[{"embeddable":true,"href":"https:\/\/blogs.correiobraziliense.com.br\/eixocapital\/wp-json\/wp\/v2\/users\/9"}],"replies":[{"embeddable":true,"href":"https:\/\/blogs.correiobraziliense.com.br\/eixocapital\/wp-json\/wp\/v2\/comments?post=517"}],"version-history":[{"count":3,"href":"https:\/\/blogs.correiobraziliense.com.br\/eixocapital\/wp-json\/wp\/v2\/posts\/517\/revisions"}],"predecessor-version":[{"id":523,"href":"https:\/\/blogs.correiobraziliense.com.br\/eixocapital\/wp-json\/wp\/v2\/posts\/517\/revisions\/523"}],"wp:featuredmedia":[{"embeddable":true,"href":"https:\/\/blogs.correiobraziliense.com.br\/eixocapital\/wp-json\/wp\/v2\/media\/522"}],"wp:attachment":[{"href":"https:\/\/blogs.correiobraziliense.com.br\/eixocapital\/wp-json\/wp\/v2\/media?parent=517"}],"wp:term":[{"taxonomy":"category","embeddable":true,"href":"https:\/\/blogs.correiobraziliense.com.br\/eixocapital\/wp-json\/wp\/v2\/categories?post=517"},{"taxonomy":"post_tag","embeddable":true,"href":"https:\/\/blogs.correiobraziliense.com.br\/eixocapital\/wp-json\/wp\/v2\/tags?post=517"}],"curies":[{"name":"wp","href":"https:\/\/api.w.org\/{rel}","templated":true}]}}