{"id":48,"date":"2021-10-19T12:17:55","date_gmt":"2021-10-19T15:17:55","guid":{"rendered":"https:\/\/blogs.correiobraziliense.com.br\/eixocapital\/?p=48"},"modified":"2021-10-19T12:17:55","modified_gmt":"2021-10-19T15:17:55","slug":"sabo-pec-05-prejudica-atuacao-do-mp-na-defesa-dos-interesses-sociais","status":"publish","type":"post","link":"https:\/\/blogs.correiobraziliense.com.br\/eixocapital\/2021\/10\/19\/sabo-pec-05-prejudica-atuacao-do-mp-na-defesa-dos-interesses-sociais\/","title":{"rendered":"Sabo: \u201cPEC\/05 prejudica atua\u00e7\u00e3o do MP na defesa dos interesses sociais\u201d"},"content":{"rendered":"<p>Durante audi\u00eancia p\u00fablica nesta segunda-feira (18) na Comiss\u00e3o de Legisla\u00e7\u00e3o Participativa da C\u00e2mara dos Deputados, o <strong>procurador de Justi\u00e7a Jos\u00e9 Eduardo Sabo Paes\u00a0<\/strong>fez um desabafo sobre os riscos da PEC 05\/21 para a autonomia do Minist\u00e9rio P\u00fablico na atua\u00e7\u00e3o em acordos extrajudiciais que facilitam a solu\u00e7\u00e3o de v\u00e1rias demandas sociais.<\/p>\n<p>&nbsp;<\/p>\n<p><strong>Sabo<\/strong> teve a oportunidade de falar sobre o tema para deputados de diversos partidos favor\u00e1veis \u00e0 amplia\u00e7\u00e3o do controle do trabalho de promotores e procuradores por meio do Conselho Nacional do Minist\u00e9rio P\u00fablico (CNMP). Os mesmos parlamentares defendem a atua\u00e7\u00e3o do MP em quest\u00f5es sociais.<\/p>\n<p>Sabo foi convidado na qualidade de procurador distrital dos direitos do cidad\u00e3o do <strong>Minist\u00e9rio P\u00fablico do Distrito Federal e Territ\u00f3rios (MPDFT),<\/strong> para participar de audi\u00eancia p\u00fablica destinada a debater os desafios para execu\u00e7\u00e3o das pol\u00edticas de assist\u00eancia social no Distrito Federal e os impactos na presta\u00e7\u00e3o dos servi\u00e7os \u00e0 popula\u00e7\u00e3o.<\/p>\n<p>&nbsp;<\/p>\n<p>Sabo disse que era seu dever se posicionar contrariamente \u00e0 PEC na audi\u00eancia. \u201cA atua\u00e7\u00e3o do MP para a defesa dos interesses sociais se d\u00e1, na maioria das vezes, na esfera extrajudicial e, com a reda\u00e7\u00e3o proposta (da PEC 05\/21), poder\u00e1 haver indevida interfer\u00eancia na atua\u00e7\u00e3o de promotores e promotoras de Justi\u00e7a por parte do CNMP nesta importante vertente de nosso trabalho\u201d, acredita.<\/p>\n<p>&nbsp;<\/p>\n<p><iframe loading=\"lazy\" frameborder=\"0\" width=\"566\" height=\"1000\" src=\"https:\/\/www.dailymotion.com\/embed\/video\/x84yd2e\" allowfullscreen allow=\"autoplay\"><\/iframe><\/p>\n<p>&nbsp;<\/p>\n","protected":false},"excerpt":{"rendered":"<p>Durante audi\u00eancia p\u00fablica nesta segunda-feira (18) na Comiss\u00e3o de Legisla\u00e7\u00e3o Participativa da C\u00e2mara dos Deputados, o procurador de Justi\u00e7a Jos\u00e9 Eduardo Sabo Paes\u00a0fez um desabafo sobre os riscos da PEC 05\/21 para a autonomia do Minist\u00e9rio P\u00fablico na atua\u00e7\u00e3o em acordos extrajudiciais que facilitam a solu\u00e7\u00e3o de v\u00e1rias demandas sociais. &nbsp; Sabo teve a oportunidade de falar sobre o tema [&hellip;]<\/p>\n","protected":false},"author":9,"featured_media":51,"comment_status":"open","ping_status":"open","sticky":false,"template":"","format":"standard","meta":{"footnotes":""},"categories":[1],"tags":[10,19,18,17],"class_list":["post-48","post","type-post","status-publish","format-standard","has-post-thumbnail","hentry","category-sem-categoria","tag-cnmp","tag-mpdft","tag-pec-05","tag-sabo"],"_links":{"self":[{"href":"https:\/\/blogs.correiobraziliense.com.br\/eixocapital\/wp-json\/wp\/v2\/posts\/48","targetHints":{"allow":["GET"]}}],"collection":[{"href":"https:\/\/blogs.correiobraziliense.com.br\/eixocapital\/wp-json\/wp\/v2\/posts"}],"about":[{"href":"https:\/\/blogs.correiobraziliense.com.br\/eixocapital\/wp-json\/wp\/v2\/types\/post"}],"author":[{"embeddable":true,"href":"https:\/\/blogs.correiobraziliense.com.br\/eixocapital\/wp-json\/wp\/v2\/users\/9"}],"replies":[{"embeddable":true,"href":"https:\/\/blogs.correiobraziliense.com.br\/eixocapital\/wp-json\/wp\/v2\/comments?post=48"}],"version-history":[{"count":1,"href":"https:\/\/blogs.correiobraziliense.com.br\/eixocapital\/wp-json\/wp\/v2\/posts\/48\/revisions"}],"predecessor-version":[{"id":52,"href":"https:\/\/blogs.correiobraziliense.com.br\/eixocapital\/wp-json\/wp\/v2\/posts\/48\/revisions\/52"}],"wp:featuredmedia":[{"embeddable":true,"href":"https:\/\/blogs.correiobraziliense.com.br\/eixocapital\/wp-json\/wp\/v2\/media\/51"}],"wp:attachment":[{"href":"https:\/\/blogs.correiobraziliense.com.br\/eixocapital\/wp-json\/wp\/v2\/media?parent=48"}],"wp:term":[{"taxonomy":"category","embeddable":true,"href":"https:\/\/blogs.correiobraziliense.com.br\/eixocapital\/wp-json\/wp\/v2\/categories?post=48"},{"taxonomy":"post_tag","embeddable":true,"href":"https:\/\/blogs.correiobraziliense.com.br\/eixocapital\/wp-json\/wp\/v2\/tags?post=48"}],"curies":[{"name":"wp","href":"https:\/\/api.w.org\/{rel}","templated":true}]}}