{"id":429,"date":"2021-12-13T19:45:47","date_gmt":"2021-12-13T22:45:47","guid":{"rendered":"https:\/\/blogs.correiobraziliense.com.br\/eixocapital\/?p=429"},"modified":"2021-12-13T19:45:47","modified_gmt":"2021-12-13T22:45:47","slug":"pgr-se-manifesta-pela-cassacao-do-mandato-do-deputado-jose-gomes","status":"publish","type":"post","link":"https:\/\/blogs.correiobraziliense.com.br\/eixocapital\/2021\/12\/13\/pgr-se-manifesta-pela-cassacao-do-mandato-do-deputado-jose-gomes\/","title":{"rendered":"PGR se manifesta pela cassa\u00e7\u00e3o do mandato do deputado Jos\u00e9 Gomes"},"content":{"rendered":"<p class=\"p1\"><span class=\"s1\">A Procuradoria-Geral da Rep\u00fablica se manifestou contrariamente ao recurso do deputado Jos\u00e9 Gomes (PTB) que tenta anular condena\u00e7\u00f5es pelo Tribunal Regional Eleitoral do DF (TRE-DF) e Tribunal Superior Eleitoral (TSE) por abuso de poder econ\u00f4mico na campanha de 2018.<br \/>\n<\/span><\/p>\n<p>&nbsp;<\/p>\n<p class=\"p1\"><span class=\"s1\">O vice-procurador-geral da Rep\u00fablica, Humberto Jacques de Medeiros, sustentou em parecer que o argumento apresentado pela defesa do distrital s\u00f3 foi apresentado ap\u00f3s o julgamento em primeira e segunda inst\u00e2ncias e n\u00e3o deve ser analisado em recurso no STF.<br \/>\n<\/span><\/p>\n<p>&nbsp;<\/p>\n<p class=\"p1\"><span class=\"s1\">A defesa de Jos\u00e9 Gomes alega que grava\u00e7\u00f5es inclu\u00eddas no processo que demonstram coa\u00e7\u00e3o de funcion\u00e1rios da empresa de Gomes, a Real JG, para que votassem nele s\u00e3o ilegais como prova, conforme entendimento em outro julgamento do TSE com repercuss\u00e3o geral.<\/span><\/p>\n<p>&nbsp;<\/p>\n<p>Jos\u00e9 Gomes exerce o mandato h\u00e1 mais de um ano por for\u00e7a de uma liminar expedida pelo ministro Dias Toffoli, do STF.<\/p>\n<p>&nbsp;<\/p>\n<p>A primeira suplente do PSB, Luzia de Paula, chegou a tomar posse no mandato de distrital quando Gomes foi cassado, mas teve de desocupar o gabinete com a decis\u00e3o do STF.<\/p>\n","protected":false},"excerpt":{"rendered":"<p>A Procuradoria-Geral da Rep\u00fablica se manifestou contrariamente ao recurso do deputado Jos\u00e9 Gomes (PTB) que tenta anular condena\u00e7\u00f5es pelo Tribunal Regional Eleitoral do DF (TRE-DF) e Tribunal Superior Eleitoral (TSE) por abuso de poder econ\u00f4mico na campanha de 2018. &nbsp; O vice-procurador-geral da Rep\u00fablica, Humberto Jacques de Medeiros, sustentou em parecer que o argumento apresentado pela defesa do distrital s\u00f3 [&hellip;]<\/p>\n","protected":false},"author":9,"featured_media":430,"comment_status":"open","ping_status":"open","sticky":false,"template":"","format":"standard","meta":{"footnotes":""},"categories":[1],"tags":[208,204,205,206,163,207],"class_list":["post-429","post","type-post","status-publish","format-standard","has-post-thumbnail","hentry","category-sem-categoria","tag-humberto-jacques","tag-jose-gomes","tag-luzia-de-paula","tag-pgr","tag-stf","tag-tse"],"_links":{"self":[{"href":"https:\/\/blogs.correiobraziliense.com.br\/eixocapital\/wp-json\/wp\/v2\/posts\/429","targetHints":{"allow":["GET"]}}],"collection":[{"href":"https:\/\/blogs.correiobraziliense.com.br\/eixocapital\/wp-json\/wp\/v2\/posts"}],"about":[{"href":"https:\/\/blogs.correiobraziliense.com.br\/eixocapital\/wp-json\/wp\/v2\/types\/post"}],"author":[{"embeddable":true,"href":"https:\/\/blogs.correiobraziliense.com.br\/eixocapital\/wp-json\/wp\/v2\/users\/9"}],"replies":[{"embeddable":true,"href":"https:\/\/blogs.correiobraziliense.com.br\/eixocapital\/wp-json\/wp\/v2\/comments?post=429"}],"version-history":[{"count":1,"href":"https:\/\/blogs.correiobraziliense.com.br\/eixocapital\/wp-json\/wp\/v2\/posts\/429\/revisions"}],"predecessor-version":[{"id":431,"href":"https:\/\/blogs.correiobraziliense.com.br\/eixocapital\/wp-json\/wp\/v2\/posts\/429\/revisions\/431"}],"wp:featuredmedia":[{"embeddable":true,"href":"https:\/\/blogs.correiobraziliense.com.br\/eixocapital\/wp-json\/wp\/v2\/media\/430"}],"wp:attachment":[{"href":"https:\/\/blogs.correiobraziliense.com.br\/eixocapital\/wp-json\/wp\/v2\/media?parent=429"}],"wp:term":[{"taxonomy":"category","embeddable":true,"href":"https:\/\/blogs.correiobraziliense.com.br\/eixocapital\/wp-json\/wp\/v2\/categories?post=429"},{"taxonomy":"post_tag","embeddable":true,"href":"https:\/\/blogs.correiobraziliense.com.br\/eixocapital\/wp-json\/wp\/v2\/tags?post=429"}],"curies":[{"name":"wp","href":"https:\/\/api.w.org\/{rel}","templated":true}]}}