{"id":413,"date":"2021-12-10T07:46:17","date_gmt":"2021-12-10T10:46:17","guid":{"rendered":"https:\/\/blogs.correiobraziliense.com.br\/eixocapital\/?p=413"},"modified":"2021-12-10T07:46:17","modified_gmt":"2021-12-10T10:46:17","slug":"rafael-sampaio-temos-um-compromisso-de-campanha-do-governador-que-creio-que-ele-va-cumprir","status":"publish","type":"post","link":"https:\/\/blogs.correiobraziliense.com.br\/eixocapital\/2021\/12\/10\/rafael-sampaio-temos-um-compromisso-de-campanha-do-governador-que-creio-que-ele-va-cumprir\/","title":{"rendered":"Rafael Sampaio: \u201cTemos um compromisso de campanha do governador que creio que ele v\u00e1 cumprir\u201d"},"content":{"rendered":"<p><strong>\u00c0 Queima Roupa \/\/\u00a0Delegado Rafael Sampaio, Presidente do Sindicato dos Delegados de Pol\u00edcia Civil (Sindepo) do DF<\/strong><\/p>\n<p><strong>por Ana Maria Campos<\/strong><\/p>\n<p><strong>Por que voc\u00ea pediu exonera\u00e7\u00e3o do cargo na Secretaria de Governo da Presid\u00eancia da Rep\u00fablica?<br \/>\n<\/strong>Minha carreira, a qual fui eleito para representar, se prepara para uma batalha, e minha consci\u00eancia n\u00e3o permite que eu fique longe das trincheiras. Tenho de dar exemplo, estar \u00e0 frente, mostrar disposi\u00e7\u00e3o e ter autoridade moral, inclusive para cobrar sacrif\u00edcios dos meus pares, como fiz.<\/p>\n<p><strong>Acredita que ainda \u00e9 poss\u00edvel conseguir a paridade dos sal\u00e1rios de policiais civis com policiais federais?<br \/>\n<\/strong>Com certeza. N\u00e3o temos por que perder as esperan\u00e7as. Passamos por momentos dif\u00edceis, mas temos um compromisso de campanha do governador que creio que (ele) v\u00e1 cumprir.<\/p>\n<p><strong>Onde est\u00e1 a dificuldade?<br \/>\n<\/strong>A dificuldade \u00e9 conseguir um reajuste substancial em per\u00edodo de recess\u00e3o. Mas temos perdas insuport\u00e1veis. S\u00e3o 10 anos sem reajuste, e isso tem de ser levado em conta.<\/p>\n<p><strong>Sua decis\u00e3o \u00e9 definitiva ou voc\u00ea ainda pode voltar para a Presid\u00eancia?<br \/>\n<\/strong>N\u00e3o estou preocupado com isso. Respeito muito a ministra Fl\u00e1via (Arruda), tenho carinho e admira\u00e7\u00e3o por ela. Creio que ainda trabalharemos juntos de novo, mas Deus \u00e9 quem sabe o momento. Hoje, tenho de estar com minha institui\u00e7\u00e3o.<\/p>\n<p><strong>Tem o apoio da ministra Fl\u00e1via Arruda?<br \/>\n<\/strong>Sim. Ela me entendeu. \u00c9 uma mulher s\u00e1bia, apesar da juventude, e conhece bem o que \u00e9 uma representa\u00e7\u00e3o.<\/p>\n","protected":false},"excerpt":{"rendered":"<p>Rafael Sampaio, presidente do Sindicato dos Delegados de Pol\u00edcia Civil, fala sobre a sa\u00edda da Secretaria de Governo da Presid\u00eancia da Rep\u00fablica<\/p>\n","protected":false},"author":9,"featured_media":414,"comment_status":"open","ping_status":"open","sticky":false,"template":"","format":"standard","meta":{"footnotes":""},"categories":[1],"tags":[90,121,199,198],"class_list":["post-413","post","type-post","status-publish","format-standard","has-post-thumbnail","hentry","category-sem-categoria","tag-entrevista","tag-policia-civil","tag-rafael-sampaio","tag-sindepo"],"_links":{"self":[{"href":"https:\/\/blogs.correiobraziliense.com.br\/eixocapital\/wp-json\/wp\/v2\/posts\/413","targetHints":{"allow":["GET"]}}],"collection":[{"href":"https:\/\/blogs.correiobraziliense.com.br\/eixocapital\/wp-json\/wp\/v2\/posts"}],"about":[{"href":"https:\/\/blogs.correiobraziliense.com.br\/eixocapital\/wp-json\/wp\/v2\/types\/post"}],"author":[{"embeddable":true,"href":"https:\/\/blogs.correiobraziliense.com.br\/eixocapital\/wp-json\/wp\/v2\/users\/9"}],"replies":[{"embeddable":true,"href":"https:\/\/blogs.correiobraziliense.com.br\/eixocapital\/wp-json\/wp\/v2\/comments?post=413"}],"version-history":[{"count":1,"href":"https:\/\/blogs.correiobraziliense.com.br\/eixocapital\/wp-json\/wp\/v2\/posts\/413\/revisions"}],"predecessor-version":[{"id":415,"href":"https:\/\/blogs.correiobraziliense.com.br\/eixocapital\/wp-json\/wp\/v2\/posts\/413\/revisions\/415"}],"wp:featuredmedia":[{"embeddable":true,"href":"https:\/\/blogs.correiobraziliense.com.br\/eixocapital\/wp-json\/wp\/v2\/media\/414"}],"wp:attachment":[{"href":"https:\/\/blogs.correiobraziliense.com.br\/eixocapital\/wp-json\/wp\/v2\/media?parent=413"}],"wp:term":[{"taxonomy":"category","embeddable":true,"href":"https:\/\/blogs.correiobraziliense.com.br\/eixocapital\/wp-json\/wp\/v2\/categories?post=413"},{"taxonomy":"post_tag","embeddable":true,"href":"https:\/\/blogs.correiobraziliense.com.br\/eixocapital\/wp-json\/wp\/v2\/tags?post=413"}],"curies":[{"name":"wp","href":"https:\/\/api.w.org\/{rel}","templated":true}]}}