{"id":410,"date":"2021-12-10T07:37:47","date_gmt":"2021-12-10T10:37:47","guid":{"rendered":"https:\/\/blogs.correiobraziliense.com.br\/eixocapital\/?p=410"},"modified":"2021-12-10T07:37:47","modified_gmt":"2021-12-10T10:37:47","slug":"stj-vaga-no-tcdf-nao-pode-ir-para-novos-auditores","status":"publish","type":"post","link":"https:\/\/blogs.correiobraziliense.com.br\/eixocapital\/2021\/12\/10\/stj-vaga-no-tcdf-nao-pode-ir-para-novos-auditores\/","title":{"rendered":"STJ: vaga no TCDF n\u00e3o pode ir para novos auditores"},"content":{"rendered":"<p><strong>Coluna Eixo Capital, por Ana Maria Campos<\/strong><\/p>\n<p>Ao suspender os efeitos da liminar que impedia a posse do secret\u00e1rio de Economia do DF, Andr\u00e9 Clemente, para o Tribunal de Contas do DF, o presidente do Superior Tribunal de Justi\u00e7a (STJ), Humberto Martins, disse que, mesmo que o concurso para auditor estivesse conclu\u00eddo, seria temer\u00e1rio nomear algu\u00e9m rec\u00e9m-aprovado para a vaga de conselheiro. \u201cMesmo que preenchidas todas as vagas de auditor previstas no referido concurso, a prud\u00eancia e a responsabilidade administrativa, por certo, levam a crer que os novos auditores dever\u00e3o passar pelo tempo destinado ao est\u00e1gio probat\u00f3rio, adquirindo experi\u00eancia e maturidade profissional, at\u00e9 que possam concorrer a vaga de indica\u00e7\u00e3o do Poder Executivo para assumir a atribui\u00e7\u00e3o de conselheiro da Corte de Contas\u201d, ressaltou.<\/p>\n<p><strong>Festa depois<br \/>\n<\/strong>Com a decis\u00e3o do presidente do STJ, o secret\u00e1rio de Economia do DF, Andr\u00e9 Clemente, deve acertar logo a posse no Tribunal de Contas do DF. Deve ser, se poss\u00edvel, hoje. Festas, depois.<\/p>\n<p><strong>Certeza da vit\u00f3ria<br \/>\n<\/strong>Desde o in\u00edcio, Andr\u00e9 Clemente e Ibaneis Rocha tinham convic\u00e7\u00e3o de que teriam uma decis\u00e3o favor\u00e1vel na Justi\u00e7a. N\u00e3o entrariam nessa briga para perder.<\/p>\n<h3>Rom\u00e1rio visita f\u00e1brica da Sputnik no DF<\/h3>\n<p>O senador Rom\u00e1rio (PL-RJ) visitou, nesta semana, a unidade de produ\u00e7\u00e3o da Uni\u00e3o Qu\u00edmica em Bras\u00edlia, onde \u00e9 produzida a vacina Sputnik. Rom\u00e1rio defendeu a produ\u00e7\u00e3o de medicamentos considerados raros no Brasil. Os pre\u00e7os elevados no mercado internacional praticamente inviabilizam o uso em tratamentos de pacientes no pa\u00eds.<\/p>\n<p><strong>Planejamento para restaura\u00e7\u00e3o do Teatro Nacional<br \/>\n<\/strong>O procurador distrital dos Direitos do Cidad\u00e3o, Jos\u00e9 Eduardo Sabo Paes, enviou, ontem (9\/12), uma recomenda\u00e7\u00e3o \u00e0 Secretaria de Cultura e Economia Criativa para que encaminhe o planejamento referente \u00e0 revitaliza\u00e7\u00e3o do Teatro Nacional Cl\u00e1udio Santoro, incluindo as salas Villa-Lobos, Martins Pena, Alberto Nepomuceno e demais espa\u00e7os que o comp\u00f5em. A pasta dever\u00e1 enviar a lista de provid\u00eancias para o cumprimento da recomenda\u00e7\u00e3o no prazo de 15 dias. O secret\u00e1rio de Cultura, Bartolomeu Rodrigues, est\u00e1 empenhado no projeto de revitaliza\u00e7\u00e3o do Teatro Nacional. A popula\u00e7\u00e3o de Bras\u00edlia espera ansiosamente.<\/p>\n<p><strong>Live de campanha<br \/>\n<\/strong>O deputado distrital Leandro Grass (Rede), pr\u00e9-candidato ao governo do Distrito Federal, lan\u00e7ou, ontem (9\/12), em uma live, o documento Um projeto para o DF, com a base das propostas para 2022. Ele fez uma s\u00e9rie de reuni\u00f5es com especialistas de diferentes \u00e1reas para construir esse material. Agora, pretende ampliar e aprofundar o debate, a fim de fechar o plano de governo ainda no in\u00edcio do ano.<\/p>\n<p><strong>Bessa lan\u00e7a C\u00f3digo de defesa do consumidor comentado<br \/>\n<\/strong>O desembargador Leonardo Bessa, do Tribunal de Justi\u00e7a do DF e dos Territ\u00f3rios, lan\u00e7a a segunda edi\u00e7\u00e3o do livro C\u00f3digo de Defesa Consumidor comentado. A obra cont\u00e9m legisla\u00e7\u00e3o, orienta\u00e7\u00e3o, jurisprud\u00eancia, an\u00e1lise e debate sobre todos os artigos da Lei n\u00ba 8.078\/1990, o C\u00f3digo de Defesa do Consumidor. Especialista no tema, Bessa que exerceu durante duas d\u00e9cadas a fun\u00e7\u00e3o de promotor de Justi\u00e7a na \u00e1rea e trata da legisla\u00e7\u00e3o de forma objetiva e did\u00e1tica, com orienta\u00e7\u00f5es pr\u00e1ticas para aplica\u00e7\u00e3o.<\/p>\n","protected":false},"excerpt":{"rendered":"<p>Desde o in\u00edcio, o ex-secret\u00e1rio Andr\u00e9 Clemente e Ibaneis Rocha tinham convic\u00e7\u00e3o de que teriam uma decis\u00e3o favor\u00e1vel na Justi\u00e7a<\/p>\n","protected":false},"author":9,"featured_media":411,"comment_status":"open","ping_status":"open","sticky":false,"template":"","format":"standard","meta":{"footnotes":""},"categories":[1],"tags":[29,196,3,197],"class_list":["post-410","post","type-post","status-publish","format-standard","has-post-thumbnail","hentry","category-sem-categoria","tag-eleicoes-2022","tag-sputnik","tag-tcdf","tag-teatro-nacional"],"_links":{"self":[{"href":"https:\/\/blogs.correiobraziliense.com.br\/eixocapital\/wp-json\/wp\/v2\/posts\/410","targetHints":{"allow":["GET"]}}],"collection":[{"href":"https:\/\/blogs.correiobraziliense.com.br\/eixocapital\/wp-json\/wp\/v2\/posts"}],"about":[{"href":"https:\/\/blogs.correiobraziliense.com.br\/eixocapital\/wp-json\/wp\/v2\/types\/post"}],"author":[{"embeddable":true,"href":"https:\/\/blogs.correiobraziliense.com.br\/eixocapital\/wp-json\/wp\/v2\/users\/9"}],"replies":[{"embeddable":true,"href":"https:\/\/blogs.correiobraziliense.com.br\/eixocapital\/wp-json\/wp\/v2\/comments?post=410"}],"version-history":[{"count":1,"href":"https:\/\/blogs.correiobraziliense.com.br\/eixocapital\/wp-json\/wp\/v2\/posts\/410\/revisions"}],"predecessor-version":[{"id":412,"href":"https:\/\/blogs.correiobraziliense.com.br\/eixocapital\/wp-json\/wp\/v2\/posts\/410\/revisions\/412"}],"wp:featuredmedia":[{"embeddable":true,"href":"https:\/\/blogs.correiobraziliense.com.br\/eixocapital\/wp-json\/wp\/v2\/media\/411"}],"wp:attachment":[{"href":"https:\/\/blogs.correiobraziliense.com.br\/eixocapital\/wp-json\/wp\/v2\/media?parent=410"}],"wp:term":[{"taxonomy":"category","embeddable":true,"href":"https:\/\/blogs.correiobraziliense.com.br\/eixocapital\/wp-json\/wp\/v2\/categories?post=410"},{"taxonomy":"post_tag","embeddable":true,"href":"https:\/\/blogs.correiobraziliense.com.br\/eixocapital\/wp-json\/wp\/v2\/tags?post=410"}],"curies":[{"name":"wp","href":"https:\/\/api.w.org\/{rel}","templated":true}]}}