{"id":41,"date":"2021-10-18T23:33:49","date_gmt":"2021-10-19T02:33:49","guid":{"rendered":"https:\/\/blogs.correiobraziliense.com.br\/eixocapital\/?p=41"},"modified":"2021-10-18T23:33:49","modified_gmt":"2021-10-19T02:33:49","slug":"demissao-de-procurador-ocorre-em-meio-a-debate-sobre-reduzir-o-poder-do-mp","status":"publish","type":"post","link":"https:\/\/blogs.correiobraziliense.com.br\/eixocapital\/2021\/10\/18\/demissao-de-procurador-ocorre-em-meio-a-debate-sobre-reduzir-o-poder-do-mp\/","title":{"rendered":"Demiss\u00e3o de procurador ocorre em meio a debate sobre reduzir o poder do MP"},"content":{"rendered":"<p style=\"text-align: left\">A demiss\u00e3o pelo CNMP do procurador <strong>Diogo Castor de Mattos,<\/strong> que integrou a for\u00e7a-tarefa da Lava-Jato de Curitiba, ocorre justamente no momento em que o Congresso discute dar mais poderes ao \u00f3rg\u00e3o para conter a conduta de integrantes do Minist\u00e9rio P\u00fablico, tema da PEC 05\/21.<\/p>\n<p>&nbsp;<\/p>\n<p style=\"text-align: left\">Como exemplo de excessos dos dois lados, o caso ser\u00e1 um paradigma.<\/p>\n<p>&nbsp;<\/p>\n<p>Aos 35 anos, <strong>Diogo Castor<\/strong> era o mais jovem integrante da for\u00e7a-tarefa liderada por <strong>Deltan Dallagnol.<br \/>\n<\/strong><\/p>\n<p>&nbsp;<\/p>\n<p>Filho de um procurador de Justi\u00e7a do Paran\u00e1 que morreu em 2007, <strong>Castor<\/strong> passou em v\u00e1rios concursos. Inteligente, preparado, era destaque na equipe.<\/p>\n<p>&nbsp;<\/p>\n<p>Em mar\u00e7o de 2019, mandou fazer um outdoor ressaltando a import\u00e2ncia da Opera\u00e7\u00e3o Lava-Jato que pegou tantos pol\u00edticos e empres\u00e1rios poderosos. Come\u00e7ava a chegar em gente mais importante ainda: ministros de tribunais superiores e banqueiros.<\/p>\n<p>&nbsp;<\/p>\n<p>O outdoor foi feito num momento de sucesso da Lava-Jato. S\u00e9rgio Moro acabara de assumir o minist\u00e9rio da Justi\u00e7a e Seguran\u00e7a P\u00fablica, com a recente posse do presidente Jair Bolsonaro.<\/p>\n<p>&nbsp;<\/p>\n<p>A\u00ed veio o hacker que invadiu telefones de procuradores. A popularidade dos procuradores foi colocada em xeque.<\/p>\n<p>&nbsp;<\/p>\n<p>Diogo Castor acabou se tornando alvo de processo no CNMP.<\/p>\n<p>&nbsp;<\/p>\n<p>De acordo com os fatos apurados, o procurador valeu-se de \u201cpessoa interposta e da utiliza\u00e7\u00e3o de dados pessoais de terceiro, sem autoriza\u00e7\u00e3o deste, com o intuito de alterar a verdade sobre fato juridicamente relevante\u201d.<\/p>\n<p>&nbsp;<\/p>\n<p>Ou seja, ele teria omitido que pagou pe\u00e7a publicit\u00e1ria para\u00a0promo\u00e7\u00e3o pessoal e da for\u00e7a-tarefa, sem o conhecimento do Minist\u00e9rio P\u00fablico Federal e em contrariedade \u00e0 pol\u00edtica de comunica\u00e7\u00e3o\u00a0social do \u00f3rg\u00e3o.<\/p>\n<p>&nbsp;<\/p>\n<p>O julgamento hoje (18) no CNMP foi apertado. O placar foi 5 x 5 e o resultado foi desempatado com o voto do vice-procurador-geral da Rep\u00fablica, Humberto Jacques de Medeiros.<\/p>\n<p>&nbsp;<\/p>\n<p>Mas, para que o procurador perca de fato o cargo, a Justi\u00e7a ter\u00e1 de confirmar a decis\u00e3o com condena\u00e7\u00e3o transitada em julgada de uma a\u00e7\u00e3o de improbidade administrativa.<\/p>\n<p>&nbsp;<\/p>\n<p>Por incr\u00edvel que pare\u00e7a, segundo integrantes do MP, a nova lei de improbidade \u2014 que est\u00e1 nas m\u00e3os do presidente Jair Bolsonaro para san\u00e7\u00e3o \u2014 poder\u00e1 poupar o procurador de uma demiss\u00e3o.<\/p>\n","protected":false},"excerpt":{"rendered":"<p>A demiss\u00e3o pelo CNMP do procurador Diogo Castor de Mattos, que integrou a for\u00e7a-tarefa da Lava-Jato de Curitiba, ocorre justamente no momento em que o Congresso discute dar mais poderes ao \u00f3rg\u00e3o para conter a conduta de integrantes do Minist\u00e9rio P\u00fablico, tema da PEC 05\/21. &nbsp; Como exemplo de excessos dos dois lados, o caso ser\u00e1 um paradigma. &nbsp; Aos [&hellip;]<\/p>\n","protected":false},"author":9,"featured_media":44,"comment_status":"open","ping_status":"open","sticky":false,"template":"","format":"standard","meta":{"footnotes":""},"categories":[1],"tags":[10,12,14,15,16],"class_list":["post-41","post","type-post","status-publish","format-standard","has-post-thumbnail","hentry","category-sem-categoria","tag-cnmp","tag-demissao","tag-diogo-castor","tag-operacao-lava-jato","tag-pec-05-21"],"_links":{"self":[{"href":"https:\/\/blogs.correiobraziliense.com.br\/eixocapital\/wp-json\/wp\/v2\/posts\/41","targetHints":{"allow":["GET"]}}],"collection":[{"href":"https:\/\/blogs.correiobraziliense.com.br\/eixocapital\/wp-json\/wp\/v2\/posts"}],"about":[{"href":"https:\/\/blogs.correiobraziliense.com.br\/eixocapital\/wp-json\/wp\/v2\/types\/post"}],"author":[{"embeddable":true,"href":"https:\/\/blogs.correiobraziliense.com.br\/eixocapital\/wp-json\/wp\/v2\/users\/9"}],"replies":[{"embeddable":true,"href":"https:\/\/blogs.correiobraziliense.com.br\/eixocapital\/wp-json\/wp\/v2\/comments?post=41"}],"version-history":[{"count":3,"href":"https:\/\/blogs.correiobraziliense.com.br\/eixocapital\/wp-json\/wp\/v2\/posts\/41\/revisions"}],"predecessor-version":[{"id":46,"href":"https:\/\/blogs.correiobraziliense.com.br\/eixocapital\/wp-json\/wp\/v2\/posts\/41\/revisions\/46"}],"wp:featuredmedia":[{"embeddable":true,"href":"https:\/\/blogs.correiobraziliense.com.br\/eixocapital\/wp-json\/wp\/v2\/media\/44"}],"wp:attachment":[{"href":"https:\/\/blogs.correiobraziliense.com.br\/eixocapital\/wp-json\/wp\/v2\/media?parent=41"}],"wp:term":[{"taxonomy":"category","embeddable":true,"href":"https:\/\/blogs.correiobraziliense.com.br\/eixocapital\/wp-json\/wp\/v2\/categories?post=41"},{"taxonomy":"post_tag","embeddable":true,"href":"https:\/\/blogs.correiobraziliense.com.br\/eixocapital\/wp-json\/wp\/v2\/tags?post=41"}],"curies":[{"name":"wp","href":"https:\/\/api.w.org\/{rel}","templated":true}]}}