{"id":407,"date":"2021-12-09T19:27:54","date_gmt":"2021-12-09T22:27:54","guid":{"rendered":"https:\/\/blogs.correiobraziliense.com.br\/eixocapital\/?p=407"},"modified":"2021-12-09T19:27:54","modified_gmt":"2021-12-09T22:27:54","slug":"stj-libera-posse-de-andre-clemente-no-tribunal-de-contas-do-df","status":"publish","type":"post","link":"https:\/\/blogs.correiobraziliense.com.br\/eixocapital\/2021\/12\/09\/stj-libera-posse-de-andre-clemente-no-tribunal-de-contas-do-df\/","title":{"rendered":"STJ libera posse de Andr\u00e9 Clemente no Tribunal de Contas do DF"},"content":{"rendered":"<h4 style=\"padding-left: 30px\">ANA MARIA CAMPOS<\/h4>\n<p>O presidente do Superior Tribunal de Justi\u00e7a (STJ), \u00a0Humberto Martins, derrubou a liminar que impedia a posse do secret\u00e1rio de Economia do DF, Andr\u00e9 Clemente, no cargo de conselheiro do Tribunal de Contas do DF.<\/p>\n<p>&nbsp;<\/p>\n<p>Martins acatou argumentos da Procuradoria-Geral do DF em defesa da legalidade da nomea\u00e7\u00e3o de Clemente, assinada pelo governador Ibaneis Rocha (MDB). \u00a0O argumento \u00e9 de que o secret\u00e1rio de Economia foi indicado porque n\u00e3o h\u00e1 auditores substitutos no TCDF para ocupar a vaga aberta com a aposentadoria do conselheiro Paiva Martins.<\/p>\n<p>&nbsp;<\/p>\n<p>Depois que a C\u00e2mara Legislativa aprovou com 19 votos favor\u00e1veis, uma absten\u00e7\u00e3o e um voto contr\u00e1rio a indica\u00e7\u00e3o de Clemente, o desembargador Alfeu Gonzaga concedeu uma liminar em Mandado de Seguran\u00e7a impetrado pela Associa\u00e7\u00e3o Nacional dos Auditores dos Tribunais de Contas (Audicon) que tinha como efeito a reserva da vaga para a carreira.<\/p>\n<p>Com a decis\u00e3o do STJ, Clemente poder\u00e1 tomar posse.<\/p>\n","protected":false},"excerpt":{"rendered":"<p>ANA MARIA CAMPOS O presidente do Superior Tribunal de Justi\u00e7a (STJ), \u00a0Humberto Martins, derrubou a liminar que impedia a posse do secret\u00e1rio de Economia do DF, Andr\u00e9 Clemente, no cargo de conselheiro do Tribunal de Contas do DF. &nbsp; Martins acatou argumentos da Procuradoria-Geral do DF em defesa da legalidade da nomea\u00e7\u00e3o de Clemente, assinada pelo governador Ibaneis Rocha (MDB). [&hellip;]<\/p>\n","protected":false},"author":9,"featured_media":376,"comment_status":"open","ping_status":"open","sticky":false,"template":"","format":"standard","meta":{"footnotes":""},"categories":[1],"tags":[150,195,38,3],"class_list":["post-407","post","type-post","status-publish","format-standard","has-post-thumbnail","hentry","category-sem-categoria","tag-andre-clemente","tag-humberto-mar","tag-stj","tag-tcdf"],"_links":{"self":[{"href":"https:\/\/blogs.correiobraziliense.com.br\/eixocapital\/wp-json\/wp\/v2\/posts\/407","targetHints":{"allow":["GET"]}}],"collection":[{"href":"https:\/\/blogs.correiobraziliense.com.br\/eixocapital\/wp-json\/wp\/v2\/posts"}],"about":[{"href":"https:\/\/blogs.correiobraziliense.com.br\/eixocapital\/wp-json\/wp\/v2\/types\/post"}],"author":[{"embeddable":true,"href":"https:\/\/blogs.correiobraziliense.com.br\/eixocapital\/wp-json\/wp\/v2\/users\/9"}],"replies":[{"embeddable":true,"href":"https:\/\/blogs.correiobraziliense.com.br\/eixocapital\/wp-json\/wp\/v2\/comments?post=407"}],"version-history":[{"count":2,"href":"https:\/\/blogs.correiobraziliense.com.br\/eixocapital\/wp-json\/wp\/v2\/posts\/407\/revisions"}],"predecessor-version":[{"id":409,"href":"https:\/\/blogs.correiobraziliense.com.br\/eixocapital\/wp-json\/wp\/v2\/posts\/407\/revisions\/409"}],"wp:featuredmedia":[{"embeddable":true,"href":"https:\/\/blogs.correiobraziliense.com.br\/eixocapital\/wp-json\/wp\/v2\/media\/376"}],"wp:attachment":[{"href":"https:\/\/blogs.correiobraziliense.com.br\/eixocapital\/wp-json\/wp\/v2\/media?parent=407"}],"wp:term":[{"taxonomy":"category","embeddable":true,"href":"https:\/\/blogs.correiobraziliense.com.br\/eixocapital\/wp-json\/wp\/v2\/categories?post=407"},{"taxonomy":"post_tag","embeddable":true,"href":"https:\/\/blogs.correiobraziliense.com.br\/eixocapital\/wp-json\/wp\/v2\/tags?post=407"}],"curies":[{"name":"wp","href":"https:\/\/api.w.org\/{rel}","templated":true}]}}