{"id":404,"date":"2021-12-09T14:28:05","date_gmt":"2021-12-09T17:28:05","guid":{"rendered":"https:\/\/blogs.correiobraziliense.com.br\/eixocapital\/?p=404"},"modified":"2021-12-09T14:28:05","modified_gmt":"2021-12-09T17:28:05","slug":"camara-legislativa-concede-medalha-a-ibaneis-e-outras-autoridades-publicas-veja-a-lista","status":"publish","type":"post","link":"https:\/\/blogs.correiobraziliense.com.br\/eixocapital\/2021\/12\/09\/camara-legislativa-concede-medalha-a-ibaneis-e-outras-autoridades-publicas-veja-a-lista\/","title":{"rendered":"C\u00e2mara Legislativa concede medalha a Ibaneis e outras autoridades p\u00fablicas. Veja a lista"},"content":{"rendered":"<h4 style=\"text-align: left\">ANA MARIA CAMPOS<\/h4>\n<p>Hoje foi a vez de os deputados distritais concederem medalhas a autoridades p\u00fablicas. Entre os agraciados com o t\u00edtulo de gr\u00e3-cruz o governador Ibaneis Rocha (MDB), o vice, Paco Britto (Avante), a deputada federal e ministra-chefe Secretaria Geral de Governo da Presid\u00eancia da Rep\u00fablica, Fl\u00e1via Arruda (PL), o futuro ministro do STF Andr\u00e9 Mendon\u00e7a e o ministro da Infraestrutura, Tarc\u00edsio Freitas.<\/p>\n<p>&nbsp;<\/p>\n<p>Foram agraciados com a medalha Grande Oficial ministros do STJ, desembargadores do Tribunal de Justi\u00e7a do DF, como Roberval Belinati, e pol\u00edticos, como o presidente nacional do MDB, Baleia Rossi, o senador Jos\u00e9 Antonio Reguffe (Podemos-DF), o deputado Federal J\u00falio C\u00e9sar (Republicanos-DF) e o ex-senador Paulo Oct\u00e1vio.<\/p>\n<p>&nbsp;<\/p>\n<p>O secret\u00e1rio de Economia do DF, Andr\u00e9 Clemente, que homenageou 22 dos 24 deputados distritais nesta semana com a Medalha do M\u00e9rito Economia, tamb\u00e9m foi homenageado.<\/p>\n<p>&nbsp;<\/p>\n<p>O advogado e ex-deputado Luiz Carlos Sigmaringa Seixas foi agraciado com a Medalha da C\u00e2mara Legislativa, em homenagem post mortem.<\/p>\n<p>&nbsp;<\/p>\n<p>Veja quem foi agraciado:<\/p>\n<p>&nbsp;<\/p>\n<p>Gr\u00e3-Cruz<br \/>\n&#8211; Governador do DF, Ibaneis Rocha Barros Junior<br \/>\n&#8211; Vice-Governador do Distrito Federal, Marcus Vin\u00edcius Britto de Albuquerque Dias<br \/>\n&#8211; Ex-Advogado Geral da Uni\u00e3o e Ex-Ministro da Justi\u00e7a e Futuro Ministro do Supremo Tribunal Federal &#8211; STF, Andr\u00e9 Luiz de Almeida Mendon\u00e7a<br \/>\n&#8211; Comandante da For\u00e7a A\u00e9rea Brasileira &#8211; Tenente Brigadeiro do AR, Carlos de Almeida Baptista J\u00fanior<br \/>\n&#8211; Deputada Federal e Ministra Chefe da Secretaria Geral de Governo da Presid\u00eancia da Rep\u00fablica, Fl\u00e1via Arruda<br \/>\n&#8211; Ministro de Infraestrutura do Brasil, Tarc\u00edsio Gomes de Freitas<\/p>\n<p>Grande Oficial<br \/>\n&#8211; Secret\u00e1rio de Economia do Distrito Federal, Andr\u00e9 Clemente Lara de Oliveira<br \/>\n&#8211; Desembargador do Tribunal de Justi\u00e7a do Distrito Federal e dos Territ\u00f3rios -TJDFT, Arnoldo Camanho de Assis<br \/>\n&#8211; Ministro do Superior Tribunal de Justi\u00e7a &#8211; STJ, Benedito Gon\u00e7alves<br \/>\n&#8211; Deputado Distrital e Administrador da Ceil\u00e2ndia, Fernando Batista Fernandes<br \/>\n&#8211; Desembargador do Tribunal de Justi\u00e7a do Distrito Federal e dos Territ\u00f3rios -TJDFT, Josaph\u00e1 Francisco dos Santos<br \/>\n&#8211; Senador da Rep\u00fablica, Jos\u00e9 Ant\u00f4nio Machado Reguffe<br \/>\n&#8211; Deputado Federal, Julio Cesar Ribeiro<br \/>\n&#8211; Ministro do Superior Tribunal de Justi\u00e7a &#8211; STJ, Luis Felipe Salom\u00e3o<br \/>\n&#8211; Deputado Federal e Deputado Distrital, Luiz Carlos Sigmaringa Seixas (In Memoriam)<br \/>\n&#8211; Deputado Federal e Presidente Nacional MDB, Luiz Felipe Baleia Tenuto Rossi<br \/>\n&#8211; Ex-Deputado Distrital e Empres\u00e1rio, Olair Francisco<br \/>\n&#8211; Ex-Senador Da Rep\u00fablica, Paulo Oct\u00e1vio Alves Pereira<br \/>\n&#8211; Desembargador do Tribunal de Justi\u00e7a do Distrito Federal e dos Territ\u00f3rios -TJDFT, Roberval Casemiro Belinati<br \/>\n&#8211; Secret\u00e1rio de Estado Trabalho do DF, Thales Mendes Ferreira Comendador<br \/>\n&#8211; Economista, Gr\u00e3o-Mestre e Fundador do Grande Oriente Ma\u00e7\u00f4nico do DF e Presidente da Confedera\u00e7\u00e3o Ma\u00e7\u00f4nica do Brasil (COMAB), Ant\u00f4nio do Carmo Ferreira<br \/>\n&#8211; Economista e Gr\u00e3o-Mestre da Grande Loja Ma\u00e7\u00f4nica do DF, Armando Assump\u00e7\u00e3o Laurindo da Silva<br \/>\n&#8211; Advogado e Desembargador do Tribunal Regional Eleitoral do DF, Bruno Franco Lacerda Martins<br \/>\n&#8211; Arcebispo de<\/p>\n","protected":false},"excerpt":{"rendered":"<p>ANA MARIA CAMPOS Hoje foi a vez de os deputados distritais concederem medalhas a autoridades p\u00fablicas. Entre os agraciados com o t\u00edtulo de gr\u00e3-cruz o governador Ibaneis Rocha (MDB), o vice, Paco Britto (Avante), a deputada federal e ministra-chefe Secretaria Geral de Governo da Presid\u00eancia da Rep\u00fablica, Fl\u00e1via Arruda (PL), o futuro ministro do STF Andr\u00e9 Mendon\u00e7a e o ministro [&hellip;]<\/p>\n","protected":false},"author":9,"featured_media":405,"comment_status":"open","ping_status":"open","sticky":false,"template":"","format":"standard","meta":{"footnotes":""},"categories":[1],"tags":[162,70,107,6,191,194,192,193],"class_list":["post-404","post","type-post","status-publish","format-standard","has-post-thumbnail","hentry","category-sem-categoria","tag-andre-mendonca","tag-camara-legislativa","tag-flavia-arruda","tag-ibaneis","tag-medalha","tag-reguffe","tag-sig","tag-sigmaringa"],"_links":{"self":[{"href":"https:\/\/blogs.correiobraziliense.com.br\/eixocapital\/wp-json\/wp\/v2\/posts\/404","targetHints":{"allow":["GET"]}}],"collection":[{"href":"https:\/\/blogs.correiobraziliense.com.br\/eixocapital\/wp-json\/wp\/v2\/posts"}],"about":[{"href":"https:\/\/blogs.correiobraziliense.com.br\/eixocapital\/wp-json\/wp\/v2\/types\/post"}],"author":[{"embeddable":true,"href":"https:\/\/blogs.correiobraziliense.com.br\/eixocapital\/wp-json\/wp\/v2\/users\/9"}],"replies":[{"embeddable":true,"href":"https:\/\/blogs.correiobraziliense.com.br\/eixocapital\/wp-json\/wp\/v2\/comments?post=404"}],"version-history":[{"count":1,"href":"https:\/\/blogs.correiobraziliense.com.br\/eixocapital\/wp-json\/wp\/v2\/posts\/404\/revisions"}],"predecessor-version":[{"id":406,"href":"https:\/\/blogs.correiobraziliense.com.br\/eixocapital\/wp-json\/wp\/v2\/posts\/404\/revisions\/406"}],"wp:featuredmedia":[{"embeddable":true,"href":"https:\/\/blogs.correiobraziliense.com.br\/eixocapital\/wp-json\/wp\/v2\/media\/405"}],"wp:attachment":[{"href":"https:\/\/blogs.correiobraziliense.com.br\/eixocapital\/wp-json\/wp\/v2\/media?parent=404"}],"wp:term":[{"taxonomy":"category","embeddable":true,"href":"https:\/\/blogs.correiobraziliense.com.br\/eixocapital\/wp-json\/wp\/v2\/categories?post=404"},{"taxonomy":"post_tag","embeddable":true,"href":"https:\/\/blogs.correiobraziliense.com.br\/eixocapital\/wp-json\/wp\/v2\/tags?post=404"}],"curies":[{"name":"wp","href":"https:\/\/api.w.org\/{rel}","templated":true}]}}