{"id":386,"date":"2021-12-03T20:17:17","date_gmt":"2021-12-03T23:17:17","guid":{"rendered":"https:\/\/blogs.correiobraziliense.com.br\/eixocapital\/?p=386"},"modified":"2021-12-03T20:20:02","modified_gmt":"2021-12-03T23:20:02","slug":"tre-df-julga-improcedente-acao-do-psb-contra-bonecao-do-vice-governador","status":"publish","type":"post","link":"https:\/\/blogs.correiobraziliense.com.br\/eixocapital\/2021\/12\/03\/tre-df-julga-improcedente-acao-do-psb-contra-bonecao-do-vice-governador\/","title":{"rendered":"TRE-DF julga improcedente a\u00e7\u00e3o do PSB contra bonec\u00e3o do vice-governador"},"content":{"rendered":"<h4>ANA MARIA CAMPOS<\/h4>\n<p>O Tribunal Regional Eleitoral (TRE-DF) julgou improcedente a\u00e7\u00e3o movida pelo PSB contra o vice-governador Paco Britto (Avante) por suposta propaganda eleitoral antecipada irregular em raz\u00e3o do uso de boneco com as suas caracter\u00edsticas f\u00edsicas em evento realizado em setembro de 2021.<\/p>\n<p>&nbsp;<\/p>\n<p>Na pe\u00e7a inicial, o PSB requereu a apreens\u00e3o do boneco, com a proibi\u00e7\u00e3o de que ele seja novamente utilizado, a exclus\u00e3o da publica\u00e7\u00e3o no perfil do instagram do vice-governador e a aplica\u00e7\u00e3o de multa.<\/p>\n<p>&nbsp;<\/p>\n<p>No julgamento, o TRE-DF entendeu que o caso n\u00e3o se tratava de campanha antecipada, por n\u00e3o haver rela\u00e7\u00e3o com qualquer pleito.<\/p>\n<p>&nbsp;<\/p>\n<p>O presidente do PSB-DF, Rodrigo Dias, diz que o partido vai recorrer ao Tribunal Superior Eleitoral (TSE).<\/p>\n<p>&nbsp;<\/p>\n<figure id=\"attachment_388\" aria-describedby=\"caption-attachment-388\" style=\"width: 300px\" class=\"wp-caption aligncenter\"><img loading=\"lazy\" decoding=\"async\" class=\"size-medium wp-image-388\" src=\"https:\/\/blogs.correiobraziliense.com.br\/eixocapital\/wp-content\/uploads\/sites\/61\/2021\/12\/9C6FAA2C-4BE6-42F1-8FE2-475CCB7FF8E9-300x281.jpeg\" alt=\"\" width=\"300\" height=\"281\" \/><figcaption id=\"caption-attachment-388\" class=\"wp-caption-text\">Post nas redes do vice-governador do DF, Paco Britto<\/figcaption><\/figure>\n","protected":false},"excerpt":{"rendered":"<p>ANA MARIA CAMPOS O Tribunal Regional Eleitoral (TRE-DF) julgou improcedente a\u00e7\u00e3o movida pelo PSB contra o vice-governador Paco Britto (Avante) por suposta propaganda eleitoral antecipada irregular em raz\u00e3o do uso de boneco com as suas caracter\u00edsticas f\u00edsicas em evento realizado em setembro de 2021. &nbsp; Na pe\u00e7a inicial, o PSB requereu a apreens\u00e3o do boneco, com a proibi\u00e7\u00e3o de que [&hellip;]<\/p>\n","protected":false},"author":9,"featured_media":387,"comment_status":"open","ping_status":"open","sticky":false,"template":"","format":"standard","meta":{"footnotes":""},"categories":[1],"tags":[184,89,75,111,185],"class_list":["post-386","post","type-post","status-publish","format-standard","has-post-thumbnail","hentry","category-sem-categoria","tag-boneco","tag-paco-britto","tag-psb","tag-tre-df","tag-vice-governador"],"_links":{"self":[{"href":"https:\/\/blogs.correiobraziliense.com.br\/eixocapital\/wp-json\/wp\/v2\/posts\/386","targetHints":{"allow":["GET"]}}],"collection":[{"href":"https:\/\/blogs.correiobraziliense.com.br\/eixocapital\/wp-json\/wp\/v2\/posts"}],"about":[{"href":"https:\/\/blogs.correiobraziliense.com.br\/eixocapital\/wp-json\/wp\/v2\/types\/post"}],"author":[{"embeddable":true,"href":"https:\/\/blogs.correiobraziliense.com.br\/eixocapital\/wp-json\/wp\/v2\/users\/9"}],"replies":[{"embeddable":true,"href":"https:\/\/blogs.correiobraziliense.com.br\/eixocapital\/wp-json\/wp\/v2\/comments?post=386"}],"version-history":[{"count":2,"href":"https:\/\/blogs.correiobraziliense.com.br\/eixocapital\/wp-json\/wp\/v2\/posts\/386\/revisions"}],"predecessor-version":[{"id":390,"href":"https:\/\/blogs.correiobraziliense.com.br\/eixocapital\/wp-json\/wp\/v2\/posts\/386\/revisions\/390"}],"wp:featuredmedia":[{"embeddable":true,"href":"https:\/\/blogs.correiobraziliense.com.br\/eixocapital\/wp-json\/wp\/v2\/media\/387"}],"wp:attachment":[{"href":"https:\/\/blogs.correiobraziliense.com.br\/eixocapital\/wp-json\/wp\/v2\/media?parent=386"}],"wp:term":[{"taxonomy":"category","embeddable":true,"href":"https:\/\/blogs.correiobraziliense.com.br\/eixocapital\/wp-json\/wp\/v2\/categories?post=386"},{"taxonomy":"post_tag","embeddable":true,"href":"https:\/\/blogs.correiobraziliense.com.br\/eixocapital\/wp-json\/wp\/v2\/tags?post=386"}],"curies":[{"name":"wp","href":"https:\/\/api.w.org\/{rel}","templated":true}]}}