{"id":378,"date":"2021-12-03T07:25:46","date_gmt":"2021-12-03T10:25:46","guid":{"rendered":"https:\/\/blogs.correiobraziliense.com.br\/eixocapital\/?p=378"},"modified":"2021-12-03T07:25:46","modified_gmt":"2021-12-03T10:25:46","slug":"heloisa-helena-avalia-candidatura-de-deputada-federal-pelo-df","status":"publish","type":"post","link":"https:\/\/blogs.correiobraziliense.com.br\/eixocapital\/2021\/12\/03\/heloisa-helena-avalia-candidatura-de-deputada-federal-pelo-df\/","title":{"rendered":"Helo\u00edsa Helena avalia candidatura de deputada federal pelo DF"},"content":{"rendered":"<p><strong>Coluna Eixo Capital, por Ana Maria Campos<\/strong><\/p>\n<p>Porta-voz nacional feminina da Rede Sustentabilidade, a ex-senadora alagoana Helo\u00edsa Helena n\u00e3o descarta concorrer a um mandato de deputada federal pelo Distrito Federal. Desde o come\u00e7o do ano, ela mora em Bras\u00edlia \u2014 onde passou oito anos durante o mandato no Senado, entre 1995 e 2003. A estrat\u00e9gia do partido \u00e9 investir todo o esfor\u00e7o na elei\u00e7\u00e3o de deputados federais para tentar ultrapassar a cl\u00e1usula de barreira. Quest\u00e3o de sobreviv\u00eancia. Assim, uma das avalia\u00e7\u00f5es da Rede \u00e9 de que a ex-senadora, que foi candidata \u00e0 Presid\u00eancia da Rep\u00fablica, pode ter um bom desempenho em Bras\u00edlia. A decis\u00e3o, no entanto, fica para 2022, quando o TSE definir todas as regras sobre federa\u00e7\u00f5es de partidos.<\/p>\n<p><strong>Rede foca em Amap\u00e1 e Esp\u00edrito Santo<br \/>\n<\/strong>Helo\u00edsa Helena confirmou ontem, em entrevista ao <strong>Correio<\/strong>: uma candidatura pr\u00f3pria no DF ao Pal\u00e1cio do Buriti n\u00e3o est\u00e1 no radar do partido. Como a coluna apontou ontem, as prioridades s\u00e3o Amap\u00e1 e Esp\u00edrito Santo, conforme estabeleceu a c\u00fapula da Rede. A pr\u00e9-candidatura de Leandro Grass pela legenda de Marina Silva n\u00e3o deve prosperar. Mas ele tem conversado com outros partidos.<\/p>\n<h3>Magistrados participam de solenidade contra o racismo na C\u00e2mara<\/h3>\n<p>A Desembargadora Maria Ivat\u00f4nia e o juiz F\u00e1bio Esteves (TJDFT) participaram da sess\u00e3o solene em homenagem ao encerramento dos trabalhos da comiss\u00e3o de juristas de combate ao racismo e ao m\u00eas da consci\u00eancia negra na C\u00e2mara dos Deputados. No evento, estiveram com o advogado Cl\u00e1udio Lima, assessor parlamentar que sempre atua em benef\u00edcio de projetos relacionados ao Judici\u00e1rio do DF.<\/p>\n<p><strong> Card\u00e1pio pol\u00edtico<\/strong><br \/>\nIbaneis Rocha, Paulo Oct\u00e1vio e Cristovam Buarque t\u00eam almo\u00e7o hoje. A pauta \u00e9 uma homenagem que pretendem fazer ao arquiteto Ruy Ohtake. Mas, claro, que 2022 est\u00e1 logo ali.<\/p>\n<p><strong>Falta a posse<\/strong><br \/>\nQuando recebia os parab\u00e9ns pela aprova\u00e7\u00e3o de seu nome para o Tribunal de Contas do DF, Andr\u00e9 Clemente dizia ontem:<br \/>\n\u201cFalta a posse\u201d. At\u00e9 se sentar na cadeira de conselheiro, ele precisa enfrentar os obst\u00e1culos jur\u00eddicos.<\/p>\n<p><strong>Bra\u00e7o direito deve assumir<br \/>\n<\/strong>Com a aprova\u00e7\u00e3o de Andr\u00e9 Clemente para o cargo de conselheiro do Tribunal de Contas do DF, o secret\u00e1rio-executivo de Or\u00e7amento da Secretaria de Economia do DF, Jos\u00e9 Itamar Feitosa, deve assumir o comando das finan\u00e7as do DF. Auditor de controle interno do DF, Feitosa \u00e9 o nome escolhido por Clemente para ser nomeado secret\u00e1rio de Economia pelo governador Ibaneis Rocha (MDB), dando continuidade ao trabalho desempenhado nos \u00faltimos tr\u00eas anos.<\/p>\n<p><strong>Roqueiro<br \/>\n<\/strong>Al\u00e9m de ser especialista em or\u00e7amento, Jos\u00e9 Itamar Feitosa \u00e9 roqueiro. Ele \u00e9 baixista da Banda Ctrl Shift N.<\/p>\n","protected":false},"excerpt":{"rendered":"<p>A estrat\u00e9gia do partido \u00e9 investir todo o esfor\u00e7o na elei\u00e7\u00e3o de deputados federais para tentar ultrapassar a cl\u00e1usula de barreira<\/p>\n","protected":false},"author":9,"featured_media":379,"comment_status":"open","ping_status":"open","sticky":false,"template":"","format":"standard","meta":{"footnotes":""},"categories":[1],"tags":[29,179,180,64],"class_list":["post-378","post","type-post","status-publish","format-standard","has-post-thumbnail","hentry","category-sem-categoria","tag-eleicoes-2022","tag-heloisa-helena","tag-racismo","tag-tjdft"],"_links":{"self":[{"href":"https:\/\/blogs.correiobraziliense.com.br\/eixocapital\/wp-json\/wp\/v2\/posts\/378","targetHints":{"allow":["GET"]}}],"collection":[{"href":"https:\/\/blogs.correiobraziliense.com.br\/eixocapital\/wp-json\/wp\/v2\/posts"}],"about":[{"href":"https:\/\/blogs.correiobraziliense.com.br\/eixocapital\/wp-json\/wp\/v2\/types\/post"}],"author":[{"embeddable":true,"href":"https:\/\/blogs.correiobraziliense.com.br\/eixocapital\/wp-json\/wp\/v2\/users\/9"}],"replies":[{"embeddable":true,"href":"https:\/\/blogs.correiobraziliense.com.br\/eixocapital\/wp-json\/wp\/v2\/comments?post=378"}],"version-history":[{"count":1,"href":"https:\/\/blogs.correiobraziliense.com.br\/eixocapital\/wp-json\/wp\/v2\/posts\/378\/revisions"}],"predecessor-version":[{"id":380,"href":"https:\/\/blogs.correiobraziliense.com.br\/eixocapital\/wp-json\/wp\/v2\/posts\/378\/revisions\/380"}],"wp:featuredmedia":[{"embeddable":true,"href":"https:\/\/blogs.correiobraziliense.com.br\/eixocapital\/wp-json\/wp\/v2\/media\/379"}],"wp:attachment":[{"href":"https:\/\/blogs.correiobraziliense.com.br\/eixocapital\/wp-json\/wp\/v2\/media?parent=378"}],"wp:term":[{"taxonomy":"category","embeddable":true,"href":"https:\/\/blogs.correiobraziliense.com.br\/eixocapital\/wp-json\/wp\/v2\/categories?post=378"},{"taxonomy":"post_tag","embeddable":true,"href":"https:\/\/blogs.correiobraziliense.com.br\/eixocapital\/wp-json\/wp\/v2\/tags?post=378"}],"curies":[{"name":"wp","href":"https:\/\/api.w.org\/{rel}","templated":true}]}}