{"id":375,"date":"2021-12-03T00:11:32","date_gmt":"2021-12-03T03:11:32","guid":{"rendered":"https:\/\/blogs.correiobraziliense.com.br\/eixocapital\/?p=375"},"modified":"2021-12-03T00:11:32","modified_gmt":"2021-12-03T03:11:32","slug":"justica-suspense-nomeacao-de-andre-clemente-para-o-tcdf","status":"publish","type":"post","link":"https:\/\/blogs.correiobraziliense.com.br\/eixocapital\/2021\/12\/03\/justica-suspense-nomeacao-de-andre-clemente-para-o-tcdf\/","title":{"rendered":"Justi\u00e7a suspense nomea\u00e7\u00e3o de Andr\u00e9 Clemente para o TCDF"},"content":{"rendered":"<h4>ANA MARIA CAMPOS<\/h4>\n<p>O desembargador Alfeu Gonzaga Machado, do Tribunal de Justi\u00e7a do Distrito Federal e Territ\u00f3rios (TJDFT), concedeu a liminar requerida pela Associa\u00e7\u00e3o Nacional dos Auditores (Conselheiros Substitutos) dos Tribunais de Contas para sustar qualquer ato relacionado \u00e0 nomea\u00e7\u00e3o de conselheiro do Tribunal de Contas do DF sem respeito \u00e0 reserva do cargo para auditores de carreira.<\/p>\n<p class=\"p1\"><span class=\"s1\"><br \/>\nNa pr\u00e1tica, significa que est\u00e1 suspensa a nomea\u00e7\u00e3o do secret\u00e1rio de Economia do DF, Andr\u00e9 Clemente, para a vaga aberta com a aposentadoria do conselheiro Paiva Martins. A indica\u00e7\u00e3o do governador Ibaneis Rocha (MDB) foi aprovada nesta quinta-feira (02\/12) pela C\u00e2mara Legislativa.<\/span><\/p>\n<p>&nbsp;<\/p>\n<p class=\"p1\"><span class=\"s1\">Foram 19 votos favor\u00e1veis, um contr\u00e1rio, do deputado Leandro Grass (Rede), e uma absten\u00e7\u00e3o, de F\u00e1bio F\u00e9lix (PSol), depois da sabatina na Comiss\u00e3o de Economia, Or\u00e7amento e Finan\u00e7as (CEOF) da C\u00e2mara Legislativa.<\/span><\/p>\n<p>&nbsp;<\/p>\n<p class=\"p1\"><span class=\"s1\">O desembargador Alfeu Gonzaga Machado considerou necess\u00e1rio impedir qualquer ato neste momento por liminar, para <\/span><span class=\"s2\">\u201c<\/span><span class=\"s1\">balizar a institucionalidade da composi\u00e7\u00e3o da Corte de Contas do Distrito Federal\u201d.<\/span><\/p>\n<p>&nbsp;<\/p>\n<p class=\"p1\"><span class=\"s1\">No despacho, o magistrado determinou ao governador Ibaneis Rocha, ao presidente da C\u00e2mara Legislativa, Rafael Prudente (MDB), e ao Presidente do Tribunal de Contas do Distrito Federal, Paulo Tadeu, que se abstenham de promover quaisquer atos de indica\u00e7\u00e3o, aprova\u00e7\u00e3o, nomea\u00e7\u00e3o e posse de pessoa estranha \u00e0 carreira de Conselheiro Substituto (Auditor) do TCDF na fun\u00e7\u00e3o de conselheiro do TCDF para a vaga oriunda da aposentadoria do Conselheiro Jos\u00e9 Roberto de Paiva Martins.<\/span><\/p>\n<p>&nbsp;<\/p>\n<p class=\"p1\">A liminar foi deferida \u00e0s 22h12 desta quinta-feira, cerca de cinco horas depois da aprova\u00e7\u00e3o da indica\u00e7\u00e3o de Clemente pela C\u00e2mara Legislativa.<\/p>\n<p>&nbsp;<\/p>\n<p>Ibaneis deve recorrer ao Superior Tribunal de Justi\u00e7a (STJ) para garantir a nomea\u00e7\u00e3o e a posse de Clemente.<\/p>\n","protected":false},"excerpt":{"rendered":"<p>ANA MARIA CAMPOS O desembargador Alfeu Gonzaga Machado, do Tribunal de Justi\u00e7a do Distrito Federal e Territ\u00f3rios (TJDFT), concedeu a liminar requerida pela Associa\u00e7\u00e3o Nacional dos Auditores (Conselheiros Substitutos) dos Tribunais de Contas para sustar qualquer ato relacionado \u00e0 nomea\u00e7\u00e3o de conselheiro do Tribunal de Contas do DF sem respeito \u00e0 reserva do cargo para auditores de carreira. Na pr\u00e1tica, [&hellip;]<\/p>\n","protected":false},"author":9,"featured_media":376,"comment_status":"open","ping_status":"open","sticky":false,"template":"","format":"standard","meta":{"footnotes":""},"categories":[1],"tags":[177,150,174,173,53,178,146,3,64],"class_list":["post-375","post","type-post","status-publish","format-standard","has-post-thumbnail","hentry","category-sem-categoria","tag-alfeu-gonzaga-neiva","tag-andre-clemente","tag-auditores","tag-conselheiro","tag-ibaneis-rocha","tag-liminar","tag-paulo-tadeu","tag-tcdf","tag-tjdft"],"_links":{"self":[{"href":"https:\/\/blogs.correiobraziliense.com.br\/eixocapital\/wp-json\/wp\/v2\/posts\/375","targetHints":{"allow":["GET"]}}],"collection":[{"href":"https:\/\/blogs.correiobraziliense.com.br\/eixocapital\/wp-json\/wp\/v2\/posts"}],"about":[{"href":"https:\/\/blogs.correiobraziliense.com.br\/eixocapital\/wp-json\/wp\/v2\/types\/post"}],"author":[{"embeddable":true,"href":"https:\/\/blogs.correiobraziliense.com.br\/eixocapital\/wp-json\/wp\/v2\/users\/9"}],"replies":[{"embeddable":true,"href":"https:\/\/blogs.correiobraziliense.com.br\/eixocapital\/wp-json\/wp\/v2\/comments?post=375"}],"version-history":[{"count":1,"href":"https:\/\/blogs.correiobraziliense.com.br\/eixocapital\/wp-json\/wp\/v2\/posts\/375\/revisions"}],"predecessor-version":[{"id":377,"href":"https:\/\/blogs.correiobraziliense.com.br\/eixocapital\/wp-json\/wp\/v2\/posts\/375\/revisions\/377"}],"wp:featuredmedia":[{"embeddable":true,"href":"https:\/\/blogs.correiobraziliense.com.br\/eixocapital\/wp-json\/wp\/v2\/media\/376"}],"wp:attachment":[{"href":"https:\/\/blogs.correiobraziliense.com.br\/eixocapital\/wp-json\/wp\/v2\/media?parent=375"}],"wp:term":[{"taxonomy":"category","embeddable":true,"href":"https:\/\/blogs.correiobraziliense.com.br\/eixocapital\/wp-json\/wp\/v2\/categories?post=375"},{"taxonomy":"post_tag","embeddable":true,"href":"https:\/\/blogs.correiobraziliense.com.br\/eixocapital\/wp-json\/wp\/v2\/tags?post=375"}],"curies":[{"name":"wp","href":"https:\/\/api.w.org\/{rel}","templated":true}]}}