{"id":357,"date":"2021-12-02T11:51:15","date_gmt":"2021-12-02T14:51:15","guid":{"rendered":"https:\/\/blogs.correiobraziliense.com.br\/eixocapital\/?p=357"},"modified":"2021-12-02T16:59:54","modified_gmt":"2021-12-02T19:59:54","slug":"cenas-da-vida-privada-mulher-aparece-no-colo-de-desembargador-em-sessao-online","status":"publish","type":"post","link":"https:\/\/blogs.correiobraziliense.com.br\/eixocapital\/2021\/12\/02\/cenas-da-vida-privada-mulher-aparece-no-colo-de-desembargador-em-sessao-online\/","title":{"rendered":"Cenas da vida privada: mulher aparece no colo de desembargador em sess\u00e3o online"},"content":{"rendered":"<p>A vida depois da pandemia com o homeoffice, as videoconfer\u00eancias e sess\u00f5es online tem provocado cenas inusitadas da exposi\u00e7\u00e3o da intimidade das pessoas.<\/p>\n<p>&nbsp;<\/p>\n<p>No Tribunal de Justi\u00e7a do Distrito Federal e Territ\u00f3rios (TJDFT), uma cena ontem (01\/12) despertou curiosidade e muitos coment\u00e1rios nas redes sociais.<\/p>\n<p>&nbsp;<\/p>\n<p>Durante sess\u00e3o da 2\u00aa Turma C\u00edvel, uma mulher aparece ao lado do desembargador Jo\u00e3o Egmont. Ela chega, se senta no colo do magistrado e se levanta. Tudo registrado pela c\u00e2mera do pr\u00f3prio desembargador.<\/p>\n<p>&nbsp;<\/p>\n<p>A imagem dura poucos segundos, durante uma sess\u00e3o de quase quatro horas. Mesmo assim, circulou no WhatsApp de v\u00e1rios advogados, ju\u00edzes e promotores de Justi\u00e7a. Muitos queriam saber quem era a loira no colo do desembargador.<\/p>\n<p>&nbsp;<\/p>\n<p>O Tribunal de Justi\u00e7a do DF explicou, tamb\u00e9m pelas redes sociais: \u201cO @TJDFToficial esclarece que, em contato com o Desembargador Jo\u00e3o Egmont, foi apurado que a pessoa na tela durante a sess\u00e3o da 2\u00aa Turma C\u00edvel, neste 1\u00ba\/12, na resid\u00eancia do magistrado, \u00e9 sua esposa, que n\u00e3o \u00e9 servidora do TJDFT. O fato n\u00e3o gerou preju\u00edzo aos trabalhos da sess\u00e3o\u201d.<\/p>\n<p>&nbsp;<\/p>\n<p>N\u00e3o \u00e9 a primeira imagem fora da liturgia das sess\u00f5es de tribunais.<\/p>\n<p>&nbsp;<\/p>\n<p>Um epis\u00f3dio: ocorrido no ano passado, tamb\u00e9m repercutiu nas redes sociais: o ent\u00e3o ministro N\u00e9fi Cordeiro, do STJ \u2014 hoje aposentado \u2014 apareceu de cueca numa sess\u00e3o, vestido formalmente apenas da cintura para cima.<\/p>\n<p>&nbsp;<\/p>\n<p>Veja o v\u00eddeo da sess\u00e3o no TJDFT:<\/p>\n<p><iframe loading=\"lazy\" frameborder=\"0\" width=\"1440\" height=\"815\" src=\"https:\/\/www.dailymotion.com\/embed\/video\/x860h2u\" allowfullscreen allow=\"autoplay\"><\/iframe><\/p>\n<p>&nbsp;<\/p>\n","protected":false},"excerpt":{"rendered":"<p>A vida depois da pandemia com o homeoffice, as videoconfer\u00eancias e sess\u00f5es online tem provocado cenas inusitadas da exposi\u00e7\u00e3o da intimidade das pessoas. &nbsp; No Tribunal de Justi\u00e7a do Distrito Federal e Territ\u00f3rios (TJDFT), uma cena ontem (01\/12) despertou curiosidade e muitos coment\u00e1rios nas redes sociais. &nbsp; Durante sess\u00e3o da 2\u00aa Turma C\u00edvel, uma mulher aparece ao lado do desembargador [&hellip;]<\/p>\n","protected":false},"author":9,"featured_media":358,"comment_status":"open","ping_status":"open","sticky":false,"template":"","format":"standard","meta":{"footnotes":""},"categories":[1],"tags":[170,172,171,169,64],"class_list":["post-357","post","type-post","status-publish","format-standard","has-post-thumbnail","hentry","category-sem-categoria","tag-desembargador-joao-egmont","tag-esposa","tag-mulher-no-colo","tag-sessao-on-line","tag-tjdft"],"_links":{"self":[{"href":"https:\/\/blogs.correiobraziliense.com.br\/eixocapital\/wp-json\/wp\/v2\/posts\/357","targetHints":{"allow":["GET"]}}],"collection":[{"href":"https:\/\/blogs.correiobraziliense.com.br\/eixocapital\/wp-json\/wp\/v2\/posts"}],"about":[{"href":"https:\/\/blogs.correiobraziliense.com.br\/eixocapital\/wp-json\/wp\/v2\/types\/post"}],"author":[{"embeddable":true,"href":"https:\/\/blogs.correiobraziliense.com.br\/eixocapital\/wp-json\/wp\/v2\/users\/9"}],"replies":[{"embeddable":true,"href":"https:\/\/blogs.correiobraziliense.com.br\/eixocapital\/wp-json\/wp\/v2\/comments?post=357"}],"version-history":[{"count":5,"href":"https:\/\/blogs.correiobraziliense.com.br\/eixocapital\/wp-json\/wp\/v2\/posts\/357\/revisions"}],"predecessor-version":[{"id":363,"href":"https:\/\/blogs.correiobraziliense.com.br\/eixocapital\/wp-json\/wp\/v2\/posts\/357\/revisions\/363"}],"wp:featuredmedia":[{"embeddable":true,"href":"https:\/\/blogs.correiobraziliense.com.br\/eixocapital\/wp-json\/wp\/v2\/media\/358"}],"wp:attachment":[{"href":"https:\/\/blogs.correiobraziliense.com.br\/eixocapital\/wp-json\/wp\/v2\/media?parent=357"}],"wp:term":[{"taxonomy":"category","embeddable":true,"href":"https:\/\/blogs.correiobraziliense.com.br\/eixocapital\/wp-json\/wp\/v2\/categories?post=357"},{"taxonomy":"post_tag","embeddable":true,"href":"https:\/\/blogs.correiobraziliense.com.br\/eixocapital\/wp-json\/wp\/v2\/tags?post=357"}],"curies":[{"name":"wp","href":"https:\/\/api.w.org\/{rel}","templated":true}]}}